{"id":5335,"date":"2020-05-27T08:42:23","date_gmt":"2020-05-27T06:42:23","guid":{"rendered":"http:\/\/agora.xtec.cat\/iesjoanbrudieu\/?p=5335"},"modified":"2020-07-06T18:08:47","modified_gmt":"2020-07-06T16:08:47","slug":"dates-de-confirmacions-de-matricula-interna-per-a-tots-els-estudis-eso-btx-cfm-cfs","status":"publish","type":"post","link":"https:\/\/agora.xtec.cat\/iesjoanbrudieu\/general\/dates-de-confirmacions-de-matricula-interna-per-a-tots-els-estudis-eso-btx-cfm-cfs\/","title":{"rendered":"Dates de confirmacions de matr\u00edcula interna per a tots els estudis (ESO &#8211; BTX &#8211; CFM &#8211; CFS)"},"content":{"rendered":"<p>Us informem de les condicions i les dates del per\u00edode de <strong>confirmaci\u00f3 de matriculaci\u00f3 interna<\/strong> per a l\u2019alumnat que actualment est\u00e0 cursant estudis <strong>d&#8217;ESO, BTX, CFM i CFS<\/strong> a l&#8217;Institut Joan Brudieu. \u00c9s un proc\u00e9s en qu\u00e8 cal confirmar la continu\u00eftat de l\u2019alumnat a l\u2019Institut realitzant el mateix nivell d&#8217;estudis, independentment dels resultats de les avaluacions finals. M\u00e9s informaci\u00f3 a Men\u00fa &gt; Secretaria &gt; Preinscripci\u00f3 i Matr\u00edcula: impresos i instruccions, de la nostra p\u00e0gina web (<a href=\"https:\/\/agora.xtec.cat\/iesjoanbrudieu\/secretaria\/preins-mat-impresos\/\" target=\"_blank\" rel=\"noopener noreferrer\">enlla\u00e7 directe<\/a>).<\/p>\n<ul>\n<li><span style=\"color: #ff0000;\"><strong>ESO<\/strong><\/span>: Alumnat que estudia 1r ESO, 2n ESO i 3r ESO i que promocionar\u00e0 a 2n ESO, 3r ESO i 4t ESO, independentment dels resultats finals:\n<ul>\n<li>del <strong>4 a l&#8217;11 de juny<\/strong><\/li>\n<li>Cartes informatives que informen de les condicions i les dates per a les <strong>confirmacions de matr\u00edcules<\/strong> dels <strong>estudis obligatoris [ESO]<\/strong> (curs <strong>2020-21<\/strong>)\n<ul>\n<li>Per a <a href=\"http:\/\/institutjoanbrudieu.cat\/public\/web_centre\/html\/documents\/secretaria\/preins\/20_Matricula_S2_INS.pdf\" target=\"_blank\" rel=\"noopener noreferrer\">2n ESO<\/a><\/li>\n<li>Per a <a href=\"http:\/\/institutjoanbrudieu.cat\/public\/web_centre\/html\/documents\/secretaria\/preins\/20_Matricula_S3_INS.pdf\" target=\"_blank\" rel=\"noopener noreferrer\">3r ESO<\/a><\/li>\n<li>Per a <a href=\"http:\/\/institutjoanbrudieu.cat\/public\/web_centre\/html\/documents\/secretaria\/preins\/20_Matricula_S4_INS.pdf\" target=\"_blank\" rel=\"noopener noreferrer\">4t ESO<\/a><\/li>\n<\/ul>\n<\/li>\n<\/ul>\n<\/li>\n<li><span style=\"color: #ff0000;\"><strong>ESO<\/strong><\/span>: Alumnat de 4t ESO que, despr\u00e9s dels resultats finals, ha de repetir 4t ESO:\n<ul>\n<li>del <strong>26 de juny al 3 de juliol<\/strong><\/li>\n<li>Carta informativa que informa de les condicions i les dates per a la <strong>confirmaci\u00f3 de matr\u00edcula<\/strong> per a <strong>repetir 4t ESO<\/strong> (curs <strong>2020-21<\/strong>)\n<ul>\n<li>Per a\u00a0<a href=\"http:\/\/institutjoanbrudieu.cat\/public\/web_centre\/html\/documents\/secretaria\/preins\/20_Matricula_S4_INS_repetidors.pdf\" target=\"_blank\" rel=\"noopener noreferrer\">Repetidors 4t ESO<\/a><\/li>\n<\/ul>\n<\/li>\n<\/ul>\n<\/li>\n<li><span style=\"color: #ff0000;\"><strong>ESO<\/strong><\/span>: Alumnat de 4t ESO de l&#8217;Institut que aprova l&#8217;ESO i que <strong>ha de matricular-se a BTX, a CFM i\/o a IFE<\/strong>:\n<ul>\n<li>Ha de tenir en compte les dates oficials de matr\u00edcula per a aquestes noves etapes:\n<ul>\n<li>Per a <strong>1r BTX<\/strong>: <strong>del 8 al 14 de juliol<\/strong><\/li>\n<li>Per a <strong>1r CFM<\/strong>: <strong>de l&#8217;1 al 7 de setembre<\/strong><\/li>\n<li>Per a <strong>1r IFE<\/strong>: <strong>del 20 al 24 de juliol<\/strong><\/li>\n<\/ul>\n<\/li>\n<li>M\u00e9s endavant es publicaran les instruccions de matr\u00edcula.<\/li>\n<\/ul>\n<\/li>\n<li><span style=\"color: #ff0000;\"><strong>BTX<\/strong><\/span>: Alumnat que ja est\u00e0 cursant batxillerat a l&#8217;Institut. Cartes que informen de les condicions i les dates per a les <strong>confirmacions de matr\u00edcules<\/strong><strong> i\/o reserva de pla\u00e7a per al setembre<\/strong> dels <strong>estudis postobligatoris [BTX] <\/strong>(curs <strong>2020-21<\/strong>)\n<ul>\n<li>Per a <a href=\"http:\/\/institutjoanbrudieu.cat\/public\/web_centre\/html\/documents\/secretaria\/preins\/20_Matricula_B2_INS.pdf\" target=\"_blank\" rel=\"noopener noreferrer\">2n BTX<\/a>: del <strong>26 de juny al 3 de juliol<\/strong>.\n<ul>\n<li>Alumnat de <strong>B1<\/strong> que promociona a B2 perqu\u00e8 ha superat totes les mat\u00e8ries cursades<\/li>\n<li>Alumnat de <strong>B1<\/strong> que t\u00e9 suspeses dues mat\u00e8ries com a m\u00e0xim a la convocat\u00f2ria ordin\u00e0ria de juny i que promociona a B2<\/li>\n<li>Alumnat de <strong>B1<\/strong> que t\u00e9 suspeses tres mat\u00e8ries o m\u00e9s a la convocat\u00f2ria ordin\u00e0ria de juny ha de fer <strong><u>CONFIRMACI\u00d3 DE PLA\u00c7A<\/u><\/strong><\/li>\n<\/ul>\n<\/li>\n<li>Per a\u00a0<a href=\"http:\/\/institutjoanbrudieu.cat\/public\/web_centre\/html\/documents\/secretaria\/preins\/20_Matricula_B2_INS_repetidors.pdf\" target=\"_blank\" rel=\"noopener noreferrer\">Repetidors 2n BTX<\/a>: del <strong>18 al 23 de jun<\/strong>y.\n<ul>\n<li>Alumnat de <strong>B2<\/strong> que <strong>NO<\/strong> titula perqu\u00e8 t\u00e9 mat\u00e8ries pendents a la convocat\u00f2ria extraordin\u00e0ria de juny i ha de repetir B2, amb mat\u00e8ries soltes<\/li>\n<\/ul>\n<\/li>\n<\/ul>\n<\/li>\n<li><strong><span style=\"color: #ff0000;\">CFM<\/span>:<\/strong> Alumnat que ja est\u00e0 cursant CFM a l&#8217;Institut. Cartes que informen de les condicions i les dates per a les <strong>confirmacions de matr\u00edcules<\/strong> dels <strong>estudis postobligatoris [CFM] <\/strong>(curs <strong>2020-21<\/strong>)\n<ul>\n<li>Per a <a href=\"http:\/\/institutjoanbrudieu.cat\/public\/web_centre\/html\/documents\/secretaria\/preins\/20_Matricula_CFM_INS.pdf\" target=\"_blank\" rel=\"noopener noreferrer\">2n de <strong>CFM (Grau Mitj\u00e0)<\/strong> o per a repetici\u00f3 de 1r de <strong>CFM<\/strong><\/a>:<strong> del 12 al 19 de juny<br \/>\n<\/strong><\/p>\n<ul>\n<li>Alumnat de CFM (Grau Mitj\u00e0) <u>que continua a CFM<\/u>, ja sigui a 1r o a 2n<\/li>\n<\/ul>\n<\/li>\n<\/ul>\n<\/li>\n<li><span style=\"color: #ff0000;\"><strong>CFM<\/strong><\/span>: Alumnat de CFM de l&#8217;Institut que aprova CFM i que <strong>ha de matricular-se a CFS<\/strong>:\n<ul>\n<li>Ha de tenir en compte les dates oficials de matr\u00edcula per a aquestes noves etapes:\n<ul>\n<li>Per a <strong>1r CFS<\/strong>: <strong>de l&#8217;1 al 7 de setembre<\/strong><\/li>\n<\/ul>\n<\/li>\n<li>M\u00e9s endavant es publicaran les instruccions de matr\u00edcula.<\/li>\n<\/ul>\n<\/li>\n<li><strong><span style=\"color: #ff0000;\">CFS<\/span>:<\/strong> Alumnat que ja est\u00e0 cursant CFS a l&#8217;Institut. Cartes que informen de les condicions i les dates per a les <strong>confirmacions de matr\u00edcules<\/strong> dels <strong>estudis postobligatoris [CFSM] <\/strong>(curs <strong>2020-21<\/strong>)\n<ul>\n<li>Per a <a href=\"http:\/\/institutjoanbrudieu.cat\/public\/web_centre\/html\/documents\/secretaria\/preins\/20_Matricula_CFS_INS.pdf\" target=\"_blank\" rel=\"noopener noreferrer\">2n de <strong>CFS (Grau Superior)<\/strong> o per a repetici\u00f3 de 1r de <strong>CFS<\/strong><\/a><strong>: <\/strong><strong>del 12 al 19 de juny<\/strong>\n<ul>\n<li>Alumnat de CFS (Grau Superior) <u>que continua a CFS<\/u>, ja sigui a 1r o a 2n<\/li>\n<\/ul>\n<\/li>\n<\/ul>\n<\/li>\n<li><span style=\"color: #ff0000;\"><strong>Documentaci\u00f3 general<\/strong> per a tots els cursos<\/span>\n<ul>\n<li>Informaci\u00f3 per a <a href=\"http:\/\/institutjoanbrudieu.cat\/public\/web_centre\/html\/documents\/secretaria\/preins\/20_Taquilles_alumnat.pdf\" target=\"_blank\" rel=\"noopener noreferrer\">Lloguer de taquilles<\/a><\/li>\n<li><a href=\"http:\/\/institutjoanbrudieu.cat\/public\/web_centre\/html\/documents\/secretaria\/fulls\/D-PR-C0102-040_INS_Dades_Matricula_Alumnat_NOU.pdf\" target=\"_blank\" rel=\"noopener noreferrer\">Full de dades obligat\u00f2ries per a ALEXIA i TokApp school <\/a>(PDF emplenable).<\/li>\n<li><strong>AMPA<\/strong>: <a href=\"http:\/\/institutjoanbrudieu.cat\/public\/web_centre\/html\/documents\/secretaria\/preins\/20_AMPA_Informacio_soci_i_samarreta.pdf\" target=\"_blank\" rel=\"noopener noreferrer\">informaci\u00f3 per a la inscripci\u00f3 i la compra de samarretes i dessuadores<\/a><\/li>\n<li><strong>AMPA<\/strong>: <a href=\"http:\/\/institutjoanbrudieu.cat\/public\/web_centre\/html\/documents\/secretaria\/preins\/20_AMPA_Registre_soci_i_LOPD.pdf\" target=\"_blank\" rel=\"noopener noreferrer\">Autoritzaci\u00f3 expressa de dades<\/a><\/li>\n<\/ul>\n<\/li>\n<\/ul>\n<p><a href=\"http:\/\/institutjoanbrudieu.cat\/public\/web_centre\/html\/img\/20_Calendari_Preinscripcio_Matricula_WEB_03.jpg\" target=\"_blank\" rel=\"noopener noreferrer\"><img decoding=\"async\" class=\"aligncenter\" src=\"http:\/\/institutjoanbrudieu.cat\/public\/web_centre\/html\/img\/20_Calendari_Preinscripcio_Matricula_WEB_03.jpg\" alt=\"Calendari Preinscripcio i Matricula\" width=\"800\" border=\"0\" \/><\/a><\/p>\n","protected":false},"excerpt":{"rendered":"<p>Us informem de les condicions i les dates del per\u00edode de confirmaci\u00f3 de matriculaci\u00f3 interna per a l\u2019alumnat que actualment est\u00e0 cursant estudis d&#8217;ESO, BTX, CFM i CFS a l&#8217;Institut Joan Brudieu. \u00c9s un proc\u00e9s en qu\u00e8 cal confirmar la continu\u00eftat de l\u2019alumnat a l\u2019Institut realitzant el mateix nivell d&#8217;estudis, independentment dels resultats de les [&hellip;]<\/p>\n","protected":false},"author":1,"featured_media":2813,"comment_status":"closed","ping_status":"closed","sticky":false,"template":"","format":"standard","meta":{"_bbp_topic_count":0,"_bbp_reply_count":0,"_bbp_total_topic_count":0,"_bbp_total_reply_count":0,"_bbp_voice_count":0,"_bbp_anonymous_reply_count":0,"_bbp_topic_count_hidden":0,"_bbp_reply_count_hidden":0,"_bbp_forum_subforum_count":0,"site-sidebar-layout":"default","site-content-layout":"","ast-site-content-layout":"","site-content-style":"default","site-sidebar-style":"default","ast-global-header-display":"","ast-banner-title-visibility":"","ast-main-header-display":"","ast-hfb-above-header-display":"","ast-hfb-below-header-display":"","ast-hfb-mobile-header-display":"","site-post-title":"","ast-breadcrumbs-content":"","ast-featured-img":"","footer-sml-layout":"","theme-transparent-header-meta":"","adv-header-id-meta":"","stick-header-meta":"","header-above-stick-meta":"","header-main-stick-meta":"","header-below-stick-meta":"","astra-migrate-meta-layouts":"default","ast-page-background-enabled":"default","ast-page-background-meta":{"desktop":{"background-color":"var(--ast-global-color-4)","background-image":"","background-repeat":"repeat","background-position":"center center","background-size":"auto","background-attachment":"scroll","background-type":"","background-media":"","overlay-type":"","overlay-color":"","overlay-opacity":"","overlay-gradient":""},"tablet":{"background-color":"","background-image":"","background-repeat":"repeat","background-position":"center center","background-size":"auto","background-attachment":"scroll","background-type":"","background-media":"","overlay-type":"","overlay-color":"","overlay-opacity":"","overlay-gradient":""},"mobile":{"background-color":"","background-image":"","background-repeat":"repeat","background-position":"center center","background-size":"auto","background-attachment":"scroll","background-type":"","background-media":"","overlay-type":"","overlay-color":"","overlay-opacity":"","overlay-gradient":""}},"ast-content-background-meta":{"desktop":{"background-color":"var(--ast-global-color-5)","background-image":"","background-repeat":"repeat","background-position":"center center","background-size":"auto","background-attachment":"scroll","background-type":"","background-media":"","overlay-type":"","overlay-color":"","overlay-opacity":"","overlay-gradient":""},"tablet":{"background-color":"var(--ast-global-color-5)","background-image":"","background-repeat":"repeat","background-position":"center center","background-size":"auto","background-attachment":"scroll","background-type":"","background-media":"","overlay-type":"","overlay-color":"","overlay-opacity":"","overlay-gradient":""},"mobile":{"background-color":"var(--ast-global-color-5)","background-image":"","background-repeat":"repeat","background-position":"center center","background-size":"auto","background-attachment":"scroll","background-type":"","background-media":"","overlay-type":"","overlay-color":"","overlay-opacity":"","overlay-gradient":""}},"footnotes":""},"categories":[1,29],"tags":[],"class_list":["post-5335","post","type-post","status-publish","format-standard","has-post-thumbnail","hentry","category-general","category-portada"],"post_mailing_queue_ids":[],"_links":{"self":[{"href":"https:\/\/agora.xtec.cat\/iesjoanbrudieu\/wp-json\/wp\/v2\/posts\/5335","targetHints":{"allow":["GET"]}}],"collection":[{"href":"https:\/\/agora.xtec.cat\/iesjoanbrudieu\/wp-json\/wp\/v2\/posts"}],"about":[{"href":"https:\/\/agora.xtec.cat\/iesjoanbrudieu\/wp-json\/wp\/v2\/types\/post"}],"author":[{"embeddable":true,"href":"https:\/\/agora.xtec.cat\/iesjoanbrudieu\/wp-json\/wp\/v2\/users\/1"}],"replies":[{"embeddable":true,"href":"https:\/\/agora.xtec.cat\/iesjoanbrudieu\/wp-json\/wp\/v2\/comments?post=5335"}],"version-history":[{"count":3,"href":"https:\/\/agora.xtec.cat\/iesjoanbrudieu\/wp-json\/wp\/v2\/posts\/5335\/revisions"}],"predecessor-version":[{"id":5405,"href":"https:\/\/agora.xtec.cat\/iesjoanbrudieu\/wp-json\/wp\/v2\/posts\/5335\/revisions\/5405"}],"wp:featuredmedia":[{"embeddable":true,"href":"https:\/\/agora.xtec.cat\/iesjoanbrudieu\/wp-json\/wp\/v2\/media\/2813"}],"wp:attachment":[{"href":"https:\/\/agora.xtec.cat\/iesjoanbrudieu\/wp-json\/wp\/v2\/media?parent=5335"}],"wp:term":[{"taxonomy":"category","embeddable":true,"href":"https:\/\/agora.xtec.cat\/iesjoanbrudieu\/wp-json\/wp\/v2\/categories?post=5335"},{"taxonomy":"post_tag","embeddable":true,"href":"https:\/\/agora.xtec.cat\/iesjoanbrudieu\/wp-json\/wp\/v2\/tags?post=5335"}],"curies":[{"name":"wp","href":"https:\/\/api.w.org\/{rel}","templated":true}]}}