{"id":5188,"date":"2020-04-24T13:43:45","date_gmt":"2020-04-24T11:43:45","guid":{"rendered":"http:\/\/agora.xtec.cat\/iesjoanbrudieu\/?p=5188"},"modified":"2022-02-05T14:23:08","modified_gmt":"2022-02-05T13:23:08","slug":"nou-calendari-de-pau-i-pap-2020-24-abril-2020","status":"publish","type":"post","link":"https:\/\/agora.xtec.cat\/iesjoanbrudieu\/general\/nou-calendari-de-pau-i-pap-2020-24-abril-2020\/","title":{"rendered":"Nou calendari de PAU i PAP 2020 [24 abril 2020]"},"content":{"rendered":"<p>El Govern i les universitats de Catalunya han acordat, en el marc del Consell Interuniversitari de Catalunya (CIC), les noves dates de celebraci\u00f3 de les diferents proves d&#8217;acc\u00e9s a la universitat, en la seva convocat\u00f2ria ordin\u00e0ria.<\/p>\n<p>L&#8217;ajornament generalitzat del calendari es pren davant l&#8217;actual situaci\u00f3 excepcional d&#8217;emerg\u00e8ncia sanit\u00e0ria, per tal de minimitzar el risc de contagi per coronavirus COVID-19 entre la poblaci\u00f3. <strong>En aquest sentit, cal subratllar que el calendari aprovat queda supeditat a possibles noves mesures que puguin adoptar les autoritats competents en relaci\u00f3 amb aquesta pand\u00e8mia<\/strong>.<\/p>\n<p>Aix\u00ed mateix, el nou calendari permet garantir que l&#8217;alumnat accedeixi a la universitat respectant els principis d&#8217;igualtat, m\u00e8rit i capacitat que sempre -i tamb\u00e9 en circumst\u00e0ncies excepcionals- han de regir l&#8217;acc\u00e9s i l&#8217;admissi\u00f3 als estudis universitaris.<\/p>\n<div>\n<p>El <strong>nou calendari<\/strong> de les proves d&#8217;acc\u00e9s a la universitat \u00e9s el seg\u00fcent:<\/p>\n<ul>\n<li><strong>Prova d&#8217;acc\u00e9s a la universitat (PAU) Convocat\u00f2ria ordin\u00e0ria. (NOVETAT)<\/strong>\n<ul>\n<li><strong>Matr\u00edcula a la PAU<\/strong>:\n<ul>\n<li>Del divendres 15 de maig al dilluns 15 de juny de 2020.<\/li>\n<\/ul>\n<\/li>\n<li>Notificaci\u00f3 del <strong>tribunal i lloc d&#8217;examen<\/strong> de l&#8217;alumnat matriculat a la PAU al portal Accesnet-Centres:\n<ul>\n<li>Divendres 3 de juliol de 2020.<\/li>\n<\/ul>\n<\/li>\n<li><strong>Dies proves<\/strong> convocat\u00f2ria ordin\u00e0ria:\n<ul>\n<li>Dimarts 7, dimecres 8 i dijous 9 de juliol de 2020.<\/li>\n<\/ul>\n<\/li>\n<li><strong>Publicaci\u00f3 de les qualificacions de la PAU<\/strong>:\n<ul>\n<li>Dimarts 21 de juliol de 2020.<\/li>\n<\/ul>\n<\/li>\n<\/ul>\n<\/li>\n<li><strong>Prova d&#8217;aptitud personal (PAP) per a l&#8217;acc\u00e9s als graus en Educaci\u00f3 Infantil i en Educaci\u00f3 Prim\u00e0ria. Convocat\u00f2ria ordin\u00e0ria:<\/strong>\n<ul>\n<li>Divendres, 19 de juny de 2020<\/li>\n<\/ul>\n<\/li>\n<\/ul>\n<p>Us passem tamb\u00e9 la <a href=\"http:\/\/institutjoanbrudieu.cat\/public\/web_centre\/html\/documents\/institut\/curs\/PAU_2020_Flexibilitzacio_examens.pdf\" target=\"_blank\" rel=\"noopener noreferrer\">informaci\u00f3 referent a la flexibilitzaci\u00f3 en l&#8217;opcionalitat dels ex\u00e0mens de PAU<\/a> d&#8217;aquesta convocat\u00f2ria 2020. Trobareu la informaci\u00f3 espec\u00edfica per a cada mat\u00e8ria al <a href=\"http:\/\/universitats.gencat.cat\/ca\/pau\/\" target=\"_blank\" rel=\"noopener noreferrer\">Canal Universitats<\/a>, a l&#8217;apartat de mat\u00e8ries.<\/p>\n<p>Us recordem que teniu al vostre abast el portal <a href=\"http:\/\/universitats.gencat.cat\/ca\/pau\/\" target=\"_blank\" rel=\"noopener noreferrer\">Canal Universitats<\/a> on podeu trobar models d&#8217;ex\u00e0mens d&#8217;anys anteriors i, en el cas de PAU, l&#8217;eina de preparaci\u00f3 de la prova <a href=\"http:\/\/aplicacions.universitats.gencat.cat\/posat\/AppJava\/frontoffice\/?0\" target=\"_blank\" rel=\"noopener noreferrer\">Posa&#8217;t a prova<\/a>.<\/p>\n<p>Des del punt de vista acad\u00e8mic, cal anar estudiant i treballant per aconseguir uns bons resultats tant en el batxillerat com en les proves.<\/p>\n<p>Si us plau, seguiu les indicacions de les autoritats. No sortiu de casa pel vostre b\u00e9 i el de tothom.<\/p>\n<\/div>\n","protected":false},"excerpt":{"rendered":"<p>El Govern i les universitats de Catalunya han acordat, en el marc del Consell Interuniversitari de Catalunya (CIC), les noves dates de celebraci\u00f3 de les diferents proves d&#8217;acc\u00e9s a la universitat, en la seva convocat\u00f2ria ordin\u00e0ria. L&#8217;ajornament generalitzat del calendari es pren davant l&#8217;actual situaci\u00f3 excepcional d&#8217;emerg\u00e8ncia sanit\u00e0ria, per tal de minimitzar el risc de [&hellip;]<\/p>\n","protected":false},"author":1,"featured_media":2480,"comment_status":"closed","ping_status":"closed","sticky":false,"template":"","format":"standard","meta":{"_bbp_topic_count":0,"_bbp_reply_count":0,"_bbp_total_topic_count":0,"_bbp_total_reply_count":0,"_bbp_voice_count":0,"_bbp_anonymous_reply_count":0,"_bbp_topic_count_hidden":0,"_bbp_reply_count_hidden":0,"_bbp_forum_subforum_count":0,"site-sidebar-layout":"default","site-content-layout":"","ast-site-content-layout":"","site-content-style":"default","site-sidebar-style":"default","ast-global-header-display":"","ast-banner-title-visibility":"","ast-main-header-display":"","ast-hfb-above-header-display":"","ast-hfb-below-header-display":"","ast-hfb-mobile-header-display":"","site-post-title":"","ast-breadcrumbs-content":"","ast-featured-img":"","footer-sml-layout":"","theme-transparent-header-meta":"","adv-header-id-meta":"","stick-header-meta":"","header-above-stick-meta":"","header-main-stick-meta":"","header-below-stick-meta":"","astra-migrate-meta-layouts":"default","ast-page-background-enabled":"default","ast-page-background-meta":{"desktop":{"background-color":"var(--ast-global-color-4)","background-image":"","background-repeat":"repeat","background-position":"center center","background-size":"auto","background-attachment":"scroll","background-type":"","background-media":"","overlay-type":"","overlay-color":"","overlay-opacity":"","overlay-gradient":""},"tablet":{"background-color":"","background-image":"","background-repeat":"repeat","background-position":"center center","background-size":"auto","background-attachment":"scroll","background-type":"","background-media":"","overlay-type":"","overlay-color":"","overlay-opacity":"","overlay-gradient":""},"mobile":{"background-color":"","background-image":"","background-repeat":"repeat","background-position":"center center","background-size":"auto","background-attachment":"scroll","background-type":"","background-media":"","overlay-type":"","overlay-color":"","overlay-opacity":"","overlay-gradient":""}},"ast-content-background-meta":{"desktop":{"background-color":"var(--ast-global-color-5)","background-image":"","background-repeat":"repeat","background-position":"center center","background-size":"auto","background-attachment":"scroll","background-type":"","background-media":"","overlay-type":"","overlay-color":"","overlay-opacity":"","overlay-gradient":""},"tablet":{"background-color":"var(--ast-global-color-5)","background-image":"","background-repeat":"repeat","background-position":"center center","background-size":"auto","background-attachment":"scroll","background-type":"","background-media":"","overlay-type":"","overlay-color":"","overlay-opacity":"","overlay-gradient":""},"mobile":{"background-color":"var(--ast-global-color-5)","background-image":"","background-repeat":"repeat","background-position":"center center","background-size":"auto","background-attachment":"scroll","background-type":"","background-media":"","overlay-type":"","overlay-color":"","overlay-opacity":"","overlay-gradient":""}},"footnotes":""},"categories":[1,107,29],"tags":[],"class_list":["post-5188","post","type-post","status-publish","format-standard","has-post-thumbnail","hentry","category-general","category-pau-pap","category-portada"],"post_mailing_queue_ids":[],"_links":{"self":[{"href":"https:\/\/agora.xtec.cat\/iesjoanbrudieu\/wp-json\/wp\/v2\/posts\/5188","targetHints":{"allow":["GET"]}}],"collection":[{"href":"https:\/\/agora.xtec.cat\/iesjoanbrudieu\/wp-json\/wp\/v2\/posts"}],"about":[{"href":"https:\/\/agora.xtec.cat\/iesjoanbrudieu\/wp-json\/wp\/v2\/types\/post"}],"author":[{"embeddable":true,"href":"https:\/\/agora.xtec.cat\/iesjoanbrudieu\/wp-json\/wp\/v2\/users\/1"}],"replies":[{"embeddable":true,"href":"https:\/\/agora.xtec.cat\/iesjoanbrudieu\/wp-json\/wp\/v2\/comments?post=5188"}],"version-history":[{"count":2,"href":"https:\/\/agora.xtec.cat\/iesjoanbrudieu\/wp-json\/wp\/v2\/posts\/5188\/revisions"}],"predecessor-version":[{"id":5190,"href":"https:\/\/agora.xtec.cat\/iesjoanbrudieu\/wp-json\/wp\/v2\/posts\/5188\/revisions\/5190"}],"wp:featuredmedia":[{"embeddable":true,"href":"https:\/\/agora.xtec.cat\/iesjoanbrudieu\/wp-json\/wp\/v2\/media\/2480"}],"wp:attachment":[{"href":"https:\/\/agora.xtec.cat\/iesjoanbrudieu\/wp-json\/wp\/v2\/media?parent=5188"}],"wp:term":[{"taxonomy":"category","embeddable":true,"href":"https:\/\/agora.xtec.cat\/iesjoanbrudieu\/wp-json\/wp\/v2\/categories?post=5188"},{"taxonomy":"post_tag","embeddable":true,"href":"https:\/\/agora.xtec.cat\/iesjoanbrudieu\/wp-json\/wp\/v2\/tags?post=5188"}],"curies":[{"name":"wp","href":"https:\/\/api.w.org\/{rel}","templated":true}]}}