{"id":5092,"date":"2020-03-14T19:46:03","date_gmt":"2020-03-14T18:46:03","guid":{"rendered":"http:\/\/agora.xtec.cat\/iesjoanbrudieu\/?p=5092"},"modified":"2020-03-14T19:46:03","modified_gmt":"2020-03-14T18:46:03","slug":"constituit-el-consell-municipal-dadolescents-de-la-seu-daquest-curs","status":"publish","type":"post","link":"https:\/\/agora.xtec.cat\/iesjoanbrudieu\/general\/constituit-el-consell-municipal-dadolescents-de-la-seu-daquest-curs\/","title":{"rendered":"Constitu\u00eft el Consell Municipal d&#8217;Adolescents de la Seu d&#8217;aquest curs"},"content":{"rendered":"<div id=\"parent-fieldname-text\" class=\"plain\">\n<p>El dimarts 10 de mar\u00e7 al mat\u00ed s\u2019ha celebrat, a la sala d\u2019actes de l\u2019Ajuntament de la Seu d\u2019Urgell, la primera sessi\u00f3 del <b>Consell Municipal d\u2019Adolescents (CMA)<\/b> de l\u2019actual curs escolar 2019-2020. El plenari ha estat presidit pel vicealcalde urgellenc, <b>Francesc Viaplana<\/b>, i ha comptat amb la participaci\u00f3 del regidor de Joventut, <b>Xavier Estival<\/b>. Tamb\u00e9 hi ha pres part \u00c0ngel R\u00fabio, regidor del grup municipal de Comprom\u00eds X La Seu.<\/p>\n<p>En aquest primer ple, els 12 membres que el conformen -alumnes dels instituts Joan Brudieu i La Valira i del col\u00b7legi La Salle- han pres possessi\u00f3 del c\u00e0rrec. Els representants de l&#8217;Institut Joan Brudieu han estat: Roc Majoral Garcia (S1), N\u00faria Ruiz Giralt (S2), Jofre Vilaseca Cerqueda (S3) i Stephanie Jim\u00e9nez Cabrera (S4). La sessi\u00f3 ha continuat amb les intervencions dels representats dels adolescents, que han fet les seves peticions a l\u2019Ajuntament sobre diversos aspectes de la ciutat, com ara <strong>via p\u00fablica<\/strong>, i consultes i observacions sobre q\u00fcestions que els afecten directament com a habitants de la Seu.<\/p>\n<p>En aquesta sessi\u00f3 del CMA, els alumnes han fet pal\u00e8s davant de les autoritats municipals la necessitat de poder disposar d\u2019un <strong>espai per a joves<\/strong>, sobretot per fer-ne \u00fas les tardes dels caps de setmana. Tamb\u00e9 han demanat un <strong>espai per a pintar grafits<\/strong> i un <strong>local per fer teatre<\/strong>, d\u2019entre d\u2019altres peticions.<\/p>\n<p>Pel que fa a l&#8217;espai per a joves, Xavier Estival els ha informat que des de l\u2018equip de govern ja s\u2019hi est\u00e0 treballant, per\u00f2 que caldr\u00e0 trobar una proposta consensuada amb tot el jovent de la ciutat. I quant a la zona per a grafits, Estival els ha detallat que properament s&#8217;oferir\u00e0 aquesta possibilitat en un espai del Centre C\u00edvic l&#8217;Escorxador. D&#8217;altra banda, els adolescents tamb\u00e9 estan treballant aquest curs en accions per lluitar contra el <strong>canvi clim\u00e0tic<\/strong>.<\/p>\n<p><b>Concurs de talents i propostes per a la Festa Major<br \/>\n<\/b><\/p>\n<p>El regidor de Joventut tamb\u00e9 ha avan\u00e7at als membres del CMA que en el programa l\u00fadic Insomni oferir\u00e0 aquest estiu diverses novetats. A banda de les propostes d&#8217;altres estius, hi haur\u00e0 una <strong>nit de karaoke<\/strong> i <strong><em>batalles de galls<\/em><\/strong>, entre d\u2019altres. Tamb\u00e9 s\u2019ha anunciat que des de l\u2019\u00c0rea de Joventut de l\u2019Ajuntament es convoca un concurs de talents per a joves de la Seu.<\/p>\n<p>Tant Viaplana com Estival han esperonat els membres del CMA a presentar propostes per a la Festa Major, adre\u00e7ades al p\u00fablic adolescent, i les facin arribar a la Comissi\u00f3 de Festes.<\/p>\n<p>(<a href=\"http:\/\/www.radioseu.cat\/noticies\/constituit-el-consell-municipal-dadolescents-de-la-seu-daquest-curs?fbclid=IwAR1JmaNh_GwPePvqpgqUgoV4cqmG6_-7LaM-da6gLGsMGuzDSSCOId-T8RQ\" target=\"_blank\" rel=\"noopener noreferrer\">not\u00edcia<\/a> extreta de R\u00e0dioSeu) &#8211; <a href=\"https:\/\/photos.app.goo.gl\/7GbNjEerdua6TYcr5\" target=\"_blank\" rel=\"noopener noreferrer\">Fotografies<\/a>.<\/p>\n<p><a href=\"https:\/\/agora.xtec.cat\/iesjoanbrudieu\/wp-content\/uploads\/usu1248\/2020\/03\/200310_Plenari_Consell_Adolescents.jpg\"><img loading=\"lazy\" decoding=\"async\" class=\"aligncenter size-full wp-image-5093\" src=\"https:\/\/agora.xtec.cat\/iesjoanbrudieu\/wp-content\/uploads\/usu1248\/2020\/03\/200310_Plenari_Consell_Adolescents.jpg\" alt=\"\" width=\"600\" height=\"400\" srcset=\"https:\/\/agora.xtec.cat\/iesjoanbrudieu\/wp-content\/uploads\/usu1248\/2020\/03\/200310_Plenari_Consell_Adolescents.jpg 600w, https:\/\/agora.xtec.cat\/iesjoanbrudieu\/wp-content\/uploads\/usu1248\/2020\/03\/200310_Plenari_Consell_Adolescents-300x200.jpg 300w\" sizes=\"auto, (max-width: 600px) 100vw, 600px\" \/><\/a><\/p>\n<\/div>\n","protected":false},"excerpt":{"rendered":"<p>El dimarts 10 de mar\u00e7 al mat\u00ed s\u2019ha celebrat, a la sala d\u2019actes de l\u2019Ajuntament de la Seu d\u2019Urgell, la primera sessi\u00f3 del Consell Municipal d\u2019Adolescents (CMA) de l\u2019actual curs escolar 2019-2020. El plenari ha estat presidit pel vicealcalde urgellenc, Francesc Viaplana, i ha comptat amb la participaci\u00f3 del regidor de Joventut, Xavier Estival. Tamb\u00e9 [&hellip;]<\/p>\n","protected":false},"author":1,"featured_media":5093,"comment_status":"closed","ping_status":"closed","sticky":false,"template":"","format":"standard","meta":{"_bbp_topic_count":0,"_bbp_reply_count":0,"_bbp_total_topic_count":0,"_bbp_total_reply_count":0,"_bbp_voice_count":0,"_bbp_anonymous_reply_count":0,"_bbp_topic_count_hidden":0,"_bbp_reply_count_hidden":0,"_bbp_forum_subforum_count":0,"site-sidebar-layout":"default","site-content-layout":"","ast-site-content-layout":"","site-content-style":"default","site-sidebar-style":"default","ast-global-header-display":"","ast-banner-title-visibility":"","ast-main-header-display":"","ast-hfb-above-header-display":"","ast-hfb-below-header-display":"","ast-hfb-mobile-header-display":"","site-post-title":"","ast-breadcrumbs-content":"","ast-featured-img":"","footer-sml-layout":"","theme-transparent-header-meta":"","adv-header-id-meta":"","stick-header-meta":"","header-above-stick-meta":"","header-main-stick-meta":"","header-below-stick-meta":"","astra-migrate-meta-layouts":"default","ast-page-background-enabled":"default","ast-page-background-meta":{"desktop":{"background-color":"var(--ast-global-color-4)","background-image":"","background-repeat":"repeat","background-position":"center center","background-size":"auto","background-attachment":"scroll","background-type":"","background-media":"","overlay-type":"","overlay-color":"","overlay-opacity":"","overlay-gradient":""},"tablet":{"background-color":"","background-image":"","background-repeat":"repeat","background-position":"center center","background-size":"auto","background-attachment":"scroll","background-type":"","background-media":"","overlay-type":"","overlay-color":"","overlay-opacity":"","overlay-gradient":""},"mobile":{"background-color":"","background-image":"","background-repeat":"repeat","background-position":"center center","background-size":"auto","background-attachment":"scroll","background-type":"","background-media":"","overlay-type":"","overlay-color":"","overlay-opacity":"","overlay-gradient":""}},"ast-content-background-meta":{"desktop":{"background-color":"var(--ast-global-color-5)","background-image":"","background-repeat":"repeat","background-position":"center center","background-size":"auto","background-attachment":"scroll","background-type":"","background-media":"","overlay-type":"","overlay-color":"","overlay-opacity":"","overlay-gradient":""},"tablet":{"background-color":"var(--ast-global-color-5)","background-image":"","background-repeat":"repeat","background-position":"center center","background-size":"auto","background-attachment":"scroll","background-type":"","background-media":"","overlay-type":"","overlay-color":"","overlay-opacity":"","overlay-gradient":""},"mobile":{"background-color":"var(--ast-global-color-5)","background-image":"","background-repeat":"repeat","background-position":"center center","background-size":"auto","background-attachment":"scroll","background-type":"","background-media":"","overlay-type":"","overlay-color":"","overlay-opacity":"","overlay-gradient":""}},"footnotes":""},"categories":[1,29],"tags":[],"class_list":["post-5092","post","type-post","status-publish","format-standard","has-post-thumbnail","hentry","category-general","category-portada"],"post_mailing_queue_ids":[],"_links":{"self":[{"href":"https:\/\/agora.xtec.cat\/iesjoanbrudieu\/wp-json\/wp\/v2\/posts\/5092","targetHints":{"allow":["GET"]}}],"collection":[{"href":"https:\/\/agora.xtec.cat\/iesjoanbrudieu\/wp-json\/wp\/v2\/posts"}],"about":[{"href":"https:\/\/agora.xtec.cat\/iesjoanbrudieu\/wp-json\/wp\/v2\/types\/post"}],"author":[{"embeddable":true,"href":"https:\/\/agora.xtec.cat\/iesjoanbrudieu\/wp-json\/wp\/v2\/users\/1"}],"replies":[{"embeddable":true,"href":"https:\/\/agora.xtec.cat\/iesjoanbrudieu\/wp-json\/wp\/v2\/comments?post=5092"}],"version-history":[{"count":1,"href":"https:\/\/agora.xtec.cat\/iesjoanbrudieu\/wp-json\/wp\/v2\/posts\/5092\/revisions"}],"predecessor-version":[{"id":5094,"href":"https:\/\/agora.xtec.cat\/iesjoanbrudieu\/wp-json\/wp\/v2\/posts\/5092\/revisions\/5094"}],"wp:featuredmedia":[{"embeddable":true,"href":"https:\/\/agora.xtec.cat\/iesjoanbrudieu\/wp-json\/wp\/v2\/media\/5093"}],"wp:attachment":[{"href":"https:\/\/agora.xtec.cat\/iesjoanbrudieu\/wp-json\/wp\/v2\/media?parent=5092"}],"wp:term":[{"taxonomy":"category","embeddable":true,"href":"https:\/\/agora.xtec.cat\/iesjoanbrudieu\/wp-json\/wp\/v2\/categories?post=5092"},{"taxonomy":"post_tag","embeddable":true,"href":"https:\/\/agora.xtec.cat\/iesjoanbrudieu\/wp-json\/wp\/v2\/tags?post=5092"}],"curies":[{"name":"wp","href":"https:\/\/api.w.org\/{rel}","templated":true}]}}