{"id":5074,"date":"2020-03-08T13:06:41","date_gmt":"2020-03-08T12:06:41","guid":{"rendered":"http:\/\/agora.xtec.cat\/iesjoanbrudieu\/?p=5074"},"modified":"2020-03-08T13:30:42","modified_gmt":"2020-03-08T12:30:42","slug":"21-de-marc-dia-mundial-de-la-poesia","status":"publish","type":"post","link":"https:\/\/agora.xtec.cat\/iesjoanbrudieu\/general\/21-de-marc-dia-mundial-de-la-poesia\/","title":{"rendered":"21 de mar\u00e7: Dia Mundial de la Poesia"},"content":{"rendered":"<p>L&#8217;Institut Joan Brudieu i la resta dels centres educatius de l\u2019Alt Urgell i la Cerdanya es sumen a la celebraci\u00f3 del <a href=\"https:\/\/www.un.org\/es\/events\/poetryday\/\" target=\"_blank\" rel=\"noopener noreferrer\">Dia Mundial de la Poesia<\/a> gravant als centres poemes propis i d\u2019autors reconeguts que es podran escoltar per R\u00e0dioSeu el dia 21 de mar\u00e7 i el dia de Sant Jordi. Enguany, el poeta escollit per celebrar a Catalunya el <a href=\"https:\/\/cultura.gencat.cat\/ca\/ilc\/programes\/dia-mundial-de-la-poesia\/dmp-2020\/\" target=\"_blank\" rel=\"noopener noreferrer\">Dia Mundial de la Poesia (2020)<\/a> a Catalunya \u00e9s <a href=\"https:\/\/lletra.uoc.edu\/ca\/autor\/josep-carner\/detall\" target=\"_blank\" rel=\"noopener noreferrer\">Josep Carner<\/a>, emmarcat en l&#8217;<a href=\"https:\/\/cultura.gencat.cat\/ca\/temes\/commemoracions\/2020\/anyjosepcarner\/inici\/\" target=\"_blank\" rel=\"noopener noreferrer\">Any Josep Carner<\/a>, que commemora el 50\u00e8 aniversari de la seva mort.<\/p>\n<p>El poema escollit ha estat <a href=\"https:\/\/cultura.gencat.cat\/web\/.content\/ilc\/03-programes\/dia-mundial-poesia\/DMP-2020\/article-principal\/Poema-DMP-2020.pdf\" target=\"_blank\" rel=\"noopener noreferrer\">&#8220;A hora foscant&#8221;<\/a> i s&#8217;ha tradu\u00eft a 21 lleng\u00fces. <a href=\"https:\/\/www.ccma.cat\/catradio\/alacarta\/iii-dia-de-la-poesia-catalana-a-internet\/josep-carner-a-hora-foscant\/video\/4490531\/\" target=\"_blank\" rel=\"noopener noreferrer\">Escolteu-lo<\/a> en la versi\u00f3 realitzada per \u00c0ngel Ll\u00e0cer l&#8217;any 2013 al III Dia de la Poesia Catalana a Internet.<\/p>\n<p><a href=\"http:\/\/institutjoanbrudieu.cat\/public\/web_centre\/html\/documents\/institut\/curs\/DMP20_fullet_digital.pdf\" target=\"_blank\" rel=\"noopener noreferrer\">Fullet del Dia Mundial de la Poesia 2020<\/a><\/p>\n<p style=\"text-align: center;\"><iframe loading=\"lazy\" src=\"https:\/\/www.youtube.com\/embed\/Cu_ofH-m6ro\" width=\"560\" height=\"315\" frameborder=\"0\"><\/iframe><\/p>\n<p style=\"text-align: center;\"><iframe loading=\"lazy\" src=\"https:\/\/www.youtube.com\/embed\/ed5bdXAWnnU\" width=\"560\" height=\"315\" frameborder=\"0\"><\/iframe><\/p>\n","protected":false},"excerpt":{"rendered":"<p>L&#8217;Institut Joan Brudieu i la resta dels centres educatius de l\u2019Alt Urgell i la Cerdanya es sumen a la celebraci\u00f3 del Dia Mundial de la Poesia gravant als centres poemes propis i d\u2019autors reconeguts que es podran escoltar per R\u00e0dioSeu el dia 21 de mar\u00e7 i el dia de Sant Jordi. Enguany, el poeta escollit [&hellip;]<\/p>\n","protected":false},"author":1,"featured_media":5075,"comment_status":"closed","ping_status":"closed","sticky":false,"template":"","format":"standard","meta":{"_bbp_topic_count":0,"_bbp_reply_count":0,"_bbp_total_topic_count":0,"_bbp_total_reply_count":0,"_bbp_voice_count":0,"_bbp_anonymous_reply_count":0,"_bbp_topic_count_hidden":0,"_bbp_reply_count_hidden":0,"_bbp_forum_subforum_count":0,"site-sidebar-layout":"default","site-content-layout":"","ast-site-content-layout":"","site-content-style":"default","site-sidebar-style":"default","ast-global-header-display":"","ast-banner-title-visibility":"","ast-main-header-display":"","ast-hfb-above-header-display":"","ast-hfb-below-header-display":"","ast-hfb-mobile-header-display":"","site-post-title":"","ast-breadcrumbs-content":"","ast-featured-img":"","footer-sml-layout":"","theme-transparent-header-meta":"","adv-header-id-meta":"","stick-header-meta":"","header-above-stick-meta":"","header-main-stick-meta":"","header-below-stick-meta":"","astra-migrate-meta-layouts":"default","ast-page-background-enabled":"default","ast-page-background-meta":{"desktop":{"background-color":"var(--ast-global-color-4)","background-image":"","background-repeat":"repeat","background-position":"center center","background-size":"auto","background-attachment":"scroll","background-type":"","background-media":"","overlay-type":"","overlay-color":"","overlay-opacity":"","overlay-gradient":""},"tablet":{"background-color":"","background-image":"","background-repeat":"repeat","background-position":"center center","background-size":"auto","background-attachment":"scroll","background-type":"","background-media":"","overlay-type":"","overlay-color":"","overlay-opacity":"","overlay-gradient":""},"mobile":{"background-color":"","background-image":"","background-repeat":"repeat","background-position":"center center","background-size":"auto","background-attachment":"scroll","background-type":"","background-media":"","overlay-type":"","overlay-color":"","overlay-opacity":"","overlay-gradient":""}},"ast-content-background-meta":{"desktop":{"background-color":"var(--ast-global-color-5)","background-image":"","background-repeat":"repeat","background-position":"center center","background-size":"auto","background-attachment":"scroll","background-type":"","background-media":"","overlay-type":"","overlay-color":"","overlay-opacity":"","overlay-gradient":""},"tablet":{"background-color":"var(--ast-global-color-5)","background-image":"","background-repeat":"repeat","background-position":"center center","background-size":"auto","background-attachment":"scroll","background-type":"","background-media":"","overlay-type":"","overlay-color":"","overlay-opacity":"","overlay-gradient":""},"mobile":{"background-color":"var(--ast-global-color-5)","background-image":"","background-repeat":"repeat","background-position":"center center","background-size":"auto","background-attachment":"scroll","background-type":"","background-media":"","overlay-type":"","overlay-color":"","overlay-opacity":"","overlay-gradient":""}},"footnotes":""},"categories":[1,29],"tags":[],"class_list":["post-5074","post","type-post","status-publish","format-standard","has-post-thumbnail","hentry","category-general","category-portada"],"post_mailing_queue_ids":[],"_links":{"self":[{"href":"https:\/\/agora.xtec.cat\/iesjoanbrudieu\/wp-json\/wp\/v2\/posts\/5074","targetHints":{"allow":["GET"]}}],"collection":[{"href":"https:\/\/agora.xtec.cat\/iesjoanbrudieu\/wp-json\/wp\/v2\/posts"}],"about":[{"href":"https:\/\/agora.xtec.cat\/iesjoanbrudieu\/wp-json\/wp\/v2\/types\/post"}],"author":[{"embeddable":true,"href":"https:\/\/agora.xtec.cat\/iesjoanbrudieu\/wp-json\/wp\/v2\/users\/1"}],"replies":[{"embeddable":true,"href":"https:\/\/agora.xtec.cat\/iesjoanbrudieu\/wp-json\/wp\/v2\/comments?post=5074"}],"version-history":[{"count":3,"href":"https:\/\/agora.xtec.cat\/iesjoanbrudieu\/wp-json\/wp\/v2\/posts\/5074\/revisions"}],"predecessor-version":[{"id":5079,"href":"https:\/\/agora.xtec.cat\/iesjoanbrudieu\/wp-json\/wp\/v2\/posts\/5074\/revisions\/5079"}],"wp:featuredmedia":[{"embeddable":true,"href":"https:\/\/agora.xtec.cat\/iesjoanbrudieu\/wp-json\/wp\/v2\/media\/5075"}],"wp:attachment":[{"href":"https:\/\/agora.xtec.cat\/iesjoanbrudieu\/wp-json\/wp\/v2\/media?parent=5074"}],"wp:term":[{"taxonomy":"category","embeddable":true,"href":"https:\/\/agora.xtec.cat\/iesjoanbrudieu\/wp-json\/wp\/v2\/categories?post=5074"},{"taxonomy":"post_tag","embeddable":true,"href":"https:\/\/agora.xtec.cat\/iesjoanbrudieu\/wp-json\/wp\/v2\/tags?post=5074"}],"curies":[{"name":"wp","href":"https:\/\/api.w.org\/{rel}","templated":true}]}}