{"id":4579,"date":"2019-07-01T09:55:13","date_gmt":"2019-07-01T07:55:13","guid":{"rendered":"http:\/\/agora.xtec.cat\/iesjoanbrudieu\/?p=4579"},"modified":"2019-07-01T09:59:22","modified_gmt":"2019-07-01T07:59:22","slug":"circular-per-a-families-de-b1-i-calendari-dexamens-de-setembre","status":"publish","type":"post","link":"https:\/\/agora.xtec.cat\/iesjoanbrudieu\/general\/circular-per-a-families-de-b1-i-calendari-dexamens-de-setembre\/","title":{"rendered":"Circular per a fam\u00edlies de B1 i calendari d&#8217;ex\u00e0mens de setembre"},"content":{"rendered":"<p>Us publiquem la <a href=\"http:\/\/institutjoanbrudieu.cat\/public\/web_centre\/html\/documents\/institut\/curs\/19_Final_de_curs_Setembre_Circular_families_BTX.pdf\" target=\"_blank\" rel=\"noopener noreferrer\">circular<\/a> amb les informacions relatives a les matr\u00edcules, confirmacions de matr\u00edcules i <a href=\"http:\/\/institutjoanbrudieu.cat\/public\/web_centre\/html\/documents\/institut\/curs\/1819_Examens_setembre_BTX-CAS.pdf\" target=\"_blank\" rel=\"noopener noreferrer\">calendari dels ex\u00e0mens de setembre<\/a> per a l&#8217;alumnat de 1r de BTX del curs 2018-2019. <a href=\"https:\/\/agora.xtec.cat\/iesjoanbrudieu\/wp-content\/uploads\/usu1248\/2019\/07\/1819_Examens_setembre_BTX-CAS.jpg\"><img loading=\"lazy\" decoding=\"async\" class=\"aligncenter wp-image-4580 \" src=\"https:\/\/agora.xtec.cat\/iesjoanbrudieu\/wp-content\/uploads\/usu1248\/2019\/07\/1819_Examens_setembre_BTX-CAS.jpg\" alt=\"\" width=\"735\" height=\"683\" \/><\/a><\/p>\n<p><a href=\"http:\/\/institutjoanbrudieu.cat\/public\/web_centre\/html\/img\/19_Calendari_Preinscripcio_Matricula_WEB_03.jpg\" target=\"_blank\" rel=\"noopener noreferrer\"><img decoding=\"async\" class=\"aligncenter\" src=\"http:\/\/institutjoanbrudieu.cat\/public\/web_centre\/html\/img\/19_Calendari_Preinscripcio_Matricula_WEB_03.jpg\" alt=\"Calendari Preinscripcio i Matricula\" width=\"800\" border=\"0\" \/><\/a><\/p>\n<p><a href=\"http:\/\/institutjoanbrudieu.cat\/public\/web_centre\/html\/img\/19_Calendari_Preinscripcio_Matricula_WEB_05.jpg\" target=\"_blank\" rel=\"noopener noreferrer\"><img decoding=\"async\" class=\"aligncenter\" src=\"http:\/\/institutjoanbrudieu.cat\/public\/web_centre\/html\/img\/19_Calendari_Preinscripcio_Matricula_WEB_05.jpg\" alt=\"Calendari Preinscripcio i Matricula\" width=\"800\" border=\"0\" \/><\/a><\/p>\n","protected":false},"excerpt":{"rendered":"<p>Us publiquem la circular amb les informacions relatives a les matr\u00edcules, confirmacions de matr\u00edcules i calendari dels ex\u00e0mens de setembre per a l&#8217;alumnat de 1r de BTX del curs 2018-2019.<\/p>\n","protected":false},"author":1,"featured_media":2729,"comment_status":"closed","ping_status":"closed","sticky":false,"template":"","format":"standard","meta":{"_bbp_topic_count":0,"_bbp_reply_count":0,"_bbp_total_topic_count":0,"_bbp_total_reply_count":0,"_bbp_voice_count":0,"_bbp_anonymous_reply_count":0,"_bbp_topic_count_hidden":0,"_bbp_reply_count_hidden":0,"_bbp_forum_subforum_count":0,"site-sidebar-layout":"default","site-content-layout":"","ast-site-content-layout":"","site-content-style":"default","site-sidebar-style":"default","ast-global-header-display":"","ast-banner-title-visibility":"","ast-main-header-display":"","ast-hfb-above-header-display":"","ast-hfb-below-header-display":"","ast-hfb-mobile-header-display":"","site-post-title":"","ast-breadcrumbs-content":"","ast-featured-img":"","footer-sml-layout":"","theme-transparent-header-meta":"","adv-header-id-meta":"","stick-header-meta":"","header-above-stick-meta":"","header-main-stick-meta":"","header-below-stick-meta":"","astra-migrate-meta-layouts":"default","ast-page-background-enabled":"default","ast-page-background-meta":{"desktop":{"background-color":"var(--ast-global-color-4)","background-image":"","background-repeat":"repeat","background-position":"center center","background-size":"auto","background-attachment":"scroll","background-type":"","background-media":"","overlay-type":"","overlay-color":"","overlay-opacity":"","overlay-gradient":""},"tablet":{"background-color":"","background-image":"","background-repeat":"repeat","background-position":"center center","background-size":"auto","background-attachment":"scroll","background-type":"","background-media":"","overlay-type":"","overlay-color":"","overlay-opacity":"","overlay-gradient":""},"mobile":{"background-color":"","background-image":"","background-repeat":"repeat","background-position":"center center","background-size":"auto","background-attachment":"scroll","background-type":"","background-media":"","overlay-type":"","overlay-color":"","overlay-opacity":"","overlay-gradient":""}},"ast-content-background-meta":{"desktop":{"background-color":"var(--ast-global-color-5)","background-image":"","background-repeat":"repeat","background-position":"center center","background-size":"auto","background-attachment":"scroll","background-type":"","background-media":"","overlay-type":"","overlay-color":"","overlay-opacity":"","overlay-gradient":""},"tablet":{"background-color":"var(--ast-global-color-5)","background-image":"","background-repeat":"repeat","background-position":"center center","background-size":"auto","background-attachment":"scroll","background-type":"","background-media":"","overlay-type":"","overlay-color":"","overlay-opacity":"","overlay-gradient":""},"mobile":{"background-color":"var(--ast-global-color-5)","background-image":"","background-repeat":"repeat","background-position":"center center","background-size":"auto","background-attachment":"scroll","background-type":"","background-media":"","overlay-type":"","overlay-color":"","overlay-opacity":"","overlay-gradient":""}},"footnotes":""},"categories":[1,29],"tags":[],"class_list":["post-4579","post","type-post","status-publish","format-standard","has-post-thumbnail","hentry","category-general","category-portada"],"post_mailing_queue_ids":[],"_links":{"self":[{"href":"https:\/\/agora.xtec.cat\/iesjoanbrudieu\/wp-json\/wp\/v2\/posts\/4579","targetHints":{"allow":["GET"]}}],"collection":[{"href":"https:\/\/agora.xtec.cat\/iesjoanbrudieu\/wp-json\/wp\/v2\/posts"}],"about":[{"href":"https:\/\/agora.xtec.cat\/iesjoanbrudieu\/wp-json\/wp\/v2\/types\/post"}],"author":[{"embeddable":true,"href":"https:\/\/agora.xtec.cat\/iesjoanbrudieu\/wp-json\/wp\/v2\/users\/1"}],"replies":[{"embeddable":true,"href":"https:\/\/agora.xtec.cat\/iesjoanbrudieu\/wp-json\/wp\/v2\/comments?post=4579"}],"version-history":[{"count":3,"href":"https:\/\/agora.xtec.cat\/iesjoanbrudieu\/wp-json\/wp\/v2\/posts\/4579\/revisions"}],"predecessor-version":[{"id":4583,"href":"https:\/\/agora.xtec.cat\/iesjoanbrudieu\/wp-json\/wp\/v2\/posts\/4579\/revisions\/4583"}],"wp:featuredmedia":[{"embeddable":true,"href":"https:\/\/agora.xtec.cat\/iesjoanbrudieu\/wp-json\/wp\/v2\/media\/2729"}],"wp:attachment":[{"href":"https:\/\/agora.xtec.cat\/iesjoanbrudieu\/wp-json\/wp\/v2\/media?parent=4579"}],"wp:term":[{"taxonomy":"category","embeddable":true,"href":"https:\/\/agora.xtec.cat\/iesjoanbrudieu\/wp-json\/wp\/v2\/categories?post=4579"},{"taxonomy":"post_tag","embeddable":true,"href":"https:\/\/agora.xtec.cat\/iesjoanbrudieu\/wp-json\/wp\/v2\/tags?post=4579"}],"curies":[{"name":"wp","href":"https:\/\/api.w.org\/{rel}","templated":true}]}}