{"id":4475,"date":"2019-05-24T16:59:09","date_gmt":"2019-05-24T14:59:09","guid":{"rendered":"http:\/\/agora.xtec.cat\/iesjoanbrudieu\/?p=4475"},"modified":"2019-05-24T16:59:09","modified_gmt":"2019-05-24T14:59:09","slug":"plenari-del-consell-municipal-dadolescents","status":"publish","type":"post","link":"https:\/\/agora.xtec.cat\/iesjoanbrudieu\/general\/plenari-del-consell-municipal-dadolescents\/","title":{"rendered":"Plenari del Consell Municipal d&#8217;Adolescents"},"content":{"rendered":"<p>Aquest dimarts 21 de maig de 2019 s\u2019ha celebrat, a la sala d\u2019actes de l\u2019Ajuntament de la Seu d\u2019Urgell, l&#8217;\u00faltima sessi\u00f3 plen\u00e0ria del Consell Municipal d\u2019Adolescents (CMA) de l\u2019actual curs, presidida per l\u2019alcalde de la ciutat, Albert Batalla, i la regidora de Joventut i Inf\u00e0ncia, S\u00edlvia Iscla. A la cloenda, els representants dels adolescents de la ciutat han presentat les diverses propostes treballades al llarg del curs. En l&#8217;\u00f2rgan hi prenen part alumnes dels instituts Joan Brudieu i La Valira i del Col\u00b7legi La Salle.<\/p>\n<p>Com acci\u00f3 significativa d\u2019enguany, el CMA ha esmentat la creaci\u00f3 d\u2019un espai propi als plafons dels seus respectius centres educatius que ha servit per donar a con\u00e8ixer aquest \u00f2rgan, poder fer arribar informaci\u00f3 als seus companys i companyes i alhora rebre les seves demandes. Tamb\u00e9 han explicat que han treballat per organitzar una Festa Holi, que tindr\u00e0 lloc el 15 de juny al pati del Centre C\u00edvic l\u2019Escorxador i servir\u00e0 per celebrar la fi del curs escolar.<\/p>\n<p>Una altra novetat que s\u2019ha donat a con\u00e8ixer \u00e9s la incorporaci\u00f3 de 10 adolescents voluntaris per prendre part en la Comissi\u00f3 de Festes. Aix\u00f2 ha estat gr\u00e0cies a la tasca informativa que han realitzat els i les membres del CMA -acompanyats de representants de la mateixa comissi\u00f3 de festes- als seus centres educatius.<\/p>\n<p>Al seu torn, S\u00edlvia Iscla ha agra\u00eft el treball en xarxa i en equip que hi ha darrera el CMA, format per t\u00e8cniques municipals, fam\u00edlies, docents i als mateixos membres del consell. La regidora s&#8217;ha acomiadant destacant que aquest &#8220;\u00e9s un projecte de present i futur, que ajuda el Consistori a veure la Seu d\u2019Urgell des d\u2019una altra mirada i, alhora, ajuda els adolescents a cr\u00e9ixer\u201d.<\/p>\n<p>(<a href=\"http:\/\/www.radioseu.cat\/noticies\/el-consell-municipal-dadolescents-de-la-seu-fa-balanc-del-curs-2018-2019?fbclid=IwAR1qDQ1x_O-8zqdFPB7a6-sXtmTDfeumfUTtuj4tqpgYCtRNlF9RpnkYZaI\" target=\"_blank\" rel=\"noopener noreferrer\">not\u00edcia extreta de R\u00e0dioSeu<\/a> i <a href=\"https:\/\/photos.app.goo.gl\/fwouD4tR8wgTfiuYA\" target=\"_blank\" rel=\"noopener noreferrer\">fotos<\/a>, tamb\u00e9 extretes de R\u00e0dio Seu)<\/p>\n","protected":false},"excerpt":{"rendered":"<p>Aquest dimarts 21 de maig de 2019 s\u2019ha celebrat, a la sala d\u2019actes de l\u2019Ajuntament de la Seu d\u2019Urgell, l&#8217;\u00faltima sessi\u00f3 plen\u00e0ria del Consell Municipal d\u2019Adolescents (CMA) de l\u2019actual curs, presidida per l\u2019alcalde de la ciutat, Albert Batalla, i la regidora de Joventut i Inf\u00e0ncia, S\u00edlvia Iscla. A la cloenda, els representants dels adolescents de [&hellip;]<\/p>\n","protected":false},"author":1,"featured_media":4476,"comment_status":"closed","ping_status":"closed","sticky":false,"template":"","format":"standard","meta":{"_bbp_topic_count":0,"_bbp_reply_count":0,"_bbp_total_topic_count":0,"_bbp_total_reply_count":0,"_bbp_voice_count":0,"_bbp_anonymous_reply_count":0,"_bbp_topic_count_hidden":0,"_bbp_reply_count_hidden":0,"_bbp_forum_subforum_count":0,"site-sidebar-layout":"default","site-content-layout":"","ast-site-content-layout":"","site-content-style":"default","site-sidebar-style":"default","ast-global-header-display":"","ast-banner-title-visibility":"","ast-main-header-display":"","ast-hfb-above-header-display":"","ast-hfb-below-header-display":"","ast-hfb-mobile-header-display":"","site-post-title":"","ast-breadcrumbs-content":"","ast-featured-img":"","footer-sml-layout":"","theme-transparent-header-meta":"","adv-header-id-meta":"","stick-header-meta":"","header-above-stick-meta":"","header-main-stick-meta":"","header-below-stick-meta":"","astra-migrate-meta-layouts":"default","ast-page-background-enabled":"default","ast-page-background-meta":{"desktop":{"background-color":"var(--ast-global-color-4)","background-image":"","background-repeat":"repeat","background-position":"center center","background-size":"auto","background-attachment":"scroll","background-type":"","background-media":"","overlay-type":"","overlay-color":"","overlay-opacity":"","overlay-gradient":""},"tablet":{"background-color":"","background-image":"","background-repeat":"repeat","background-position":"center center","background-size":"auto","background-attachment":"scroll","background-type":"","background-media":"","overlay-type":"","overlay-color":"","overlay-opacity":"","overlay-gradient":""},"mobile":{"background-color":"","background-image":"","background-repeat":"repeat","background-position":"center center","background-size":"auto","background-attachment":"scroll","background-type":"","background-media":"","overlay-type":"","overlay-color":"","overlay-opacity":"","overlay-gradient":""}},"ast-content-background-meta":{"desktop":{"background-color":"var(--ast-global-color-5)","background-image":"","background-repeat":"repeat","background-position":"center center","background-size":"auto","background-attachment":"scroll","background-type":"","background-media":"","overlay-type":"","overlay-color":"","overlay-opacity":"","overlay-gradient":""},"tablet":{"background-color":"var(--ast-global-color-5)","background-image":"","background-repeat":"repeat","background-position":"center center","background-size":"auto","background-attachment":"scroll","background-type":"","background-media":"","overlay-type":"","overlay-color":"","overlay-opacity":"","overlay-gradient":""},"mobile":{"background-color":"var(--ast-global-color-5)","background-image":"","background-repeat":"repeat","background-position":"center center","background-size":"auto","background-attachment":"scroll","background-type":"","background-media":"","overlay-type":"","overlay-color":"","overlay-opacity":"","overlay-gradient":""}},"footnotes":""},"categories":[1,29],"tags":[],"class_list":["post-4475","post","type-post","status-publish","format-standard","has-post-thumbnail","hentry","category-general","category-portada"],"post_mailing_queue_ids":[],"_links":{"self":[{"href":"https:\/\/agora.xtec.cat\/iesjoanbrudieu\/wp-json\/wp\/v2\/posts\/4475","targetHints":{"allow":["GET"]}}],"collection":[{"href":"https:\/\/agora.xtec.cat\/iesjoanbrudieu\/wp-json\/wp\/v2\/posts"}],"about":[{"href":"https:\/\/agora.xtec.cat\/iesjoanbrudieu\/wp-json\/wp\/v2\/types\/post"}],"author":[{"embeddable":true,"href":"https:\/\/agora.xtec.cat\/iesjoanbrudieu\/wp-json\/wp\/v2\/users\/1"}],"replies":[{"embeddable":true,"href":"https:\/\/agora.xtec.cat\/iesjoanbrudieu\/wp-json\/wp\/v2\/comments?post=4475"}],"version-history":[{"count":1,"href":"https:\/\/agora.xtec.cat\/iesjoanbrudieu\/wp-json\/wp\/v2\/posts\/4475\/revisions"}],"predecessor-version":[{"id":4477,"href":"https:\/\/agora.xtec.cat\/iesjoanbrudieu\/wp-json\/wp\/v2\/posts\/4475\/revisions\/4477"}],"wp:featuredmedia":[{"embeddable":true,"href":"https:\/\/agora.xtec.cat\/iesjoanbrudieu\/wp-json\/wp\/v2\/media\/4476"}],"wp:attachment":[{"href":"https:\/\/agora.xtec.cat\/iesjoanbrudieu\/wp-json\/wp\/v2\/media?parent=4475"}],"wp:term":[{"taxonomy":"category","embeddable":true,"href":"https:\/\/agora.xtec.cat\/iesjoanbrudieu\/wp-json\/wp\/v2\/categories?post=4475"},{"taxonomy":"post_tag","embeddable":true,"href":"https:\/\/agora.xtec.cat\/iesjoanbrudieu\/wp-json\/wp\/v2\/tags?post=4475"}],"curies":[{"name":"wp","href":"https:\/\/api.w.org\/{rel}","templated":true}]}}