{"id":11443,"date":"2026-09-04T19:26:10","date_gmt":"2026-09-04T17:26:10","guid":{"rendered":"https:\/\/agora.xtec.cat\/iesjoanbrudieu\/?p=11443"},"modified":"2026-09-04T19:56:02","modified_gmt":"2026-09-04T17:56:02","slug":"canvis-en-linici-del-curs-escolar-2026-2027","status":"publish","type":"post","link":"https:\/\/agora.xtec.cat\/iesjoanbrudieu\/general\/canvis-en-linici-del-curs-escolar-2026-2027\/","title":{"rendered":"Canvis en l&#8217;inici del curs escolar 2026-2027"},"content":{"rendered":"\n<p>Hem fet modificacions en la&nbsp;<a href=\"https:\/\/institutjoanbrudieu.cat\/public\/web_centre\/html\/documents\/institut\/curs\/2627_Inici_curs_ALUM_Acollida_v2.pdf\" target=\"_blank\" rel=\"noreferrer noopener\">proposta d\u2019horari per a l\u2019acollida de tot l\u2019alumnat<\/a>&nbsp;i l\u2019inici de les classes. Us recordem que  el curs 2026-2027 s&#8217;inicia el&nbsp;<strong>dimarts 8 de setembre<\/strong>&nbsp;per als estudis d\u2019ESO i de BTX i el&nbsp;<strong>dilluns 14 de setembre<\/strong>&nbsp;per als estudis de CFM \u2013 CFS \u2013 IFE i PFI.  Els canvis afecten sobretot a l&#8217;alumnat de BTX de cara al dimecres 9 de setembre.<\/p>\n\n\n\n<p class=\"has-text-align-center\"><object style=\"width: 800px; height: 1100px;\" data=\"https:\/\/institutjoanbrudieu.cat\/public\/web_centre\/html\/documents\/institut\/curs\/2627_Inici_curs_ALUM_Acollida_v2.pdf\" width=\"300\" height=\"150\"><\/object><\/p>\n\n\n\n<h2 class=\"wp-block-heading\"><strong><span style=\"color: #ff0000;\">CANVIS EN L&#8217;HORARI DE LES L\u00cdNIES D&#8217;AUTOB\u00daS<\/span><\/strong><\/h2>\n\n\n\n<p>Aprofitem per informar-vos que, a partir dels nous horaris de l&#8217;Institut, hi ha hagut <strong>modificacions en els horaris d&#8217;autob\u00fas per facilitar l&#8217;arribada dels estudiants a l&#8217;Institut Joan Brudieu de la Seu d&#8217;Urgell<\/strong>. En concret, hi ha hagut modificacions a les l\u00ednies ALSA que arriben a la Seu com tamb\u00e9 a la l\u00ednia d&#8217;Andorra-La Seu. Tamb\u00e9 a les l\u00ednies de transport escolar gestionades des del Consell Comarcal.<\/p>\n\n\n\n<h3 class=\"wp-block-heading\"><strong><span style=\"color: #ff0000;\">L\u00cdNIES D&#8217;AUTOB\u00daS ALSA (horaris i l\u00ednies)<\/span><\/strong><\/h3>\n\n\n\n<p>La <strong>l\u00ednia L0008, entre el Pla de Sant Tirs, la Seu d\u2019Urgell i Al\u00e0s<\/strong>, t\u00e9 un servei matinal que surt del Pla de Sant Tirs a les 7.45 h. L\u2019expedici\u00f3 passa per Adrall (7.50 h), Arfa (7.57 h), Montferrer i Castellb\u00f2 (8.04 h) i Castellciutat (8.09 h), i arriba a la parada de l\u2019Institut de la Seu d\u2019Urgell a les 8.14 h. Posteriorment, el servei continua fins a l\u2019estaci\u00f3 d\u2019autobusos de la Seu (8.20 h), els barris de Sant Antoni (8.28 h) i Sant Pere (8.32 h) i fins a Al\u00e0s, on arriba a les 8.40 h.<\/p>\n\n\n\n<figure class=\"wp-block-image aligncenter size-large is-resized\"><a href=\"https:\/\/institutjoanbrudieu.cat\/public\/web_centre\/html\/img\/transport_horaris.jpg\" target=\"_blank\" rel=\"noopener noreferrer\"><img decoding=\"async\" src=\"https:\/\/institutjoanbrudieu.cat\/public\/web_centre\/html\/documents\/secretaria\/transport_menjador\/Transport_Horaris_L0008_Pla_Seu.jpg\" alt=\"\" style=\"width:616px;height:auto\"\/><\/a><\/figure>\n\n\n\n<p>La <strong>l\u00ednia L0254, entre Oliana, Coll de Narg\u00f3 i la Seu d&#8217;Urgell<\/strong>, la sortida matinal s&#8217;estableix a les 7.15 hores des d&#8217;Oliana, passant per Coll de Narg\u00f3 (7.30 h), Organy\u00e0 (7.36 h), L&#8217;hostalnou (7.42 h), Els Hostalets de Tost (7.49 h), la Palanca de Noves (7.52 h), el Pla de Sant Tirs (7.57 h), Adrall (8.01 h), Arfa (8.04 h) i Castellciutat (8.08 h), amb arribada a la capital de l&#8217;Alt Urgell a les 8.10 h.<\/p>\n\n\n\n<figure class=\"wp-block-image aligncenter size-large is-resized\"><a href=\"https:\/\/institutjoanbrudieu.cat\/public\/web_centre\/html\/img\/transport_horaris.jpg\" target=\"_blank\" rel=\"noopener noreferrer\"><img decoding=\"async\" src=\"https:\/\/institutjoanbrudieu.cat\/public\/web_centre\/html\/documents\/secretaria\/transport_menjador\/Transport_Horaris_L0254_Oliana_Seu.jpg\" alt=\"\" style=\"width:850px;height:auto\"\/><\/a><\/figure>\n\n\n\n<p>La <strong>l\u00ednia L0567, entre Ll\u00edvia, Puigcerd\u00e0, la Seu d\u2019Urgell i Lleida<\/strong>, estableix una expedici\u00f3 matinal que parteix de Puigcerd\u00e0 a primera hora del mat\u00ed, a les 7.05 h, i passa, entre altres punts, per Bolvir (7.16 h), Ger (7.20 h), All (7.22 h), Is\u00f2vol (7.24 h), Bellver de Cerdanya (7.32 h), Prullans (7.25 h), Martinet (7.39 h), Els Arenys (7.46 h), El Pont de Bar (7.51 h), Els Banys de Sant Vicen\u00e7 (7.53 h), el Pont d&#8217;Ars\u00e8guel (7.55 h), Al\u00e0s (8.01 h) i la Seu (8.07 h).<\/p>\n\n\n\n<figure class=\"wp-block-image aligncenter size-large is-resized\"><a href=\"https:\/\/institutjoanbrudieu.cat\/public\/web_centre\/html\/img\/transport_horaris.jpg\" target=\"_blank\" rel=\"noopener noreferrer\"><img decoding=\"async\" src=\"https:\/\/institutjoanbrudieu.cat\/public\/web_centre\/html\/documents\/secretaria\/transport_menjador\/Transport_Horaris_L0567_Llivia_Seu_Lleida.jpg\" alt=\"\" style=\"width:917px;height:auto\"\/><\/a><\/figure>\n\n\n\n<p><\/p>\n\n\n\n<h3 class=\"wp-block-heading\"><strong><span style=\"color: #ff0000;\">L\u00cdNIES D&#8217;AUTOB\u00daS LA SEU-ANDORRA (horaris i l\u00ednies)<\/span><\/strong><\/h3>\n\n\n\n<p><a href=\"https:\/\/institutjoanbrudieu.cat\/public\/web_centre\/html\/documents\/secretaria\/transport_menjador\/Transport_Horaris_Seu_Andorra_CAMINO_HIFE.pdf\" data-type=\"link\" data-id=\"https:\/\/institutjoanbrudieu.cat\/public\/web_centre\/html\/documents\/secretaria\/transport_menjador\/Transport_Horaris_Seu_Andorra_CAMINO_HIFE.pdf\" target=\"_blank\" rel=\"noreferrer noopener\">L\u00ednies i horaris de la l\u00ednia Escaldes \/ Andorra &#8211; La Seu d&#8217;Urgell<\/a> . <\/p>\n\n\n\n<p class=\"has-text-align-center\"><object style=\"width: 800px; height: 1200px;\" data=\"https:\/\/institutjoanbrudieu.cat\/public\/web_centre\/html\/documents\/secretaria\/transport_menjador\/Transport_Horaris_Seu_Andorra_CAMINO_HIFE.pdf\" width=\"300\" height=\"150\"><\/object><\/p>\n\n\n\n<p>Tota la informaci\u00f3 detallada i l\u2019actualitzaci\u00f3 dels horaris es podran consultar mitjan\u00e7ant el&nbsp;<a href=\"https:\/\/www.busandorra.com\/\">web oficial de l\u2019Estaci\u00f3 Nacional<\/a> d&#8217;Autobusos d&#8217;Andorra.<\/p>\n\n\n\n<h3 class=\"wp-block-heading\"><strong><span style=\"color: #ff0000;\">L\u00cdNIES DE TRANSPORT ESCOLAR (horaris i l\u00ednies)<\/span><\/strong><\/h3>\n\n\n\n<figure class=\"wp-block-image size-large is-resized\"><a href=\"https:\/\/institutjoanbrudieu.cat\/public\/web_centre\/html\/img\/transport_horaris.jpg\" target=\"_blank\" rel=\"noopener noreferrer\"><img decoding=\"async\" src=\"https:\/\/institutjoanbrudieu.cat\/public\/web_centre\/html\/documents\/secretaria\/transport_menjador\/Transport_Horaris.jpg\" alt=\"\" style=\"width:917px;height:auto\"\/><\/a><\/figure>\n\n\n\n<p><a href=\"https:\/\/institutjoanbrudieu.cat\/public\/web_centre\/html\/documents\/secretaria\/transport_menjador\/2627_Transport_linies_i_horaris.pdf\" data-type=\"link\" data-id=\"https:\/\/institutjoanbrudieu.cat\/public\/web_centre\/html\/documents\/secretaria\/transport_menjador\/2627_Transport_linies_i_horaris.pdf\" target=\"_blank\" rel=\"noreferrer noopener\">L\u00ednies i horaris del servei escolar de transport<\/a> (versi\u00f3 per imprimir).<\/p>\n\n\n\n<p class=\"has-text-align-center\"><object style=\"width: 800px; height: 1200px;\" data=\"https:\/\/institutjoanbrudieu.cat\/public\/web_centre\/html\/documents\/secretaria\/transport_menjador\/2627_Transport_linies_i_horaris.pdf\" width=\"300\" height=\"150\"><\/object><\/p>\n","protected":false},"excerpt":{"rendered":"<p>Hem fet modificacions en la&nbsp;proposta d\u2019horari per a l\u2019acollida de tot l\u2019alumnat&nbsp;i l\u2019inici de les classes. Us recordem que el curs 2026-2027 s&#8217;inicia el&nbsp;dimarts 8 de setembre&nbsp;per als estudis d\u2019ESO i de BTX i el&nbsp;dilluns 14 de setembre&nbsp;per als estudis de CFM \u2013 CFS \u2013 IFE i PFI. Els canvis afecten sobretot a l&#8217;alumnat de [&hellip;]<\/p>\n","protected":false},"author":1,"featured_media":3040,"comment_status":"closed","ping_status":"open","sticky":false,"template":"","format":"standard","meta":{"_bbp_topic_count":0,"_bbp_reply_count":0,"_bbp_total_topic_count":0,"_bbp_total_reply_count":0,"_bbp_voice_count":0,"_bbp_anonymous_reply_count":0,"_bbp_topic_count_hidden":0,"_bbp_reply_count_hidden":0,"_bbp_forum_subforum_count":0,"site-sidebar-layout":"default","site-content-layout":"","ast-site-content-layout":"default","site-content-style":"default","site-sidebar-style":"default","ast-global-header-display":"","ast-banner-title-visibility":"","ast-main-header-display":"","ast-hfb-above-header-display":"","ast-hfb-below-header-display":"","ast-hfb-mobile-header-display":"","site-post-title":"","ast-breadcrumbs-content":"","ast-featured-img":"","footer-sml-layout":"","theme-transparent-header-meta":"","adv-header-id-meta":"","stick-header-meta":"","header-above-stick-meta":"","header-main-stick-meta":"","header-below-stick-meta":"","astra-migrate-meta-layouts":"set","ast-page-background-enabled":"default","ast-page-background-meta":{"desktop":{"background-color":"var(--ast-global-color-4)","background-image":"","background-repeat":"repeat","background-position":"center center","background-size":"auto","background-attachment":"scroll","background-type":"","background-media":"","overlay-type":"","overlay-color":"","overlay-opacity":"","overlay-gradient":""},"tablet":{"background-color":"","background-image":"","background-repeat":"repeat","background-position":"center center","background-size":"auto","background-attachment":"scroll","background-type":"","background-media":"","overlay-type":"","overlay-color":"","overlay-opacity":"","overlay-gradient":""},"mobile":{"background-color":"","background-image":"","background-repeat":"repeat","background-position":"center center","background-size":"auto","background-attachment":"scroll","background-type":"","background-media":"","overlay-type":"","overlay-color":"","overlay-opacity":"","overlay-gradient":""}},"ast-content-background-meta":{"desktop":{"background-color":"var(--ast-global-color-5)","background-image":"","background-repeat":"repeat","background-position":"center center","background-size":"auto","background-attachment":"scroll","background-type":"","background-media":"","overlay-type":"","overlay-color":"","overlay-opacity":"","overlay-gradient":""},"tablet":{"background-color":"var(--ast-global-color-5)","background-image":"","background-repeat":"repeat","background-position":"center center","background-size":"auto","background-attachment":"scroll","background-type":"","background-media":"","overlay-type":"","overlay-color":"","overlay-opacity":"","overlay-gradient":""},"mobile":{"background-color":"var(--ast-global-color-5)","background-image":"","background-repeat":"repeat","background-position":"center center","background-size":"auto","background-attachment":"scroll","background-type":"","background-media":"","overlay-type":"","overlay-color":"","overlay-opacity":"","overlay-gradient":""}},"footnotes":""},"categories":[1,29],"tags":[],"class_list":["post-11443","post","type-post","status-publish","format-standard","has-post-thumbnail","hentry","category-general","category-portada"],"post_mailing_queue_ids":[],"_links":{"self":[{"href":"https:\/\/agora.xtec.cat\/iesjoanbrudieu\/wp-json\/wp\/v2\/posts\/11443","targetHints":{"allow":["GET"]}}],"collection":[{"href":"https:\/\/agora.xtec.cat\/iesjoanbrudieu\/wp-json\/wp\/v2\/posts"}],"about":[{"href":"https:\/\/agora.xtec.cat\/iesjoanbrudieu\/wp-json\/wp\/v2\/types\/post"}],"author":[{"embeddable":true,"href":"https:\/\/agora.xtec.cat\/iesjoanbrudieu\/wp-json\/wp\/v2\/users\/1"}],"replies":[{"embeddable":true,"href":"https:\/\/agora.xtec.cat\/iesjoanbrudieu\/wp-json\/wp\/v2\/comments?post=11443"}],"version-history":[{"count":6,"href":"https:\/\/agora.xtec.cat\/iesjoanbrudieu\/wp-json\/wp\/v2\/posts\/11443\/revisions"}],"predecessor-version":[{"id":11450,"href":"https:\/\/agora.xtec.cat\/iesjoanbrudieu\/wp-json\/wp\/v2\/posts\/11443\/revisions\/11450"}],"wp:featuredmedia":[{"embeddable":true,"href":"https:\/\/agora.xtec.cat\/iesjoanbrudieu\/wp-json\/wp\/v2\/media\/3040"}],"wp:attachment":[{"href":"https:\/\/agora.xtec.cat\/iesjoanbrudieu\/wp-json\/wp\/v2\/media?parent=11443"}],"wp:term":[{"taxonomy":"category","embeddable":true,"href":"https:\/\/agora.xtec.cat\/iesjoanbrudieu\/wp-json\/wp\/v2\/categories?post=11443"},{"taxonomy":"post_tag","embeddable":true,"href":"https:\/\/agora.xtec.cat\/iesjoanbrudieu\/wp-json\/wp\/v2\/tags?post=11443"}],"curies":[{"name":"wp","href":"https:\/\/api.w.org\/{rel}","templated":true}]}}