{"id":8127,"date":"2026-04-24T10:11:37","date_gmt":"2026-04-24T08:11:37","guid":{"rendered":"https:\/\/agora.xtec.cat\/iesjoanamigo\/?p=8127"},"modified":"2026-04-24T11:58:41","modified_gmt":"2026-04-24T09:58:41","slug":"celebrem-un-sant-jordi-compromes-amb-la-llengua","status":"publish","type":"post","link":"https:\/\/agora.xtec.cat\/iesjoanamigo\/eso\/celebrem-un-sant-jordi-compromes-amb-la-llengua\/","title":{"rendered":"Celebrem un Sant Jordi comprom\u00e8s amb la llengua"},"content":{"rendered":"<p><!--more--><br \/>\nL\u2019Institut Joan Amig\u00f3 va donar el tret de sortida a la celebraci\u00f3 de la diada de\u00a0Sant Jordi\u00a0amb la participaci\u00f3 en els actes del Correllengua Agermanat, que va passar per l&#8217;Espluga el 22 d&#8217;abril. En concret, l&#8217;alumnat de segon d&#8217;ESO va concursar al programa Posa-hi tu l&#8217;Accent, i va guanyar l&#8217;edici\u00f3! La celebraci\u00f3 de les activitats d&#8217;aquell dia, doncs, es van gaudir per partida doble.<\/p>\n<p>Amb aquest bon regust de boca ens vam endinsar a les activitats del 23 d&#8217;abril, Diada de Sant Jordi. La primera franja del mat\u00ed, l&#8217;alumnat va participar en la cursa Memorial Toni Blanch, que es coorganitza amb l&#8217;AFA de l&#8217;institut.<\/p>\n<p>A primera hora del mat\u00ed, comen\u00e7ava el Memorial Toni Blanch amb una cursa\/caminada, coorganitza amb l&#8217;AFA de l&#8217;institut, fins al Castell de Milmanda; pr\u00e8viament, per\u00f2, s\u2019havia fet un escalfament a ritme de zumba al pati de l\u2019institut.<br \/>\nA l\u2019arribada, l\u2019AFA rebia els corredors i corredores amb un esmorzar saludable i una estoneta de descans.<\/p>\n<div class=\"h5p-content\" data-content-id=\"278\"><\/div>\n<div class=\"h5p-content\" data-content-id=\"279\"><\/div>\n<div class=\"h5p-content\" data-content-id=\"280\"><\/div>\n<p>&nbsp;<\/p>\n<p>La segona franja del dia, vam celebrar la Diada m\u00e9s liter\u00e0ria. L&#8217;alumnat de primer i segon, van gaudir fent d&#8217;actors i actrius de teatre. Alhora, van fer tallers d&#8217;elaboraci\u00f3 de dracs i llibres en tres dimensions.<\/p>\n<div class=\"h5p-content\" data-content-id=\"281\"><\/div>\n<div class=\"h5p-content\" data-content-id=\"282\"><\/div>\n<p>&nbsp;<\/p>\n<p>Pel que fa a tercer i quart, van poder fer de periodistes, ja que els estudis de l&#8217;Espluga FM R\u00e0dio es van traslladar a l&#8217;institut, i es van cobrir tots els actes des d&#8217;aquesta emissora que va tenir l&#8217;institut per un dia. Aqu\u00ed us deixem un tastet del programa que en va sorgir:\u00a0<a href=\"https:\/\/www.efmr.cat\/blog\/2026\/04\/23\/entrevista-especial-sant-jordi-amb-linstitut-joan-amigo\/\">https:\/\/www.efmr.cat\/blog\/2026\/04\/23\/entrevista-especial-sant-jordi-amb-linstitut-joan-amigo\/<\/a><\/p>\n<div class=\"h5p-content\" data-content-id=\"284\"><\/div>\n<div class=\"h5p-content\" data-content-id=\"285\"><\/div>\n<p>&nbsp;<\/p>\n<p>Quart va compaginar la venda de roses amb la faceta de periodistes. I va acabar la jornada amb el visionat d&#8217;una pel\u00b7l\u00edcula de caire literari.<\/p>\n<p>Finalment, tot l&#8217;alumnat i professorat es va reunir al gimn\u00e0s per rebre premis i distincions, el principal, el reconeixement per la participaci\u00f3 en el concurs de fotografia Memorial Eduard Maimon\u00e9.<\/p>\n<p>Fotografia guanyadora categoria adults:<\/p>\n<p>Autor: SERGI MONLLE\u00d3<\/p>\n<p><img loading=\"lazy\" decoding=\"async\" class=\"aligncenter size-full wp-image-8129\" src=\"https:\/\/agora.xtec.cat\/iesjoanamigo\/wp-content\/uploads\/usu506\/2026\/04\/A2_jaic.jpg\" alt=\"\" width=\"675\" height=\"900\" srcset=\"https:\/\/agora.xtec.cat\/iesjoanamigo\/wp-content\/uploads\/usu506\/2026\/04\/A2_jaic.jpg 675w, https:\/\/agora.xtec.cat\/iesjoanamigo\/wp-content\/uploads\/usu506\/2026\/04\/A2_jaic-225x300.jpg 225w\" sizes=\"auto, (max-width: 675px) 100vw, 675px\" \/><\/p>\n<p>Guanyadors categoria 1r i 2n d&#8217;ESO:<\/p>\n<div class=\"h5p-content\" data-content-id=\"283\"><\/div>\n<div class=\"h5p-content\" data-content-id=\"286\"><\/div>\n<p>&nbsp;<\/p>\n<p>Tamb\u00e9 hi ha hagut guardons per als vencedors en el Tour de Mates. Moltes felicitats a tots i a totes.<\/p>\n<p><img loading=\"lazy\" decoding=\"async\" class=\"size-full wp-image-8128\" style=\"font-style: inherit; font-weight: 600;\" src=\"https:\/\/agora.xtec.cat\/iesjoanamigo\/wp-content\/uploads\/usu506\/2026\/04\/IMG20260423145032_jaic.jpg\" alt=\"\" width=\"900\" height=\"506\" srcset=\"https:\/\/agora.xtec.cat\/iesjoanamigo\/wp-content\/uploads\/usu506\/2026\/04\/IMG20260423145032_jaic.jpg 900w, https:\/\/agora.xtec.cat\/iesjoanamigo\/wp-content\/uploads\/usu506\/2026\/04\/IMG20260423145032_jaic-300x169.jpg 300w, https:\/\/agora.xtec.cat\/iesjoanamigo\/wp-content\/uploads\/usu506\/2026\/04\/IMG20260423145032_jaic-768x432.jpg 768w\" sizes=\"auto, (max-width: 900px) 100vw, 900px\" \/><\/p>\n<p><span style=\"font-size: 16px;\">Va ser una jornada on estudiants i professorat van participar en diverses propostes l\u00fadiques i educatives relacionades amb la llengua i la cultura, i on es van fomentar valors com la conviv\u00e8ncia, la participaci\u00f3 i el sentiment de comunitat educativa.<\/span><\/p>\n","protected":false},"excerpt":{"rendered":"","protected":false},"author":1,"featured_media":8136,"comment_status":"open","ping_status":"open","sticky":false,"template":"","format":"standard","meta":{"_bbp_topic_count":0,"_bbp_reply_count":0,"_bbp_total_topic_count":0,"_bbp_total_reply_count":0,"_bbp_voice_count":0,"_bbp_anonymous_reply_count":0,"_bbp_topic_count_hidden":0,"_bbp_reply_count_hidden":0,"_bbp_forum_subforum_count":0,"site-sidebar-layout":"default","site-content-layout":"","ast-site-content-layout":"default","site-content-style":"default","site-sidebar-style":"default","ast-global-header-display":"","ast-banner-title-visibility":"","ast-main-header-display":"","ast-hfb-above-header-display":"","ast-hfb-below-header-display":"","ast-hfb-mobile-header-display":"","site-post-title":"","ast-breadcrumbs-content":"","ast-featured-img":"","footer-sml-layout":"","theme-transparent-header-meta":"default","adv-header-id-meta":"","stick-header-meta":"","header-above-stick-meta":"","header-main-stick-meta":"","header-below-stick-meta":"","astra-migrate-meta-layouts":"set","ast-page-background-enabled":"default","ast-page-background-meta":{"desktop":{"background-color":"var(--ast-global-color-4)","background-image":"","background-repeat":"repeat","background-position":"center center","background-size":"auto","background-attachment":"scroll","background-type":"","background-media":"","overlay-type":"","overlay-color":"","overlay-opacity":"","overlay-gradient":""},"tablet":{"background-color":"","background-image":"","background-repeat":"repeat","background-position":"center center","background-size":"auto","background-attachment":"scroll","background-type":"","background-media":"","overlay-type":"","overlay-color":"","overlay-opacity":"","overlay-gradient":""},"mobile":{"background-color":"","background-image":"","background-repeat":"repeat","background-position":"center center","background-size":"auto","background-attachment":"scroll","background-type":"","background-media":"","overlay-type":"","overlay-color":"","overlay-opacity":"","overlay-gradient":""}},"ast-content-background-meta":{"desktop":{"background-color":"var(--ast-global-color-5)","background-image":"","background-repeat":"repeat","background-position":"center center","background-size":"auto","background-attachment":"scroll","background-type":"","background-media":"","overlay-type":"","overlay-color":"","overlay-opacity":"","overlay-gradient":""},"tablet":{"background-color":"var(--ast-global-color-5)","background-image":"","background-repeat":"repeat","background-position":"center center","background-size":"auto","background-attachment":"scroll","background-type":"","background-media":"","overlay-type":"","overlay-color":"","overlay-opacity":"","overlay-gradient":""},"mobile":{"background-color":"var(--ast-global-color-5)","background-image":"","background-repeat":"repeat","background-position":"center center","background-size":"auto","background-attachment":"scroll","background-type":"","background-media":"","overlay-type":"","overlay-color":"","overlay-opacity":"","overlay-gradient":""}},"footnotes":""},"categories":[341,3,126,29,96],"tags":[38],"class_list":["post-8127","post","type-post","status-publish","format-standard","has-post-thumbnail","hentry","category-afa","category-eso","category-noticia","category-portada","category-premis","tag-sant-jordi"],"post_mailing_queue_ids":[],"_links":{"self":[{"href":"https:\/\/agora.xtec.cat\/iesjoanamigo\/wp-json\/wp\/v2\/posts\/8127","targetHints":{"allow":["GET"]}}],"collection":[{"href":"https:\/\/agora.xtec.cat\/iesjoanamigo\/wp-json\/wp\/v2\/posts"}],"about":[{"href":"https:\/\/agora.xtec.cat\/iesjoanamigo\/wp-json\/wp\/v2\/types\/post"}],"author":[{"embeddable":true,"href":"https:\/\/agora.xtec.cat\/iesjoanamigo\/wp-json\/wp\/v2\/users\/1"}],"replies":[{"embeddable":true,"href":"https:\/\/agora.xtec.cat\/iesjoanamigo\/wp-json\/wp\/v2\/comments?post=8127"}],"version-history":[{"count":5,"href":"https:\/\/agora.xtec.cat\/iesjoanamigo\/wp-json\/wp\/v2\/posts\/8127\/revisions"}],"predecessor-version":[{"id":8137,"href":"https:\/\/agora.xtec.cat\/iesjoanamigo\/wp-json\/wp\/v2\/posts\/8127\/revisions\/8137"}],"wp:featuredmedia":[{"embeddable":true,"href":"https:\/\/agora.xtec.cat\/iesjoanamigo\/wp-json\/wp\/v2\/media\/8136"}],"wp:attachment":[{"href":"https:\/\/agora.xtec.cat\/iesjoanamigo\/wp-json\/wp\/v2\/media?parent=8127"}],"wp:term":[{"taxonomy":"category","embeddable":true,"href":"https:\/\/agora.xtec.cat\/iesjoanamigo\/wp-json\/wp\/v2\/categories?post=8127"},{"taxonomy":"post_tag","embeddable":true,"href":"https:\/\/agora.xtec.cat\/iesjoanamigo\/wp-json\/wp\/v2\/tags?post=8127"}],"curies":[{"name":"wp","href":"https:\/\/api.w.org\/{rel}","templated":true}]}}