{"id":8124,"date":"2026-04-24T09:21:48","date_gmt":"2026-04-24T07:21:48","guid":{"rendered":"https:\/\/agora.xtec.cat\/iesjoanamigo\/?p=8124"},"modified":"2026-04-24T09:21:48","modified_gmt":"2026-04-24T07:21:48","slug":"hem-guanyat-el-posa-hi-tu-laccent","status":"publish","type":"post","link":"https:\/\/agora.xtec.cat\/iesjoanamigo\/eso\/eso-2\/hem-guanyat-el-posa-hi-tu-laccent\/","title":{"rendered":"Hem guanyat el \u201cPosa-hi tu l\u2019accent\u201d"},"content":{"rendered":"<p><!--more--><\/p>\n<p align=\"justify\">Un grup de tres alumnes de 2n ESO del nostre institut ha sortit guanyador del concurs ling\u00fc\u00edstic \u201cPosa-hi tu l\u2019accent\u201d, que va tenir lloc el dimecres 22 d\u2019abril al teatre del Casal de l\u2019Espluga de Francol\u00ed.<\/p>\n<p align=\"justify\">\u201cPosa-hi tu l\u2019accent\u201d \u00e9s un concurs ling\u00fc\u00edstic amb dues particularitats. Per una banda, els participants s\u00f3n alumnes de 2n ESO dels quatre instituts de la Conca de Barber\u00e0. Aix\u00ed doncs, la platea del teatre l\u2019ocupaven, majorit\u00e0riament, alumnes de l\u2019Institut Mart\u00ed l\u2019Hum\u00e0 i del Col\u00b7legi Mare de D\u00e9u de la Serra de Montblanc, de l\u2019Institut Joan Segura i Valls de Santa Coloma de Queralt i de l\u2019Institut Joan Amig\u00f3 i Callau de l\u2019Espluga de Francol\u00ed. Tres representants de cada centre participaven en les diferents proves del certamen.<\/p>\n<p align=\"justify\">Per altra banda, la tem\u00e0tica de les preguntes que se\u2019ls fan resulta ben peculiar. Es tracta de paraules, expressions i frases fetes que s\u2019usen o s\u2019han usat a la nostra comarca; \u00e9s a dir que configuren el nostre subdialecte tarragon\u00ed.<\/p>\n<p align=\"justify\">De fet, el concurs \u201cPosa-hi tu l\u2019accent\u201d es va crear l\u2019any passat amb motiu de la celebraci\u00f3 a l\u2019Espluga del <i>Festival de les variants dialectals de la llengua catalana<\/i>. Enguany se n\u2019ha celebrat la segona edici\u00f3 aprofitant l\u2019avinentesa del Correllengua Agermanat.<\/p>\n<p align=\"justify\">Moltes felicitats a tots tres, perqu\u00e8 sabem que es van preparar de valent per participar-hi.<\/p>\n<p align=\"justify\"><div class=\"h5p-content\" data-content-id=\"277\"><\/div><\/p>\n","protected":false},"excerpt":{"rendered":"","protected":false},"author":1,"featured_media":8125,"comment_status":"open","ping_status":"open","sticky":false,"template":"","format":"standard","meta":{"_bbp_topic_count":0,"_bbp_reply_count":0,"_bbp_total_topic_count":0,"_bbp_total_reply_count":0,"_bbp_voice_count":0,"_bbp_anonymous_reply_count":0,"_bbp_topic_count_hidden":0,"_bbp_reply_count_hidden":0,"_bbp_forum_subforum_count":0,"site-sidebar-layout":"default","site-content-layout":"","ast-site-content-layout":"default","site-content-style":"default","site-sidebar-style":"default","ast-global-header-display":"","ast-banner-title-visibility":"","ast-main-header-display":"","ast-hfb-above-header-display":"","ast-hfb-below-header-display":"","ast-hfb-mobile-header-display":"","site-post-title":"","ast-breadcrumbs-content":"","ast-featured-img":"","footer-sml-layout":"","theme-transparent-header-meta":"default","adv-header-id-meta":"","stick-header-meta":"","header-above-stick-meta":"","header-main-stick-meta":"","header-below-stick-meta":"","astra-migrate-meta-layouts":"set","ast-page-background-enabled":"default","ast-page-background-meta":{"desktop":{"background-color":"var(--ast-global-color-4)","background-image":"","background-repeat":"repeat","background-position":"center center","background-size":"auto","background-attachment":"scroll","background-type":"","background-media":"","overlay-type":"","overlay-color":"","overlay-opacity":"","overlay-gradient":""},"tablet":{"background-color":"","background-image":"","background-repeat":"repeat","background-position":"center center","background-size":"auto","background-attachment":"scroll","background-type":"","background-media":"","overlay-type":"","overlay-color":"","overlay-opacity":"","overlay-gradient":""},"mobile":{"background-color":"","background-image":"","background-repeat":"repeat","background-position":"center center","background-size":"auto","background-attachment":"scroll","background-type":"","background-media":"","overlay-type":"","overlay-color":"","overlay-opacity":"","overlay-gradient":""}},"ast-content-background-meta":{"desktop":{"background-color":"var(--ast-global-color-5)","background-image":"","background-repeat":"repeat","background-position":"center center","background-size":"auto","background-attachment":"scroll","background-type":"","background-media":"","overlay-type":"","overlay-color":"","overlay-opacity":"","overlay-gradient":""},"tablet":{"background-color":"var(--ast-global-color-5)","background-image":"","background-repeat":"repeat","background-position":"center center","background-size":"auto","background-attachment":"scroll","background-type":"","background-media":"","overlay-type":"","overlay-color":"","overlay-opacity":"","overlay-gradient":""},"mobile":{"background-color":"var(--ast-global-color-5)","background-image":"","background-repeat":"repeat","background-position":"center center","background-size":"auto","background-attachment":"scroll","background-type":"","background-media":"","overlay-type":"","overlay-color":"","overlay-opacity":"","overlay-gradient":""}},"footnotes":""},"categories":[5,29],"tags":[405],"class_list":["post-8124","post","type-post","status-publish","format-standard","has-post-thumbnail","hentry","category-eso-2","category-portada","tag-posa-hi-tu-laccent"],"post_mailing_queue_ids":[],"_links":{"self":[{"href":"https:\/\/agora.xtec.cat\/iesjoanamigo\/wp-json\/wp\/v2\/posts\/8124","targetHints":{"allow":["GET"]}}],"collection":[{"href":"https:\/\/agora.xtec.cat\/iesjoanamigo\/wp-json\/wp\/v2\/posts"}],"about":[{"href":"https:\/\/agora.xtec.cat\/iesjoanamigo\/wp-json\/wp\/v2\/types\/post"}],"author":[{"embeddable":true,"href":"https:\/\/agora.xtec.cat\/iesjoanamigo\/wp-json\/wp\/v2\/users\/1"}],"replies":[{"embeddable":true,"href":"https:\/\/agora.xtec.cat\/iesjoanamigo\/wp-json\/wp\/v2\/comments?post=8124"}],"version-history":[{"count":1,"href":"https:\/\/agora.xtec.cat\/iesjoanamigo\/wp-json\/wp\/v2\/posts\/8124\/revisions"}],"predecessor-version":[{"id":8126,"href":"https:\/\/agora.xtec.cat\/iesjoanamigo\/wp-json\/wp\/v2\/posts\/8124\/revisions\/8126"}],"wp:featuredmedia":[{"embeddable":true,"href":"https:\/\/agora.xtec.cat\/iesjoanamigo\/wp-json\/wp\/v2\/media\/8125"}],"wp:attachment":[{"href":"https:\/\/agora.xtec.cat\/iesjoanamigo\/wp-json\/wp\/v2\/media?parent=8124"}],"wp:term":[{"taxonomy":"category","embeddable":true,"href":"https:\/\/agora.xtec.cat\/iesjoanamigo\/wp-json\/wp\/v2\/categories?post=8124"},{"taxonomy":"post_tag","embeddable":true,"href":"https:\/\/agora.xtec.cat\/iesjoanamigo\/wp-json\/wp\/v2\/tags?post=8124"}],"curies":[{"name":"wp","href":"https:\/\/api.w.org\/{rel}","templated":true}]}}