{"id":72,"date":"2011-05-04T11:36:16","date_gmt":"2011-05-04T10:36:16","guid":{"rendered":"http:\/\/insjoanamigo.cat\/traspas\/2011\/05\/04\/preinscripcio-al-cicle-formatiu-d-informatica\/"},"modified":"2017-10-24T11:59:03","modified_gmt":"2017-10-24T09:59:03","slug":"preinscripcio-al-cicle-formatiu-d-informatica","status":"publish","type":"post","link":"https:\/\/agora.xtec.cat\/iesjoanamigo\/portada\/preinscripcio-al-cicle-formatiu-d-informatica\/","title":{"rendered":"Preinscripci\u00f3 al Cicle formatiu d&#8217;inform\u00e0tica"},"content":{"rendered":"<p>Per tal de cursar el Cicle Formatiu de Grau Mitj\u00e0 de Sistemes Microinform\u00e0tics i Xarxes s&#8217;ha de realitzar la sol\u00b7licitud corresponent entre els dies <strong>9 i 20 de maig<\/strong> i presentar-la juntament amb la documentaci\u00f3 requerida a la secretaria de l&#8217;institut.<\/p>\n<p>  <!--more-->  <\/p>\n<p>\u00a0<\/p>\n<p> <!--break--> <\/p>\n<p>La documentaci\u00f3 identificativa necess\u00e0ria \u00e9s la seg\u00fcent:<\/p>\n<ul>\n<li>L&#8217;original i una fotoc\u00f2pia del DNI.<\/li>\n<li>L&#8217;original i una fotoc\u00f2pia de la targeta sanit\u00e0ria individual (TSI).<\/li>\n<li>En el cas de menors d&#8217;edat, s&#8217;ha d&#8217;aportar a m\u00e9s:\n<p>\u00a0<\/p>\n<ul>\n<li>L&#8217;original i una fotoc\u00f2pia del llibre de fam\u00edlia o altres documents relatius a la filiaci\u00f3.<\/li>\n<li>L&#8217;original i una fotoc\u00f2pia del DNI del pare, la mare o el tutor\/a legal de l&#8217;alumne\/a.<\/li>\n<\/ul>\n<\/li>\n<\/ul>\n<p>La documentaci\u00f3 acad\u00e8mica necess\u00e0ria \u00e9s la seg\u00fcent:<\/p>\n<ul>\n<li>El certificat de la qualificaci\u00f3 de la prova d&#8217;acc\u00e9s.<\/li>\n<li>En el cas de l&#8217;alumnat que ha acabat l&#8217;ESO, el certificat acad\u00e8mic de la qualificaci\u00f3 mitjana num\u00e8rica.<\/li>\n<li>Si l&#8217;alumne\/a encara est\u00e0 cursant els estudis, certificat de la qualificaci\u00f3 mitjana dels cursos ja avaluats definitivament.<\/li>\n<\/ul>\n<p>Tamb\u00e9 s&#8217;ha d&#8217;entregar la sol\u00b7licitud de preinscripci\u00f3 que hi ha adjuntada en aquesta not\u00edcia.<\/p>\n<p>Per completar la informaci\u00f3, podeu consultar-la al web del <a href=\"http:\/\/www20.gencat.cat\/portal\/site\/queestudiar\/menuitem.d7cfc336363a7af8e85c7273b0c0e1a0\/?vgnextoid=4691741b7df2b210VgnVCM2000009b0c1e0aRCRD&amp;vgnextchannel=4691741b7df2b210VgnVCM2000009b0c1e0aRCRD&amp;vgnextfmt=default\">Departament d&#8217;Ensenyament<\/a>.<\/p>\n","protected":false},"excerpt":{"rendered":"<p>Per tal de cursar el Cicle Formatiu de Grau Mitj\u00e0 de Sistemes Microinform\u00e0tics i Xarxes s&#8217;ha de realitzar la sol\u00b7licitud corresponent entre els dies 9 i 20 de maig i presentar-la juntament amb la documentaci\u00f3 requerida a la secretaria de l&#8217;institut.<\/p>\n","protected":false},"author":1,"featured_media":0,"comment_status":"open","ping_status":"open","sticky":false,"template":"","format":"standard","meta":{"_bbp_topic_count":0,"_bbp_reply_count":0,"_bbp_total_topic_count":0,"_bbp_total_reply_count":0,"_bbp_voice_count":0,"_bbp_anonymous_reply_count":0,"_bbp_topic_count_hidden":0,"_bbp_reply_count_hidden":0,"_bbp_forum_subforum_count":0,"site-sidebar-layout":"default","site-content-layout":"","ast-site-content-layout":"","site-content-style":"default","site-sidebar-style":"default","ast-global-header-display":"","ast-banner-title-visibility":"","ast-main-header-display":"","ast-hfb-above-header-display":"","ast-hfb-below-header-display":"","ast-hfb-mobile-header-display":"","site-post-title":"","ast-breadcrumbs-content":"","ast-featured-img":"","footer-sml-layout":"","theme-transparent-header-meta":"","adv-header-id-meta":"","stick-header-meta":"","header-above-stick-meta":"","header-main-stick-meta":"","header-below-stick-meta":"","astra-migrate-meta-layouts":"default","ast-page-background-enabled":"default","ast-page-background-meta":{"desktop":{"background-color":"var(--ast-global-color-4)","background-image":"","background-repeat":"repeat","background-position":"center center","background-size":"auto","background-attachment":"scroll","background-type":"","background-media":"","overlay-type":"","overlay-color":"","overlay-opacity":"","overlay-gradient":""},"tablet":{"background-color":"","background-image":"","background-repeat":"repeat","background-position":"center center","background-size":"auto","background-attachment":"scroll","background-type":"","background-media":"","overlay-type":"","overlay-color":"","overlay-opacity":"","overlay-gradient":""},"mobile":{"background-color":"","background-image":"","background-repeat":"repeat","background-position":"center center","background-size":"auto","background-attachment":"scroll","background-type":"","background-media":"","overlay-type":"","overlay-color":"","overlay-opacity":"","overlay-gradient":""}},"ast-content-background-meta":{"desktop":{"background-color":"var(--ast-global-color-5)","background-image":"","background-repeat":"repeat","background-position":"center center","background-size":"auto","background-attachment":"scroll","background-type":"","background-media":"","overlay-type":"","overlay-color":"","overlay-opacity":"","overlay-gradient":""},"tablet":{"background-color":"var(--ast-global-color-5)","background-image":"","background-repeat":"repeat","background-position":"center center","background-size":"auto","background-attachment":"scroll","background-type":"","background-media":"","overlay-type":"","overlay-color":"","overlay-opacity":"","overlay-gradient":""},"mobile":{"background-color":"var(--ast-global-color-5)","background-image":"","background-repeat":"repeat","background-position":"center center","background-size":"auto","background-attachment":"scroll","background-type":"","background-media":"","overlay-type":"","overlay-color":"","overlay-opacity":"","overlay-gradient":""}},"footnotes":""},"categories":[126,29],"tags":[],"class_list":["post-72","post","type-post","status-publish","format-standard","hentry","category-noticia","category-portada"],"post_mailing_queue_ids":[],"_links":{"self":[{"href":"https:\/\/agora.xtec.cat\/iesjoanamigo\/wp-json\/wp\/v2\/posts\/72","targetHints":{"allow":["GET"]}}],"collection":[{"href":"https:\/\/agora.xtec.cat\/iesjoanamigo\/wp-json\/wp\/v2\/posts"}],"about":[{"href":"https:\/\/agora.xtec.cat\/iesjoanamigo\/wp-json\/wp\/v2\/types\/post"}],"author":[{"embeddable":true,"href":"https:\/\/agora.xtec.cat\/iesjoanamigo\/wp-json\/wp\/v2\/users\/1"}],"replies":[{"embeddable":true,"href":"https:\/\/agora.xtec.cat\/iesjoanamigo\/wp-json\/wp\/v2\/comments?post=72"}],"version-history":[{"count":1,"href":"https:\/\/agora.xtec.cat\/iesjoanamigo\/wp-json\/wp\/v2\/posts\/72\/revisions"}],"predecessor-version":[{"id":1638,"href":"https:\/\/agora.xtec.cat\/iesjoanamigo\/wp-json\/wp\/v2\/posts\/72\/revisions\/1638"}],"wp:attachment":[{"href":"https:\/\/agora.xtec.cat\/iesjoanamigo\/wp-json\/wp\/v2\/media?parent=72"}],"wp:term":[{"taxonomy":"category","embeddable":true,"href":"https:\/\/agora.xtec.cat\/iesjoanamigo\/wp-json\/wp\/v2\/categories?post=72"},{"taxonomy":"post_tag","embeddable":true,"href":"https:\/\/agora.xtec.cat\/iesjoanamigo\/wp-json\/wp\/v2\/tags?post=72"}],"curies":[{"name":"wp","href":"https:\/\/api.w.org\/{rel}","templated":true}]}}