{"id":6608,"date":"2024-12-09T10:02:16","date_gmt":"2024-12-09T09:02:16","guid":{"rendered":"https:\/\/agora.xtec.cat\/iesjoanamigo\/?p=6608"},"modified":"2024-12-09T10:03:04","modified_gmt":"2024-12-09T09:03:04","slug":"un-trimestre-productiu-a-lhort","status":"publish","type":"post","link":"https:\/\/agora.xtec.cat\/iesjoanamigo\/eso\/eso-2\/un-trimestre-productiu-a-lhort\/","title":{"rendered":"Un trimestre productiu a l&#8217;hort"},"content":{"rendered":"<h3><!--more-->Recuperem l\u2019hort i donem vida al galliner, un projecte ple d&#8217;aprenentatges.<\/h3>\n<p><strong><em>Alumnat de l\u2019optativa d\u2019hort de 2n d\u2019ESO (1r trimestre)<\/em><\/strong><\/p>\n<p><a href=\"https:\/\/agora.xtec.cat\/iesjoanamigo\/wp-content\/uploads\/usu506\/2024\/12\/1-1.png\"><img loading=\"lazy\" decoding=\"async\" class=\"alignright size-full wp-image-6609\" src=\"https:\/\/agora.xtec.cat\/iesjoanamigo\/wp-content\/uploads\/usu506\/2024\/12\/1-1.png\" alt=\"\" width=\"421\" height=\"480\" srcset=\"https:\/\/agora.xtec.cat\/iesjoanamigo\/wp-content\/uploads\/usu506\/2024\/12\/1-1.png 421w, https:\/\/agora.xtec.cat\/iesjoanamigo\/wp-content\/uploads\/usu506\/2024\/12\/1-1-263x300.png 263w\" sizes=\"auto, (max-width: 421px) 100vw, 421px\" \/><\/a>Nosaltres som l\u2019alumnat de 2n de l\u2019Institut Joan Amig\u00f3 i Callau amb l\u2019enc\u00e0rrec de la cura de l\u2019hort durant el 1r trimestre.<br \/>\nAl setembre, amb molta il\u00b7lusi\u00f3, vam comen\u00e7ar l\u2019optativa d\u2019hort. L\u2019objectiu era arreglar l\u2019hort per, d\u2019aquesta manera, poder-hi plantar tota mena de plantes d\u2019hivern.<br \/>\nEvidentment, quan vam comen\u00e7ar a treballar a l\u2019hort hi havia molta feina per fer perqu\u00e8 feia dos mesos que no s\u2019hi treballava ning\u00fa i vam haver de pencar molt perqu\u00e8 s\u2019havien de treure les plantes de l\u2019hort d\u2019estiu i les mates herbes, llaurar l\u2019hort i preparar la terra per la plantaci\u00f3, condicionar l\u2019hivernacle, netejar i arreglar el galliner&#8230;<\/p>\n<p>Un cop ten\u00edem l\u2019hort net de les herbes, el vam llaurar amb el motocultor i ara s\u00ed, ja pod\u00edem plantar! A l\u2019hort hi hem plantat: cebes per fer cal\u00e7ots, cols, coliflors, br\u00f2quils, faves, espinacs, bledes, cebes i maduixeres.<\/p>\n<p>La majoria de les plantes es cultiven com gaireb\u00e9 tothom coneix, fent un crestall a terra, posant-hi la planta i tornar-la a tapar. Encara que aquest procediment sembla f\u00e0cil, tampoc ho \u00e9s tant. Abans de fer el crestall has de posar un fil de punta a punta del crestall per poder-lo fer ben recte. A part, no es pot picar amb l&#8217;aixada a terra aix\u00ed com aix\u00ed, la persona que fa l&#8217;operaci\u00f3 s\u2019ha de posar amb les cames obertes perqu\u00e8 si l\u2019aixada es desvia, no li toqui les cames.<\/p>\n<p>En canvi, els espinacs es planten en eixams en les eres que, b\u00e0sicament, consisteix a tirar la llavor amb la m\u00e0 en un crestall m\u00e9s ample del normal i despr\u00e9s rascar-ho amb un rasclet perqu\u00e8 la llavor quedi una mica enterrada.<\/p>\n<p>A l\u2019hivernacle tamb\u00e9 hi hem plantat algunes plantes com els enciams, alguns espinacs i quatre maduixeres.<\/p>\n<p><a href=\"https:\/\/agora.xtec.cat\/iesjoanamigo\/wp-content\/uploads\/usu506\/2024\/12\/2.png\"><img loading=\"lazy\" decoding=\"async\" class=\"aligncenter size-large wp-image-6610\" src=\"https:\/\/agora.xtec.cat\/iesjoanamigo\/wp-content\/uploads\/usu506\/2024\/12\/2-1024x477.png\" alt=\"\" width=\"1024\" height=\"477\" srcset=\"https:\/\/agora.xtec.cat\/iesjoanamigo\/wp-content\/uploads\/usu506\/2024\/12\/2-1024x477.png 1024w, https:\/\/agora.xtec.cat\/iesjoanamigo\/wp-content\/uploads\/usu506\/2024\/12\/2-300x140.png 300w, https:\/\/agora.xtec.cat\/iesjoanamigo\/wp-content\/uploads\/usu506\/2024\/12\/2-768x358.png 768w, https:\/\/agora.xtec.cat\/iesjoanamigo\/wp-content\/uploads\/usu506\/2024\/12\/2.png 1147w\" sizes=\"auto, (max-width: 1024px) 100vw, 1024px\" \/><\/a><\/p>\n<p>&nbsp;<\/p>\n<p>&nbsp;<\/p>\n<p>Un cop plantat tot l\u2019hort, mentre tot anava creixent, tamb\u00e9 sortien plantes espont\u00e0nies (tamb\u00e9 conegudes com a males herbes), que hem anat traient amb una aixada pel voltant de les plantes que hav\u00edem plantat. Tamb\u00e9 ens hem dedicat a cal\u00e7ar els cal\u00e7ots, per tal d\u2019aconseguir la forma allargada i el color blanc d\u2019aquest producte.<\/p>\n<p><a href=\"https:\/\/agora.xtec.cat\/iesjoanamigo\/wp-content\/uploads\/usu506\/2024\/12\/3.png\"><img loading=\"lazy\" decoding=\"async\" class=\"alignright wp-image-6611\" src=\"https:\/\/agora.xtec.cat\/iesjoanamigo\/wp-content\/uploads\/usu506\/2024\/12\/3.png\" alt=\"\" width=\"480\" height=\"448\" srcset=\"https:\/\/agora.xtec.cat\/iesjoanamigo\/wp-content\/uploads\/usu506\/2024\/12\/3.png 472w, https:\/\/agora.xtec.cat\/iesjoanamigo\/wp-content\/uploads\/usu506\/2024\/12\/3-300x280.png 300w\" sizes=\"auto, (max-width: 480px) 100vw, 480px\" \/><\/a>Aquesta tardor ha estat molt plujosa i aix\u00f2 ha afavorit molt les plantes del nostre hort, a banda de que no hem hagut de regar pr\u00e0cticament cap planta, a excepci\u00f3 de les de l\u2019hivernacle, \u00e9s clar.<\/p>\n<p>Les gallines van arribar al centre un cop comen\u00e7ada l\u2019optativa. Des d\u2019aleshores quals les hem cuidat molt: els hem proporcionat aliment i aigua, les hem deixat sortir a pasturar una estona cada dia i els hem anat netejant el galliner. Elles, a canvi, ens han proporcionat molts ous, que ens hem anat repartint entre l\u2019alumnat de l\u2019assignatura.<\/p>\n<p>\u00c9s veritat que no podrem collir-ne els fruits, nosaltres, ja que ho faran els companys del 2n o 3r trimestre, per\u00f2 \u00e9s molt satisfactori veure tot el nostre treball cr\u00e9ixer i avan\u00e7ar.<\/p>\n<p>Amb aquesta optativa hem apr\u00e8s moltes coses sobre els horts i les plantes que no sab\u00edem, com per exemple qu\u00e8 \u00e9s sembrar a eixams, qu\u00e8 \u00e9s un a era, com utilitzar un hivernacle i com tractar a les gallines. Ens ho hem passat genial cuidant de les gallines, per\u00f2 sobretot hem apr\u00e8s a valorar la feina dels pagesos i les pageses, que s\u00f3n els que ens proporcionen diversos aliments, i que ara veiem que potser haur\u00edem d\u2019apreciar m\u00e9s.<\/p>\n","protected":false},"excerpt":{"rendered":"","protected":false},"author":1,"featured_media":6612,"comment_status":"open","ping_status":"closed","sticky":false,"template":"","format":"standard","meta":{"_bbp_topic_count":0,"_bbp_reply_count":0,"_bbp_total_topic_count":0,"_bbp_total_reply_count":0,"_bbp_voice_count":0,"_bbp_anonymous_reply_count":0,"_bbp_topic_count_hidden":0,"_bbp_reply_count_hidden":0,"_bbp_forum_subforum_count":0,"site-sidebar-layout":"default","site-content-layout":"","ast-site-content-layout":"","site-content-style":"default","site-sidebar-style":"default","ast-global-header-display":"","ast-banner-title-visibility":"","ast-main-header-display":"","ast-hfb-above-header-display":"","ast-hfb-below-header-display":"","ast-hfb-mobile-header-display":"","site-post-title":"","ast-breadcrumbs-content":"","ast-featured-img":"","footer-sml-layout":"","theme-transparent-header-meta":"","adv-header-id-meta":"","stick-header-meta":"","header-above-stick-meta":"","header-main-stick-meta":"","header-below-stick-meta":"","astra-migrate-meta-layouts":"default","ast-page-background-enabled":"default","ast-page-background-meta":{"desktop":{"background-color":"var(--ast-global-color-4)","background-image":"","background-repeat":"repeat","background-position":"center center","background-size":"auto","background-attachment":"scroll","background-type":"","background-media":"","overlay-type":"","overlay-color":"","overlay-opacity":"","overlay-gradient":""},"tablet":{"background-color":"","background-image":"","background-repeat":"repeat","background-position":"center center","background-size":"auto","background-attachment":"scroll","background-type":"","background-media":"","overlay-type":"","overlay-color":"","overlay-opacity":"","overlay-gradient":""},"mobile":{"background-color":"","background-image":"","background-repeat":"repeat","background-position":"center center","background-size":"auto","background-attachment":"scroll","background-type":"","background-media":"","overlay-type":"","overlay-color":"","overlay-opacity":"","overlay-gradient":""}},"ast-content-background-meta":{"desktop":{"background-color":"var(--ast-global-color-5)","background-image":"","background-repeat":"repeat","background-position":"center center","background-size":"auto","background-attachment":"scroll","background-type":"","background-media":"","overlay-type":"","overlay-color":"","overlay-opacity":"","overlay-gradient":""},"tablet":{"background-color":"var(--ast-global-color-5)","background-image":"","background-repeat":"repeat","background-position":"center center","background-size":"auto","background-attachment":"scroll","background-type":"","background-media":"","overlay-type":"","overlay-color":"","overlay-opacity":"","overlay-gradient":""},"mobile":{"background-color":"var(--ast-global-color-5)","background-image":"","background-repeat":"repeat","background-position":"center center","background-size":"auto","background-attachment":"scroll","background-type":"","background-media":"","overlay-type":"","overlay-color":"","overlay-opacity":"","overlay-gradient":""}},"footnotes":""},"categories":[5,29],"tags":[332],"class_list":["post-6608","post","type-post","status-publish","format-standard","has-post-thumbnail","hentry","category-eso-2","category-portada","tag-hort"],"post_mailing_queue_ids":[],"_links":{"self":[{"href":"https:\/\/agora.xtec.cat\/iesjoanamigo\/wp-json\/wp\/v2\/posts\/6608","targetHints":{"allow":["GET"]}}],"collection":[{"href":"https:\/\/agora.xtec.cat\/iesjoanamigo\/wp-json\/wp\/v2\/posts"}],"about":[{"href":"https:\/\/agora.xtec.cat\/iesjoanamigo\/wp-json\/wp\/v2\/types\/post"}],"author":[{"embeddable":true,"href":"https:\/\/agora.xtec.cat\/iesjoanamigo\/wp-json\/wp\/v2\/users\/1"}],"replies":[{"embeddable":true,"href":"https:\/\/agora.xtec.cat\/iesjoanamigo\/wp-json\/wp\/v2\/comments?post=6608"}],"version-history":[{"count":2,"href":"https:\/\/agora.xtec.cat\/iesjoanamigo\/wp-json\/wp\/v2\/posts\/6608\/revisions"}],"predecessor-version":[{"id":6614,"href":"https:\/\/agora.xtec.cat\/iesjoanamigo\/wp-json\/wp\/v2\/posts\/6608\/revisions\/6614"}],"wp:featuredmedia":[{"embeddable":true,"href":"https:\/\/agora.xtec.cat\/iesjoanamigo\/wp-json\/wp\/v2\/media\/6612"}],"wp:attachment":[{"href":"https:\/\/agora.xtec.cat\/iesjoanamigo\/wp-json\/wp\/v2\/media?parent=6608"}],"wp:term":[{"taxonomy":"category","embeddable":true,"href":"https:\/\/agora.xtec.cat\/iesjoanamigo\/wp-json\/wp\/v2\/categories?post=6608"},{"taxonomy":"post_tag","embeddable":true,"href":"https:\/\/agora.xtec.cat\/iesjoanamigo\/wp-json\/wp\/v2\/tags?post=6608"}],"curies":[{"name":"wp","href":"https:\/\/api.w.org\/{rel}","templated":true}]}}