{"id":5584,"date":"2023-10-03T11:15:02","date_gmt":"2023-10-03T09:15:02","guid":{"rendered":"https:\/\/agora.xtec.cat\/iesjoanamigo\/?p=5584"},"modified":"2024-01-31T12:49:35","modified_gmt":"2024-01-31T11:49:35","slug":"a-linstitut-joan-amigo-celebrem-el-plurilinguisme-europeu","status":"publish","type":"post","link":"https:\/\/agora.xtec.cat\/iesjoanamigo\/eso\/a-linstitut-joan-amigo-celebrem-el-plurilinguisme-europeu\/","title":{"rendered":"A l\u2019Institut Joan Amig\u00f3 celebrem el pluriling\u00fcisme europeu"},"content":{"rendered":"<p><!--more-->Amb motiu del Dia de les Lleng\u00fces d\u2019Europa, que se celebra el 26 de setembre, el Departament de Lleng\u00fces de l\u2019Institut Joan Amig\u00f3 ha organitzat diverses activitats per fer-ne ress\u00f2 a les aules.<\/p>\n<p>A 1r d\u2019ESO s\u2019ha parlat del que s\u00f3n les lleng\u00fces rom\u00e0niques, les que han evolucionat en base al llat\u00ed, i dels diferents alfabets ling\u00fc\u00edstics.<\/p>\n<p>A 2n d\u2019ESO es va treballar el biling\u00fcisme de l\u2019estat espanyol mitjan\u00e7ant la realitzaci\u00f3 d\u2019una enquesta sobre l\u2019\u00fas que fa la poblaci\u00f3 del catal\u00e0 en determinats \u00e0mbits, la premsa, la m\u00fasica, els videojocs i el cinema\/s\u00e8ries. Dels resultats, se\u2019n va fer una reflexi\u00f3 a l\u2019aula.<\/p>\n<p>A 4t d\u2019ESO l\u2019alumnat ha classificat totes les lleng\u00fces parlades a Europa segons si eren o no indoeuropees i, en cas que ho fossin, segons la fam\u00edlia ling\u00fc\u00edstica a la qual pertanyen. A m\u00e9s de familiaritzar-se amb els noms de lleng\u00fces tan poc conegudes com el fris\u00f3, el manx o el c\u00f2rnic, per posar alguns exemples, s\u2019han fet c\u00e0rrec de la complexitat i alhora riquesa ling\u00fc\u00edstica del vell continent.<\/p>\n<p>Per acabar, s\u2019ha llegit un fragment del document \u201cMorir-se en catal\u00e0\u201d de la destacada ling\u00fcista recentment desapareguda Carme Junyent.<\/p>\n<p>Tot plegat, es pot visualitzar en els treballs que s\u2019han penjat als passadissos de l\u2019institut.<\/p>\n<div class=\"h5p-content\" data-content-id=\"58\"><\/div>\n","protected":false},"excerpt":{"rendered":"","protected":false},"author":1,"featured_media":5585,"comment_status":"open","ping_status":"closed","sticky":false,"template":"","format":"standard","meta":{"_bbp_topic_count":0,"_bbp_reply_count":0,"_bbp_total_topic_count":0,"_bbp_total_reply_count":0,"_bbp_voice_count":0,"_bbp_anonymous_reply_count":0,"_bbp_topic_count_hidden":0,"_bbp_reply_count_hidden":0,"_bbp_forum_subforum_count":0,"site-sidebar-layout":"default","site-content-layout":"","ast-site-content-layout":"","site-content-style":"default","site-sidebar-style":"default","ast-global-header-display":"","ast-banner-title-visibility":"","ast-main-header-display":"","ast-hfb-above-header-display":"","ast-hfb-below-header-display":"","ast-hfb-mobile-header-display":"","site-post-title":"","ast-breadcrumbs-content":"","ast-featured-img":"","footer-sml-layout":"","theme-transparent-header-meta":"","adv-header-id-meta":"","stick-header-meta":"","header-above-stick-meta":"","header-main-stick-meta":"","header-below-stick-meta":"","astra-migrate-meta-layouts":"default","ast-page-background-enabled":"default","ast-page-background-meta":{"desktop":{"background-color":"var(--ast-global-color-4)","background-image":"","background-repeat":"repeat","background-position":"center center","background-size":"auto","background-attachment":"scroll","background-type":"","background-media":"","overlay-type":"","overlay-color":"","overlay-opacity":"","overlay-gradient":""},"tablet":{"background-color":"","background-image":"","background-repeat":"repeat","background-position":"center center","background-size":"auto","background-attachment":"scroll","background-type":"","background-media":"","overlay-type":"","overlay-color":"","overlay-opacity":"","overlay-gradient":""},"mobile":{"background-color":"","background-image":"","background-repeat":"repeat","background-position":"center center","background-size":"auto","background-attachment":"scroll","background-type":"","background-media":"","overlay-type":"","overlay-color":"","overlay-opacity":"","overlay-gradient":""}},"ast-content-background-meta":{"desktop":{"background-color":"var(--ast-global-color-5)","background-image":"","background-repeat":"repeat","background-position":"center center","background-size":"auto","background-attachment":"scroll","background-type":"","background-media":"","overlay-type":"","overlay-color":"","overlay-opacity":"","overlay-gradient":""},"tablet":{"background-color":"var(--ast-global-color-5)","background-image":"","background-repeat":"repeat","background-position":"center center","background-size":"auto","background-attachment":"scroll","background-type":"","background-media":"","overlay-type":"","overlay-color":"","overlay-opacity":"","overlay-gradient":""},"mobile":{"background-color":"var(--ast-global-color-5)","background-image":"","background-repeat":"repeat","background-position":"center center","background-size":"auto","background-attachment":"scroll","background-type":"","background-media":"","overlay-type":"","overlay-color":"","overlay-opacity":"","overlay-gradient":""}},"footnotes":""},"categories":[3,100,29],"tags":[189,191,192,190],"class_list":["post-5584","post","type-post","status-publish","format-standard","has-post-thumbnail","hentry","category-eso","category-lectura","category-portada","tag-curs-2023-2024","tag-europa","tag-joan-amigo","tag-llengues"],"post_mailing_queue_ids":[],"_links":{"self":[{"href":"https:\/\/agora.xtec.cat\/iesjoanamigo\/wp-json\/wp\/v2\/posts\/5584","targetHints":{"allow":["GET"]}}],"collection":[{"href":"https:\/\/agora.xtec.cat\/iesjoanamigo\/wp-json\/wp\/v2\/posts"}],"about":[{"href":"https:\/\/agora.xtec.cat\/iesjoanamigo\/wp-json\/wp\/v2\/types\/post"}],"author":[{"embeddable":true,"href":"https:\/\/agora.xtec.cat\/iesjoanamigo\/wp-json\/wp\/v2\/users\/1"}],"replies":[{"embeddable":true,"href":"https:\/\/agora.xtec.cat\/iesjoanamigo\/wp-json\/wp\/v2\/comments?post=5584"}],"version-history":[{"count":3,"href":"https:\/\/agora.xtec.cat\/iesjoanamigo\/wp-json\/wp\/v2\/posts\/5584\/revisions"}],"predecessor-version":[{"id":5615,"href":"https:\/\/agora.xtec.cat\/iesjoanamigo\/wp-json\/wp\/v2\/posts\/5584\/revisions\/5615"}],"wp:featuredmedia":[{"embeddable":true,"href":"https:\/\/agora.xtec.cat\/iesjoanamigo\/wp-json\/wp\/v2\/media\/5585"}],"wp:attachment":[{"href":"https:\/\/agora.xtec.cat\/iesjoanamigo\/wp-json\/wp\/v2\/media?parent=5584"}],"wp:term":[{"taxonomy":"category","embeddable":true,"href":"https:\/\/agora.xtec.cat\/iesjoanamigo\/wp-json\/wp\/v2\/categories?post=5584"},{"taxonomy":"post_tag","embeddable":true,"href":"https:\/\/agora.xtec.cat\/iesjoanamigo\/wp-json\/wp\/v2\/tags?post=5584"}],"curies":[{"name":"wp","href":"https:\/\/api.w.org\/{rel}","templated":true}]}}