{"id":5512,"date":"2023-06-20T11:33:33","date_gmt":"2023-06-20T09:33:33","guid":{"rendered":"https:\/\/agora.xtec.cat\/iesjoanamigo\/?p=5512"},"modified":"2023-06-20T11:33:33","modified_gmt":"2023-06-20T09:33:33","slug":"premiats-els-guanyadors-del-concurs-de-llegendes","status":"publish","type":"post","link":"https:\/\/agora.xtec.cat\/iesjoanamigo\/eso\/premiats-els-guanyadors-del-concurs-de-llegendes\/","title":{"rendered":"Premiats els guanyadors del Concurs de Llegendes"},"content":{"rendered":"<p dir=\"ltr\">El passat 13 de juny es van repartir els obsequis amb qu\u00e8 s\u2019han premiat els guanyadors i guanyadores dels taller-concurs de llegendes que l\u2019alumnat de 4t d\u2019ESO va organitzar per la Diada de Sant Jordi.<\/p>\n<p dir=\"ltr\">Els treballs presentats a concurs consistien en l\u2019adaptaci\u00f3 d\u2019una llegenda tradicional per tal d\u2019adequar-la a la realitat contempor\u00e0nia. Aix\u00ed, l\u2019alumnat partia de la lectura de la Llegenda de Sant Jordi de Joan Amades i de la Llegenda del Matrimoni, popular de Vimbod\u00ed i Poblet. A continuaci\u00f3 es feia el treball en grups d\u2019adaptaci\u00f3 de les circumst\u00e0ncies, tot mantenint-ne la trama.<\/p>\n<p dir=\"ltr\">L\u2019alumnat de 3r ESO Gamma, se\u2019l va obsequiar amb un bol\u00edgraf per a cadasc\u00fa perqu\u00e8, tot i que no van presentar la seva llegenda a concurs, s\u00ed que la va interpretar amb molt d\u2019encert el mateix dia de Sant Jordi.<\/p>\n<p dir=\"ltr\">S\u2019ha de dir que els resultats van ser ben originals i divertits.<\/p>\n<p dir=\"ltr\">Aqu\u00ed teniu la llista de guanyadors i guanyadores. Podeu llegir aquestes llegendes en aquest enlla\u00e7 del blog de la biblioteca.<\/p>\n<p dir=\"ltr\">1r ESO Alfa:\u00a0\u201cLa llegenda de Tina i Georgina\u201d,\u00a0de P.C, L.G., \u00c8.R., M.S. i I.V.<br \/>\n1r ESO Beta:\u00a0\u201cLa princesa Pancr\u00e0cia, la m\u00e9s dolenta\u201d\u00a0d\u2019I.C., \u00c0.C., I.J,, L.L i M.N.<\/p>\n<p dir=\"ltr\">2n ESO Alfa:\u00a0\u201cEl cani i el Brian\u201d,\u00a0de V, P i L<br \/>\n2n ESO Beta:\u00a0\u201cEl matrimoni\u201d,\u00a0de R, J i N<br \/>\n2n ESO\u00a0 Gamma:\u00a0\u201cLlegenda de Sant Jordi\u201d,\u00a0d\u2019E, C i A<\/p>\n<p dir=\"ltr\">3r ESO Alfa:\u00a0\u201cUn Sant Jordi a la ciutat\u201d,\u00a0de J.B., S.C, A.\u00d2.a i M.V.<br \/>\n3r ESO Beta:\u00a0\u201cSant Jordi en temps de pand\u00e8mia\u201d,\u00a0de M.F., J.\u00d2., E.P. i G.R.<br \/>\n3r ESO Beta:\u00a0\u201cLa dona pudenta i el roser\u201d, d\u2019 A.C., A.d.C i I.P<\/p>\n<table style=\"border-collapse: collapse; width: 100%;\">\n<tbody>\n<tr>\n<td style=\"width: 50%;\"><img loading=\"lazy\" decoding=\"async\" class=\"size-medium wp-image-5516 aligncenter\" src=\"https:\/\/agora.xtec.cat\/iesjoanamigo\/wp-content\/uploads\/usu506\/2023\/06\/2-1-300x210.jpg\" alt=\"\" width=\"300\" height=\"210\" srcset=\"https:\/\/agora.xtec.cat\/iesjoanamigo\/wp-content\/uploads\/usu506\/2023\/06\/2-1-300x210.jpg 300w, https:\/\/agora.xtec.cat\/iesjoanamigo\/wp-content\/uploads\/usu506\/2023\/06\/2-1-1024x717.jpg 1024w, https:\/\/agora.xtec.cat\/iesjoanamigo\/wp-content\/uploads\/usu506\/2023\/06\/2-1-768x538.jpg 768w, https:\/\/agora.xtec.cat\/iesjoanamigo\/wp-content\/uploads\/usu506\/2023\/06\/2-1.jpg 1101w\" sizes=\"auto, (max-width: 300px) 100vw, 300px\" \/><\/td>\n<td style=\"width: 50%;\"><img loading=\"lazy\" decoding=\"async\" class=\"size-medium wp-image-5515 aligncenter\" src=\"https:\/\/agora.xtec.cat\/iesjoanamigo\/wp-content\/uploads\/usu506\/2023\/06\/1-1-300x263.jpg\" alt=\"\" width=\"300\" height=\"263\" srcset=\"https:\/\/agora.xtec.cat\/iesjoanamigo\/wp-content\/uploads\/usu506\/2023\/06\/1-1-300x263.jpg 300w, https:\/\/agora.xtec.cat\/iesjoanamigo\/wp-content\/uploads\/usu506\/2023\/06\/1-1-768x672.jpg 768w, https:\/\/agora.xtec.cat\/iesjoanamigo\/wp-content\/uploads\/usu506\/2023\/06\/1-1.jpg 960w\" sizes=\"auto, (max-width: 300px) 100vw, 300px\" \/><\/td>\n<\/tr>\n<tr>\n<td style=\"width: 50%;\"><img loading=\"lazy\" decoding=\"async\" class=\"size-medium wp-image-5514 aligncenter\" src=\"https:\/\/agora.xtec.cat\/iesjoanamigo\/wp-content\/uploads\/usu506\/2023\/06\/4-1-292x300.jpg\" alt=\"\" width=\"292\" height=\"300\" srcset=\"https:\/\/agora.xtec.cat\/iesjoanamigo\/wp-content\/uploads\/usu506\/2023\/06\/4-1-292x300.jpg 292w, https:\/\/agora.xtec.cat\/iesjoanamigo\/wp-content\/uploads\/usu506\/2023\/06\/4-1-768x788.jpg 768w, https:\/\/agora.xtec.cat\/iesjoanamigo\/wp-content\/uploads\/usu506\/2023\/06\/4-1.jpg 832w\" sizes=\"auto, (max-width: 292px) 100vw, 292px\" \/><\/td>\n<td style=\"width: 50%;\"><img loading=\"lazy\" decoding=\"async\" class=\"size-medium wp-image-5513 aligncenter\" src=\"https:\/\/agora.xtec.cat\/iesjoanamigo\/wp-content\/uploads\/usu506\/2023\/06\/3-1-268x300.jpg\" alt=\"\" width=\"268\" height=\"300\" srcset=\"https:\/\/agora.xtec.cat\/iesjoanamigo\/wp-content\/uploads\/usu506\/2023\/06\/3-1-268x300.jpg 268w, https:\/\/agora.xtec.cat\/iesjoanamigo\/wp-content\/uploads\/usu506\/2023\/06\/3-1.jpg 736w\" sizes=\"auto, (max-width: 268px) 100vw, 268px\" \/><\/td>\n<\/tr>\n<\/tbody>\n<\/table>\n","protected":false},"excerpt":{"rendered":"<p>El passat 13 de juny es van repartir els obsequis amb qu\u00e8 s\u2019han premiat els guanyadors i guanyadores dels taller-concurs de llegendes que l\u2019alumnat de 4t d\u2019ESO va organitzar per la Diada de Sant Jordi. Els treballs presentats a concurs consistien en l\u2019adaptaci\u00f3 d\u2019una llegenda tradicional per tal d\u2019adequar-la a la realitat contempor\u00e0nia. Aix\u00ed, l\u2019alumnat [&hellip;]<\/p>\n","protected":false},"author":1,"featured_media":5516,"comment_status":"open","ping_status":"closed","sticky":false,"template":"","format":"standard","meta":{"_bbp_topic_count":0,"_bbp_reply_count":0,"_bbp_total_topic_count":0,"_bbp_total_reply_count":0,"_bbp_voice_count":0,"_bbp_anonymous_reply_count":0,"_bbp_topic_count_hidden":0,"_bbp_reply_count_hidden":0,"_bbp_forum_subforum_count":0,"site-sidebar-layout":"default","site-content-layout":"","ast-site-content-layout":"","site-content-style":"default","site-sidebar-style":"default","ast-global-header-display":"","ast-banner-title-visibility":"","ast-main-header-display":"","ast-hfb-above-header-display":"","ast-hfb-below-header-display":"","ast-hfb-mobile-header-display":"","site-post-title":"","ast-breadcrumbs-content":"","ast-featured-img":"","footer-sml-layout":"","theme-transparent-header-meta":"","adv-header-id-meta":"","stick-header-meta":"","header-above-stick-meta":"","header-main-stick-meta":"","header-below-stick-meta":"","astra-migrate-meta-layouts":"default","ast-page-background-enabled":"default","ast-page-background-meta":{"desktop":{"background-color":"var(--ast-global-color-4)","background-image":"","background-repeat":"repeat","background-position":"center center","background-size":"auto","background-attachment":"scroll","background-type":"","background-media":"","overlay-type":"","overlay-color":"","overlay-opacity":"","overlay-gradient":""},"tablet":{"background-color":"","background-image":"","background-repeat":"repeat","background-position":"center center","background-size":"auto","background-attachment":"scroll","background-type":"","background-media":"","overlay-type":"","overlay-color":"","overlay-opacity":"","overlay-gradient":""},"mobile":{"background-color":"","background-image":"","background-repeat":"repeat","background-position":"center center","background-size":"auto","background-attachment":"scroll","background-type":"","background-media":"","overlay-type":"","overlay-color":"","overlay-opacity":"","overlay-gradient":""}},"ast-content-background-meta":{"desktop":{"background-color":"var(--ast-global-color-5)","background-image":"","background-repeat":"repeat","background-position":"center center","background-size":"auto","background-attachment":"scroll","background-type":"","background-media":"","overlay-type":"","overlay-color":"","overlay-opacity":"","overlay-gradient":""},"tablet":{"background-color":"var(--ast-global-color-5)","background-image":"","background-repeat":"repeat","background-position":"center center","background-size":"auto","background-attachment":"scroll","background-type":"","background-media":"","overlay-type":"","overlay-color":"","overlay-opacity":"","overlay-gradient":""},"mobile":{"background-color":"var(--ast-global-color-5)","background-image":"","background-repeat":"repeat","background-position":"center center","background-size":"auto","background-attachment":"scroll","background-type":"","background-media":"","overlay-type":"","overlay-color":"","overlay-opacity":"","overlay-gradient":""}},"footnotes":""},"categories":[3,126,29],"tags":[],"class_list":["post-5512","post","type-post","status-publish","format-standard","has-post-thumbnail","hentry","category-eso","category-noticia","category-portada"],"post_mailing_queue_ids":[],"_links":{"self":[{"href":"https:\/\/agora.xtec.cat\/iesjoanamigo\/wp-json\/wp\/v2\/posts\/5512","targetHints":{"allow":["GET"]}}],"collection":[{"href":"https:\/\/agora.xtec.cat\/iesjoanamigo\/wp-json\/wp\/v2\/posts"}],"about":[{"href":"https:\/\/agora.xtec.cat\/iesjoanamigo\/wp-json\/wp\/v2\/types\/post"}],"author":[{"embeddable":true,"href":"https:\/\/agora.xtec.cat\/iesjoanamigo\/wp-json\/wp\/v2\/users\/1"}],"replies":[{"embeddable":true,"href":"https:\/\/agora.xtec.cat\/iesjoanamigo\/wp-json\/wp\/v2\/comments?post=5512"}],"version-history":[{"count":1,"href":"https:\/\/agora.xtec.cat\/iesjoanamigo\/wp-json\/wp\/v2\/posts\/5512\/revisions"}],"predecessor-version":[{"id":5517,"href":"https:\/\/agora.xtec.cat\/iesjoanamigo\/wp-json\/wp\/v2\/posts\/5512\/revisions\/5517"}],"wp:featuredmedia":[{"embeddable":true,"href":"https:\/\/agora.xtec.cat\/iesjoanamigo\/wp-json\/wp\/v2\/media\/5516"}],"wp:attachment":[{"href":"https:\/\/agora.xtec.cat\/iesjoanamigo\/wp-json\/wp\/v2\/media?parent=5512"}],"wp:term":[{"taxonomy":"category","embeddable":true,"href":"https:\/\/agora.xtec.cat\/iesjoanamigo\/wp-json\/wp\/v2\/categories?post=5512"},{"taxonomy":"post_tag","embeddable":true,"href":"https:\/\/agora.xtec.cat\/iesjoanamigo\/wp-json\/wp\/v2\/tags?post=5512"}],"curies":[{"name":"wp","href":"https:\/\/api.w.org\/{rel}","templated":true}]}}