{"id":5396,"date":"2023-04-25T11:27:18","date_gmt":"2023-04-25T09:27:18","guid":{"rendered":"https:\/\/agora.xtec.cat\/iesjoanamigo\/?p=5396"},"modified":"2023-04-25T11:27:18","modified_gmt":"2023-04-25T09:27:18","slug":"dos-escriptors-i-una-escriptora-a-linstitut-joan-amigo","status":"publish","type":"post","link":"https:\/\/agora.xtec.cat\/iesjoanamigo\/eso\/dos-escriptors-i-una-escriptora-a-linstitut-joan-amigo\/","title":{"rendered":"Dos escriptors i una escriptora a l\u2019Institut Joan Amig\u00f3"},"content":{"rendered":"<p style=\"text-align: center;\"><em>A m\u00e9s de les activitats que habitualment es realitzen al voltant de la lectura d\u2019un llibre,<\/em><br \/>\n<em>enguany vam comptar amb la pres\u00e8ncia dels corresponents autors.<\/em><\/p>\n<p>Per la Diada de Sant Jordi, el Departament de Lleng\u00fces de l\u2019Institut Joan Amig\u00f3 de l\u2019Espluga va<br \/>\nreunir dos escriptors i una escriptora per tal de fer tres tert\u00falies liter\u00e0ries. Es tracta del<br \/>\nperiodista i novel\u00b7lista Xavier Llopart i els reconeguts escriptors M. Carme Roca i Emili Bayo.<\/p>\n<p>L\u2019objectiu era que tot l\u2019alumnat d\u2019ESO tingu\u00e9s ocasi\u00f3 de con\u00e8ixer els autors de les novel\u00b7les<br \/>\nque havien llegit en algun trimestre del curs. D\u2019aquesta manera, el Xavier Llopart es presentava<br \/>\na l\u2019alumnat de 1r ESO el dijous 20 i era entrevistat per l\u2019alumnat de 2n ESO l\u2019endem\u00e0.<br \/>\nA primer s\u2019havien llegit L\u2019Oreneta de Mont-Sacer i a segon, L\u2019Oreneta del Collell. Com que<br \/>\naquests llibres s\u2019han mantingut tres anys i el Xavier Llopart ja havia vingut a l\u2019institut en cursos<br \/>\nanteriors, els nois i noies de segon ja el coneixien i van poder concretar m\u00e9s en les preguntes<br \/>\nque li van fer. Tant en un curs com en l\u2019altre, Llopart va sorprendre l\u2019audi\u00e8ncia en m\u00e9s d\u2019una<br \/>\nocasi\u00f3 en parlar de la seva feina de periodista.<\/p>\n<p>El lleidat\u00e0 Emili Bayo explicava als de 3r ESO l\u2019entrellat de la novel\u00b7la Premonicions, que<br \/>\nl\u2019alumnat s\u2019acaba de llegir. Els seus comentaris van resultar molt aclaridors per resoldre dubtes<br \/>\nque havien anat sorgint durant la lectura i els comentaris a classe.<\/p>\n<p>Finalment, la M. Carme Roca responia les preguntes i escoltava les cr\u00edtiques liter\u00e0ries que<br \/>\nl\u2019alumnat de 4t ESO havia fet de la novel\u00b7la Katalepsi. La catal\u00e8psia \u00e9s una malaltia minorit\u00e0ria<br \/>\nque provoca la mort aparent d\u2019una persona; en aquest cas, el protagonista.<br \/>\nQue el dia per excel\u00b7l\u00e8ncia de la literatura pogu\u00e9ssim tenir al nostre institut tres representants<br \/>\nde les lletres catalanes ens omple de goig.<\/p>\n","protected":false},"excerpt":{"rendered":"<p>A m\u00e9s de les activitats que habitualment es realitzen al voltant de la lectura d\u2019un llibre, enguany vam comptar amb la pres\u00e8ncia dels corresponents autors. Per la Diada de Sant Jordi, el Departament de Lleng\u00fces de l\u2019Institut Joan Amig\u00f3 de l\u2019Espluga va reunir dos escriptors i una escriptora per tal de fer tres tert\u00falies liter\u00e0ries. [&hellip;]<\/p>\n","protected":false},"author":1,"featured_media":5397,"comment_status":"open","ping_status":"closed","sticky":false,"template":"","format":"standard","meta":{"_bbp_topic_count":0,"_bbp_reply_count":0,"_bbp_total_topic_count":0,"_bbp_total_reply_count":0,"_bbp_voice_count":0,"_bbp_anonymous_reply_count":0,"_bbp_topic_count_hidden":0,"_bbp_reply_count_hidden":0,"_bbp_forum_subforum_count":0,"site-sidebar-layout":"default","site-content-layout":"","ast-site-content-layout":"","site-content-style":"default","site-sidebar-style":"default","ast-global-header-display":"","ast-banner-title-visibility":"","ast-main-header-display":"","ast-hfb-above-header-display":"","ast-hfb-below-header-display":"","ast-hfb-mobile-header-display":"","site-post-title":"","ast-breadcrumbs-content":"","ast-featured-img":"","footer-sml-layout":"","theme-transparent-header-meta":"","adv-header-id-meta":"","stick-header-meta":"","header-above-stick-meta":"","header-main-stick-meta":"","header-below-stick-meta":"","astra-migrate-meta-layouts":"default","ast-page-background-enabled":"default","ast-page-background-meta":{"desktop":{"background-color":"var(--ast-global-color-4)","background-image":"","background-repeat":"repeat","background-position":"center center","background-size":"auto","background-attachment":"scroll","background-type":"","background-media":"","overlay-type":"","overlay-color":"","overlay-opacity":"","overlay-gradient":""},"tablet":{"background-color":"","background-image":"","background-repeat":"repeat","background-position":"center center","background-size":"auto","background-attachment":"scroll","background-type":"","background-media":"","overlay-type":"","overlay-color":"","overlay-opacity":"","overlay-gradient":""},"mobile":{"background-color":"","background-image":"","background-repeat":"repeat","background-position":"center center","background-size":"auto","background-attachment":"scroll","background-type":"","background-media":"","overlay-type":"","overlay-color":"","overlay-opacity":"","overlay-gradient":""}},"ast-content-background-meta":{"desktop":{"background-color":"var(--ast-global-color-5)","background-image":"","background-repeat":"repeat","background-position":"center center","background-size":"auto","background-attachment":"scroll","background-type":"","background-media":"","overlay-type":"","overlay-color":"","overlay-opacity":"","overlay-gradient":""},"tablet":{"background-color":"var(--ast-global-color-5)","background-image":"","background-repeat":"repeat","background-position":"center center","background-size":"auto","background-attachment":"scroll","background-type":"","background-media":"","overlay-type":"","overlay-color":"","overlay-opacity":"","overlay-gradient":""},"mobile":{"background-color":"var(--ast-global-color-5)","background-image":"","background-repeat":"repeat","background-position":"center center","background-size":"auto","background-attachment":"scroll","background-type":"","background-media":"","overlay-type":"","overlay-color":"","overlay-opacity":"","overlay-gradient":""}},"footnotes":""},"categories":[3,126,29],"tags":[],"class_list":["post-5396","post","type-post","status-publish","format-standard","has-post-thumbnail","hentry","category-eso","category-noticia","category-portada"],"post_mailing_queue_ids":[],"_links":{"self":[{"href":"https:\/\/agora.xtec.cat\/iesjoanamigo\/wp-json\/wp\/v2\/posts\/5396","targetHints":{"allow":["GET"]}}],"collection":[{"href":"https:\/\/agora.xtec.cat\/iesjoanamigo\/wp-json\/wp\/v2\/posts"}],"about":[{"href":"https:\/\/agora.xtec.cat\/iesjoanamigo\/wp-json\/wp\/v2\/types\/post"}],"author":[{"embeddable":true,"href":"https:\/\/agora.xtec.cat\/iesjoanamigo\/wp-json\/wp\/v2\/users\/1"}],"replies":[{"embeddable":true,"href":"https:\/\/agora.xtec.cat\/iesjoanamigo\/wp-json\/wp\/v2\/comments?post=5396"}],"version-history":[{"count":1,"href":"https:\/\/agora.xtec.cat\/iesjoanamigo\/wp-json\/wp\/v2\/posts\/5396\/revisions"}],"predecessor-version":[{"id":5398,"href":"https:\/\/agora.xtec.cat\/iesjoanamigo\/wp-json\/wp\/v2\/posts\/5396\/revisions\/5398"}],"wp:featuredmedia":[{"embeddable":true,"href":"https:\/\/agora.xtec.cat\/iesjoanamigo\/wp-json\/wp\/v2\/media\/5397"}],"wp:attachment":[{"href":"https:\/\/agora.xtec.cat\/iesjoanamigo\/wp-json\/wp\/v2\/media?parent=5396"}],"wp:term":[{"taxonomy":"category","embeddable":true,"href":"https:\/\/agora.xtec.cat\/iesjoanamigo\/wp-json\/wp\/v2\/categories?post=5396"},{"taxonomy":"post_tag","embeddable":true,"href":"https:\/\/agora.xtec.cat\/iesjoanamigo\/wp-json\/wp\/v2\/tags?post=5396"}],"curies":[{"name":"wp","href":"https:\/\/api.w.org\/{rel}","templated":true}]}}