{"id":5254,"date":"2023-02-14T11:12:53","date_gmt":"2023-02-14T10:12:53","guid":{"rendered":"https:\/\/agora.xtec.cat\/iesjoanamigo\/?p=5254"},"modified":"2023-02-14T11:12:53","modified_gmt":"2023-02-14T10:12:53","slug":"amb-el-teu-vell-mobil-pots-canviar-vides","status":"publish","type":"post","link":"https:\/\/agora.xtec.cat\/iesjoanamigo\/portada\/amb-el-teu-vell-mobil-pots-canviar-vides\/","title":{"rendered":"Amb el teu vell m\u00f2bil pots canviar vides."},"content":{"rendered":"<div class=\"gmail_attr\" dir=\"ltr\">Els alumnes de 1r de SMX participem en el projecte Recicla el teu m\u00f2bil i salva vides, de la Fundaci\u00f3 Mona.<\/div>\n<div dir=\"ltr\">\n<p>Amb el teu vell m\u00f2bil pots canviar vides.<br \/>\nAbans de llen\u00e7ar-lo, reciclar-lo!<\/p>\n<p>Demanem la vostra col\u00b7laboraci\u00f3, portant a l&#8217;institut el vostre m\u00f2bil vell, m\u00f2bils que ja no funcionen o estan en des\u00fas.<\/p>\n<p><strong>Qu\u00e8 en farem del m\u00f2bil?<\/strong><\/p>\n<p>S&#8217;enviar\u00e0 a la Fundaci\u00f3. Si el m\u00f2bil es pot reutilitzar, la fundaci\u00f3 l&#8217;arregla, s&#8217;embala i s&#8217;envia als pa\u00efsos m\u00e9s pobres. Els que s\u00f3n obsolets s&#8217;envien a recicladors especialitzats que desmunten totes les parts per a la serva reutilitzaci\u00f3, sempre respectant el medi ambient.<\/p>\n<p>L&#8217;objectiu del projecte\u00a0\u00e9s\u00a0poder recuperar el\u00a0coltan\u00a0un material que\u00a0s&#8217;utilitza\u00a0durant la fabricaci\u00f3 d&#8217;aquests\u00a0dispositius\u00a0perqu\u00e8\u00a0<wbr \/>t\u00e9 la capacitat d&#8217;emmagatzemar c\u00e0rrega el\u00e8ctrica temporal i alliberar-la quan es necessita. Per\u00f2\u00a0els recursos\u00a0d&#8217;aquest mineral \u00e9s limitat i principalment s&#8217;extreu de la Rep\u00fablica Democr\u00e0tica del Congo provocant:<\/p>\n<p>&#8211; Desequilibri sociopol\u00edtic<br \/>\n&#8211; Contraban del material<br \/>\n&#8211; Explotaci\u00f3 infantil<br \/>\n&#8211;\u00a0Detoriament\u00a0de l&#8217;ecosistema\u00a0i danys a esp\u00e8cies en perill d&#8217;extensi\u00f3<\/p>\n<p>Els recollirem durant\u00a01\u00a0mes, del 7 de\u00a0febrer\u00a0al 7 de mar\u00e7. Trobareu unes caixes on els podreu deixar estan a consergeria a l&#8217;entrada principal de l&#8217;institut i a la segona planta.<\/p>\n<\/div>\n<p><img loading=\"lazy\" decoding=\"async\" class=\"size-medium wp-image-5255 aligncenter\" src=\"https:\/\/agora.xtec.cat\/iesjoanamigo\/wp-content\/uploads\/usu506\/2023\/02\/Recicla-el-teu-mobil-2-300x300.png\" alt=\"\" width=\"300\" height=\"300\" srcset=\"https:\/\/agora.xtec.cat\/iesjoanamigo\/wp-content\/uploads\/usu506\/2023\/02\/Recicla-el-teu-mobil-2-300x300.png 300w, https:\/\/agora.xtec.cat\/iesjoanamigo\/wp-content\/uploads\/usu506\/2023\/02\/Recicla-el-teu-mobil-2-1024x1024.png 1024w, https:\/\/agora.xtec.cat\/iesjoanamigo\/wp-content\/uploads\/usu506\/2023\/02\/Recicla-el-teu-mobil-2-150x150.png 150w, https:\/\/agora.xtec.cat\/iesjoanamigo\/wp-content\/uploads\/usu506\/2023\/02\/Recicla-el-teu-mobil-2-768x768.png 768w, https:\/\/agora.xtec.cat\/iesjoanamigo\/wp-content\/uploads\/usu506\/2023\/02\/Recicla-el-teu-mobil-2.png 1080w\" sizes=\"auto, (max-width: 300px) 100vw, 300px\" \/><\/p>\n","protected":false},"excerpt":{"rendered":"<p>Els alumnes de 1r de SMX participem en el projecte Recicla el teu m\u00f2bil i salva vides, de la Fundaci\u00f3 Mona. Amb el teu vell m\u00f2bil pots canviar vides. Abans de llen\u00e7ar-lo, reciclar-lo! Demanem la vostra col\u00b7laboraci\u00f3, portant a l&#8217;institut el vostre m\u00f2bil vell, m\u00f2bils que ja no funcionen o estan en des\u00fas. Qu\u00e8 en [&hellip;]<\/p>\n","protected":false},"author":1,"featured_media":5255,"comment_status":"open","ping_status":"closed","sticky":false,"template":"","format":"standard","meta":{"_bbp_topic_count":0,"_bbp_reply_count":0,"_bbp_total_topic_count":0,"_bbp_total_reply_count":0,"_bbp_voice_count":0,"_bbp_anonymous_reply_count":0,"_bbp_topic_count_hidden":0,"_bbp_reply_count_hidden":0,"_bbp_forum_subforum_count":0,"site-sidebar-layout":"default","site-content-layout":"","ast-site-content-layout":"","site-content-style":"default","site-sidebar-style":"default","ast-global-header-display":"","ast-banner-title-visibility":"","ast-main-header-display":"","ast-hfb-above-header-display":"","ast-hfb-below-header-display":"","ast-hfb-mobile-header-display":"","site-post-title":"","ast-breadcrumbs-content":"","ast-featured-img":"","footer-sml-layout":"","theme-transparent-header-meta":"","adv-header-id-meta":"","stick-header-meta":"","header-above-stick-meta":"","header-main-stick-meta":"","header-below-stick-meta":"","astra-migrate-meta-layouts":"default","ast-page-background-enabled":"default","ast-page-background-meta":{"desktop":{"background-color":"var(--ast-global-color-4)","background-image":"","background-repeat":"repeat","background-position":"center center","background-size":"auto","background-attachment":"scroll","background-type":"","background-media":"","overlay-type":"","overlay-color":"","overlay-opacity":"","overlay-gradient":""},"tablet":{"background-color":"","background-image":"","background-repeat":"repeat","background-position":"center center","background-size":"auto","background-attachment":"scroll","background-type":"","background-media":"","overlay-type":"","overlay-color":"","overlay-opacity":"","overlay-gradient":""},"mobile":{"background-color":"","background-image":"","background-repeat":"repeat","background-position":"center center","background-size":"auto","background-attachment":"scroll","background-type":"","background-media":"","overlay-type":"","overlay-color":"","overlay-opacity":"","overlay-gradient":""}},"ast-content-background-meta":{"desktop":{"background-color":"var(--ast-global-color-5)","background-image":"","background-repeat":"repeat","background-position":"center center","background-size":"auto","background-attachment":"scroll","background-type":"","background-media":"","overlay-type":"","overlay-color":"","overlay-opacity":"","overlay-gradient":""},"tablet":{"background-color":"var(--ast-global-color-5)","background-image":"","background-repeat":"repeat","background-position":"center center","background-size":"auto","background-attachment":"scroll","background-type":"","background-media":"","overlay-type":"","overlay-color":"","overlay-opacity":"","overlay-gradient":""},"mobile":{"background-color":"var(--ast-global-color-5)","background-image":"","background-repeat":"repeat","background-position":"center center","background-size":"auto","background-attachment":"scroll","background-type":"","background-media":"","overlay-type":"","overlay-color":"","overlay-opacity":"","overlay-gradient":""}},"footnotes":""},"categories":[126,29,30],"tags":[],"class_list":["post-5254","post","type-post","status-publish","format-standard","has-post-thumbnail","hentry","category-noticia","category-portada","category-smx"],"post_mailing_queue_ids":[],"_links":{"self":[{"href":"https:\/\/agora.xtec.cat\/iesjoanamigo\/wp-json\/wp\/v2\/posts\/5254","targetHints":{"allow":["GET"]}}],"collection":[{"href":"https:\/\/agora.xtec.cat\/iesjoanamigo\/wp-json\/wp\/v2\/posts"}],"about":[{"href":"https:\/\/agora.xtec.cat\/iesjoanamigo\/wp-json\/wp\/v2\/types\/post"}],"author":[{"embeddable":true,"href":"https:\/\/agora.xtec.cat\/iesjoanamigo\/wp-json\/wp\/v2\/users\/1"}],"replies":[{"embeddable":true,"href":"https:\/\/agora.xtec.cat\/iesjoanamigo\/wp-json\/wp\/v2\/comments?post=5254"}],"version-history":[{"count":1,"href":"https:\/\/agora.xtec.cat\/iesjoanamigo\/wp-json\/wp\/v2\/posts\/5254\/revisions"}],"predecessor-version":[{"id":5256,"href":"https:\/\/agora.xtec.cat\/iesjoanamigo\/wp-json\/wp\/v2\/posts\/5254\/revisions\/5256"}],"wp:featuredmedia":[{"embeddable":true,"href":"https:\/\/agora.xtec.cat\/iesjoanamigo\/wp-json\/wp\/v2\/media\/5255"}],"wp:attachment":[{"href":"https:\/\/agora.xtec.cat\/iesjoanamigo\/wp-json\/wp\/v2\/media?parent=5254"}],"wp:term":[{"taxonomy":"category","embeddable":true,"href":"https:\/\/agora.xtec.cat\/iesjoanamigo\/wp-json\/wp\/v2\/categories?post=5254"},{"taxonomy":"post_tag","embeddable":true,"href":"https:\/\/agora.xtec.cat\/iesjoanamigo\/wp-json\/wp\/v2\/tags?post=5254"}],"curies":[{"name":"wp","href":"https:\/\/api.w.org\/{rel}","templated":true}]}}