{"id":5228,"date":"2023-02-07T10:56:38","date_gmt":"2023-02-07T09:56:38","guid":{"rendered":"https:\/\/agora.xtec.cat\/iesjoanamigo\/?p=5228"},"modified":"2023-02-07T10:57:21","modified_gmt":"2023-02-07T09:57:21","slug":"educacio-viaria-taller-de-bicicletes","status":"publish","type":"post","link":"https:\/\/agora.xtec.cat\/iesjoanamigo\/eso\/educacio-viaria-taller-de-bicicletes\/","title":{"rendered":"Educaci\u00f3 vi\u00e0ria: taller de bicicletes"},"content":{"rendered":"<div>Ens movem tot el dia.<\/div>\n<div>A l\u2019institut hi anem en cotxe, en bici, en motocicleta, a peu o en patinet.<\/div>\n<div>\nEn cada cas, cal respectar i complir les normes corresponents quan compartim la via p\u00fablica<br \/>\namb altres usuaris. Des del nostre centre veiem convenient oferir a tot l\u2019alumnat unes c\u00e0psules<br \/>\nsobre educaci\u00f3 vi\u00e0ria que per a primer i segon d\u2019ESO constarien d\u2019una xerrada te\u00f2rica, on es<br \/>\nrecorden els principals aspectes sobre conducci\u00f3 i seguretat vi\u00e0ria, i una part pr\u00e0ctica dedicada<br \/>\na la bicicleta i com aconseguir un bon estat de conservaci\u00f3, tot aprenent a fer un manteniment<br \/>\nb\u00e0sic. Als cursos de tercer i quart d\u2019ESO, l\u2019activitat est\u00e0 dirigida a les motocicletes.<\/div>\n<div>\nPer aquestes activitats hem tingut la col\u00b7laboraci\u00f3 del Servei Catal\u00e0 de Tr\u00e0nsit i fetes per<br \/>\nl\u2019empresa de T\u00e8cniques de conducci\u00f3 i control, que s\u2019ha despla\u00e7at a l\u2019institut Joan Amig\u00f3 amb<br \/>\ntot el seu material per tal que tot l\u2019alumnat, en petits grups, hagi pogut participar en la<br \/>\npr\u00e0ctica. La intenci\u00f3 d\u2019aquestes c\u00e0psules \u00e9s la de crear un h\u00e0bit, una consci\u00e8ncia c\u00edvica per<br \/>\nmillorar els despla\u00e7aments a la via p\u00fablica que, en definitiva, utilitza tothom.<\/div>\n","protected":false},"excerpt":{"rendered":"<p>Ens movem tot el dia. A l\u2019institut hi anem en cotxe, en bici, en motocicleta, a peu o en patinet. En cada cas, cal respectar i complir les normes corresponents quan compartim la via p\u00fablica amb altres usuaris. Des del nostre centre veiem convenient oferir a tot l\u2019alumnat unes c\u00e0psules sobre educaci\u00f3 vi\u00e0ria que per [&hellip;]<\/p>\n","protected":false},"author":1,"featured_media":5229,"comment_status":"open","ping_status":"closed","sticky":false,"template":"","format":"standard","meta":{"_bbp_topic_count":0,"_bbp_reply_count":0,"_bbp_total_topic_count":0,"_bbp_total_reply_count":0,"_bbp_voice_count":0,"_bbp_anonymous_reply_count":0,"_bbp_topic_count_hidden":0,"_bbp_reply_count_hidden":0,"_bbp_forum_subforum_count":0,"site-sidebar-layout":"default","site-content-layout":"","ast-site-content-layout":"","site-content-style":"default","site-sidebar-style":"default","ast-global-header-display":"","ast-banner-title-visibility":"","ast-main-header-display":"","ast-hfb-above-header-display":"","ast-hfb-below-header-display":"","ast-hfb-mobile-header-display":"","site-post-title":"","ast-breadcrumbs-content":"","ast-featured-img":"","footer-sml-layout":"","theme-transparent-header-meta":"","adv-header-id-meta":"","stick-header-meta":"","header-above-stick-meta":"","header-main-stick-meta":"","header-below-stick-meta":"","astra-migrate-meta-layouts":"default","ast-page-background-enabled":"default","ast-page-background-meta":{"desktop":{"background-color":"var(--ast-global-color-4)","background-image":"","background-repeat":"repeat","background-position":"center center","background-size":"auto","background-attachment":"scroll","background-type":"","background-media":"","overlay-type":"","overlay-color":"","overlay-opacity":"","overlay-gradient":""},"tablet":{"background-color":"","background-image":"","background-repeat":"repeat","background-position":"center center","background-size":"auto","background-attachment":"scroll","background-type":"","background-media":"","overlay-type":"","overlay-color":"","overlay-opacity":"","overlay-gradient":""},"mobile":{"background-color":"","background-image":"","background-repeat":"repeat","background-position":"center center","background-size":"auto","background-attachment":"scroll","background-type":"","background-media":"","overlay-type":"","overlay-color":"","overlay-opacity":"","overlay-gradient":""}},"ast-content-background-meta":{"desktop":{"background-color":"var(--ast-global-color-5)","background-image":"","background-repeat":"repeat","background-position":"center center","background-size":"auto","background-attachment":"scroll","background-type":"","background-media":"","overlay-type":"","overlay-color":"","overlay-opacity":"","overlay-gradient":""},"tablet":{"background-color":"var(--ast-global-color-5)","background-image":"","background-repeat":"repeat","background-position":"center center","background-size":"auto","background-attachment":"scroll","background-type":"","background-media":"","overlay-type":"","overlay-color":"","overlay-opacity":"","overlay-gradient":""},"mobile":{"background-color":"var(--ast-global-color-5)","background-image":"","background-repeat":"repeat","background-position":"center center","background-size":"auto","background-attachment":"scroll","background-type":"","background-media":"","overlay-type":"","overlay-color":"","overlay-opacity":"","overlay-gradient":""}},"footnotes":""},"categories":[3,126,29],"tags":[],"class_list":["post-5228","post","type-post","status-publish","format-standard","has-post-thumbnail","hentry","category-eso","category-noticia","category-portada"],"post_mailing_queue_ids":[],"_links":{"self":[{"href":"https:\/\/agora.xtec.cat\/iesjoanamigo\/wp-json\/wp\/v2\/posts\/5228","targetHints":{"allow":["GET"]}}],"collection":[{"href":"https:\/\/agora.xtec.cat\/iesjoanamigo\/wp-json\/wp\/v2\/posts"}],"about":[{"href":"https:\/\/agora.xtec.cat\/iesjoanamigo\/wp-json\/wp\/v2\/types\/post"}],"author":[{"embeddable":true,"href":"https:\/\/agora.xtec.cat\/iesjoanamigo\/wp-json\/wp\/v2\/users\/1"}],"replies":[{"embeddable":true,"href":"https:\/\/agora.xtec.cat\/iesjoanamigo\/wp-json\/wp\/v2\/comments?post=5228"}],"version-history":[{"count":2,"href":"https:\/\/agora.xtec.cat\/iesjoanamigo\/wp-json\/wp\/v2\/posts\/5228\/revisions"}],"predecessor-version":[{"id":5231,"href":"https:\/\/agora.xtec.cat\/iesjoanamigo\/wp-json\/wp\/v2\/posts\/5228\/revisions\/5231"}],"wp:featuredmedia":[{"embeddable":true,"href":"https:\/\/agora.xtec.cat\/iesjoanamigo\/wp-json\/wp\/v2\/media\/5229"}],"wp:attachment":[{"href":"https:\/\/agora.xtec.cat\/iesjoanamigo\/wp-json\/wp\/v2\/media?parent=5228"}],"wp:term":[{"taxonomy":"category","embeddable":true,"href":"https:\/\/agora.xtec.cat\/iesjoanamigo\/wp-json\/wp\/v2\/categories?post=5228"},{"taxonomy":"post_tag","embeddable":true,"href":"https:\/\/agora.xtec.cat\/iesjoanamigo\/wp-json\/wp\/v2\/tags?post=5228"}],"curies":[{"name":"wp","href":"https:\/\/api.w.org\/{rel}","templated":true}]}}