{"id":5188,"date":"2022-12-13T11:36:56","date_gmt":"2022-12-13T10:36:56","guid":{"rendered":"https:\/\/agora.xtec.cat\/iesjoanamigo\/?p=5188"},"modified":"2022-12-13T11:36:56","modified_gmt":"2022-12-13T10:36:56","slug":"novena-edicio-de-lenglish-day","status":"publish","type":"post","link":"https:\/\/agora.xtec.cat\/iesjoanamigo\/eso\/novena-edicio-de-lenglish-day\/","title":{"rendered":"Novena edici\u00f3 de l\u2019English Day"},"content":{"rendered":"<p>L\u2019INS Joan Amig\u00f3 i Callau va poder celebrar aquest passat mes de desembre<br \/>\nla novena edici\u00f3 de l\u2019English Day. Durant dues jornades, els alumnes de l\u2019ESO van<br \/>\npoder gaudir de Tallers d\u2019Immersi\u00f3 Ling\u00fc\u00edstica realitzats per la Instituci\u00f3 Cultural del<br \/>\nCIC.<\/p>\n<p>El dia 2 de desembre l\u2019alumnat de 3r ESO i 4t ESO van participar ens els<br \/>\ntallers Natural Science i Reporter\u2019s Research. I el dia 5 de desembre va ser el torn<br \/>\nl\u2019alumnat de 1r ESO i 2n ESO que van realitzar els tallers English, let\u2019s go! i Natural<br \/>\nScience respectivament. Els nostres joves va poder expressar-se en angl\u00e8s en un<br \/>\nseguit d\u2019activitats motivadores dins i fora de l\u2019aula. El m\u00f3n de la ci\u00e8ncia, les fake news i<br \/>\nuns jocs molt especials van ser alguns dels eixos centrals que van permetre al nostre<br \/>\nalumnat utilitzar la llengua anglesa en un entorn l\u00fadic i diferent del que es viu en el dia<br \/>\na dia de l\u2019aula. Esperem poder tornar a celebrar l\u2019English Day el curs que ve, amb una<br \/>\ndesena edici\u00f3 que ser\u00e0 de ben segur molt especial.<\/p>\n<p>Durant la celebraci\u00f3 de l\u2019English Day, les professores d\u2019angl\u00e8s vam aprofitar<br \/>\nl\u2019ocasi\u00f3 per a fer entrega dels Certificats de Cambridge a l\u2019alumnat que va presentar-<br \/>\nse a les proves durant el curs 21-22. Els felicitem des d\u2019aqu\u00ed pels bons resultats<br \/>\nobtinguts i els animem a seguir la seva formaci\u00f3 en llengua anglesa.<\/p>\n<p>Les professores de lleng\u00fces estrangeres<\/p>\n","protected":false},"excerpt":{"rendered":"<p>L\u2019INS Joan Amig\u00f3 i Callau va poder celebrar aquest passat mes de desembre la novena edici\u00f3 de l\u2019English Day. Durant dues jornades, els alumnes de l\u2019ESO van poder gaudir de Tallers d\u2019Immersi\u00f3 Ling\u00fc\u00edstica realitzats per la Instituci\u00f3 Cultural del CIC. El dia 2 de desembre l\u2019alumnat de 3r ESO i 4t ESO van participar ens [&hellip;]<\/p>\n","protected":false},"author":1,"featured_media":0,"comment_status":"open","ping_status":"closed","sticky":false,"template":"","format":"standard","meta":{"_bbp_topic_count":0,"_bbp_reply_count":0,"_bbp_total_topic_count":0,"_bbp_total_reply_count":0,"_bbp_voice_count":0,"_bbp_anonymous_reply_count":0,"_bbp_topic_count_hidden":0,"_bbp_reply_count_hidden":0,"_bbp_forum_subforum_count":0,"site-sidebar-layout":"default","site-content-layout":"","ast-site-content-layout":"","site-content-style":"default","site-sidebar-style":"default","ast-global-header-display":"","ast-banner-title-visibility":"","ast-main-header-display":"","ast-hfb-above-header-display":"","ast-hfb-below-header-display":"","ast-hfb-mobile-header-display":"","site-post-title":"","ast-breadcrumbs-content":"","ast-featured-img":"","footer-sml-layout":"","theme-transparent-header-meta":"","adv-header-id-meta":"","stick-header-meta":"","header-above-stick-meta":"","header-main-stick-meta":"","header-below-stick-meta":"","astra-migrate-meta-layouts":"default","ast-page-background-enabled":"default","ast-page-background-meta":{"desktop":{"background-color":"var(--ast-global-color-4)","background-image":"","background-repeat":"repeat","background-position":"center center","background-size":"auto","background-attachment":"scroll","background-type":"","background-media":"","overlay-type":"","overlay-color":"","overlay-opacity":"","overlay-gradient":""},"tablet":{"background-color":"","background-image":"","background-repeat":"repeat","background-position":"center center","background-size":"auto","background-attachment":"scroll","background-type":"","background-media":"","overlay-type":"","overlay-color":"","overlay-opacity":"","overlay-gradient":""},"mobile":{"background-color":"","background-image":"","background-repeat":"repeat","background-position":"center center","background-size":"auto","background-attachment":"scroll","background-type":"","background-media":"","overlay-type":"","overlay-color":"","overlay-opacity":"","overlay-gradient":""}},"ast-content-background-meta":{"desktop":{"background-color":"var(--ast-global-color-5)","background-image":"","background-repeat":"repeat","background-position":"center center","background-size":"auto","background-attachment":"scroll","background-type":"","background-media":"","overlay-type":"","overlay-color":"","overlay-opacity":"","overlay-gradient":""},"tablet":{"background-color":"var(--ast-global-color-5)","background-image":"","background-repeat":"repeat","background-position":"center center","background-size":"auto","background-attachment":"scroll","background-type":"","background-media":"","overlay-type":"","overlay-color":"","overlay-opacity":"","overlay-gradient":""},"mobile":{"background-color":"var(--ast-global-color-5)","background-image":"","background-repeat":"repeat","background-position":"center center","background-size":"auto","background-attachment":"scroll","background-type":"","background-media":"","overlay-type":"","overlay-color":"","overlay-opacity":"","overlay-gradient":""}},"footnotes":""},"categories":[3,29],"tags":[],"class_list":["post-5188","post","type-post","status-publish","format-standard","hentry","category-eso","category-portada"],"post_mailing_queue_ids":[],"_links":{"self":[{"href":"https:\/\/agora.xtec.cat\/iesjoanamigo\/wp-json\/wp\/v2\/posts\/5188","targetHints":{"allow":["GET"]}}],"collection":[{"href":"https:\/\/agora.xtec.cat\/iesjoanamigo\/wp-json\/wp\/v2\/posts"}],"about":[{"href":"https:\/\/agora.xtec.cat\/iesjoanamigo\/wp-json\/wp\/v2\/types\/post"}],"author":[{"embeddable":true,"href":"https:\/\/agora.xtec.cat\/iesjoanamigo\/wp-json\/wp\/v2\/users\/1"}],"replies":[{"embeddable":true,"href":"https:\/\/agora.xtec.cat\/iesjoanamigo\/wp-json\/wp\/v2\/comments?post=5188"}],"version-history":[{"count":1,"href":"https:\/\/agora.xtec.cat\/iesjoanamigo\/wp-json\/wp\/v2\/posts\/5188\/revisions"}],"predecessor-version":[{"id":5189,"href":"https:\/\/agora.xtec.cat\/iesjoanamigo\/wp-json\/wp\/v2\/posts\/5188\/revisions\/5189"}],"wp:attachment":[{"href":"https:\/\/agora.xtec.cat\/iesjoanamigo\/wp-json\/wp\/v2\/media?parent=5188"}],"wp:term":[{"taxonomy":"category","embeddable":true,"href":"https:\/\/agora.xtec.cat\/iesjoanamigo\/wp-json\/wp\/v2\/categories?post=5188"},{"taxonomy":"post_tag","embeddable":true,"href":"https:\/\/agora.xtec.cat\/iesjoanamigo\/wp-json\/wp\/v2\/tags?post=5188"}],"curies":[{"name":"wp","href":"https:\/\/api.w.org\/{rel}","templated":true}]}}