{"id":5077,"date":"2022-09-27T11:52:17","date_gmt":"2022-09-27T09:52:17","guid":{"rendered":"https:\/\/agora.xtec.cat\/iesjoanamigo\/?p=5077"},"modified":"2022-09-27T11:52:17","modified_gmt":"2022-09-27T09:52:17","slug":"dia-europeu-de-les-llengues-3","status":"publish","type":"post","link":"https:\/\/agora.xtec.cat\/iesjoanamigo\/eso\/dia-europeu-de-les-llengues-3\/","title":{"rendered":"Dia Europeu de les Lleng\u00fces"},"content":{"rendered":"<p>Sabeu qu\u00e8 \u00e9s l\u2019occit\u00e0? Com es diu \u00abBon dia\u00bb en armeni? Qu\u00e8 tenen en com\u00fa l\u2019ucra\u00efn\u00e8s i el rus? Qu\u00e8 \u00e9s la\u00a0digl\u00f2ssia? El catal\u00e0 \u00e9s una llengua amena\u00e7ada?<br \/>\nEl 26 de setembre celebrem el Dia Europeu de les Lleng\u00fces per donar resposta a q\u00fcestions com aquestes.<br \/>\nCom cada any, l\u2019alumnat del Joan Amig\u00f3 ha pres part en activitats que s\u2019han organitzat des de l\u2019\u00e0mbit\u00a0ling\u00fc\u00edstic per con\u00e8ixer una mica millor la realitat socioling\u00fc\u00edstica d\u2019Europa.<br \/>\nAlguns cursos han buscat informaci\u00f3 sobre un pa\u00eds europeu i han determinat les lleng\u00fces que s\u2019hi parlen,\u00a0altres han tradu\u00eft paraules en diverses lleng\u00fces europees, altres han relacionat una llengua amb la\u00a0corresponent fam\u00edlia ling\u00fc\u00edstica i encara uns altres han reflexionat al voltant dels fen\u00f2mens ling\u00fc\u00edstics que\u00a0poden ajudar a mantenir o fer desapar\u00e8ixer una llengua.<br \/>\nTots plegats vam arribar a la conclusi\u00f3 que cada llengua \u00e9s un tresor i que hem d\u2019estimar-les i protegir-les\u00a0perqu\u00e8 darrere seu hi ha una persona que pensa, sent i s\u2019expressa amb la llengua que li \u00e9s pr\u00f2pia.<\/p>\n","protected":false},"excerpt":{"rendered":"<p>Sabeu qu\u00e8 \u00e9s l\u2019occit\u00e0? Com es diu \u00abBon dia\u00bb en armeni? Qu\u00e8 tenen en com\u00fa l\u2019ucra\u00efn\u00e8s i el rus? Qu\u00e8 \u00e9s la\u00a0digl\u00f2ssia? El catal\u00e0 \u00e9s una llengua amena\u00e7ada? El 26 de setembre celebrem el Dia Europeu de les Lleng\u00fces per donar resposta a q\u00fcestions com aquestes. Com cada any, l\u2019alumnat del Joan Amig\u00f3 ha pres [&hellip;]<\/p>\n","protected":false},"author":1,"featured_media":5079,"comment_status":"open","ping_status":"closed","sticky":false,"template":"","format":"standard","meta":{"_bbp_topic_count":0,"_bbp_reply_count":0,"_bbp_total_topic_count":0,"_bbp_total_reply_count":0,"_bbp_voice_count":0,"_bbp_anonymous_reply_count":0,"_bbp_topic_count_hidden":0,"_bbp_reply_count_hidden":0,"_bbp_forum_subforum_count":0,"site-sidebar-layout":"default","site-content-layout":"","ast-site-content-layout":"","site-content-style":"default","site-sidebar-style":"default","ast-global-header-display":"","ast-banner-title-visibility":"","ast-main-header-display":"","ast-hfb-above-header-display":"","ast-hfb-below-header-display":"","ast-hfb-mobile-header-display":"","site-post-title":"","ast-breadcrumbs-content":"","ast-featured-img":"","footer-sml-layout":"","theme-transparent-header-meta":"","adv-header-id-meta":"","stick-header-meta":"","header-above-stick-meta":"","header-main-stick-meta":"","header-below-stick-meta":"","astra-migrate-meta-layouts":"default","ast-page-background-enabled":"default","ast-page-background-meta":{"desktop":{"background-color":"var(--ast-global-color-4)","background-image":"","background-repeat":"repeat","background-position":"center center","background-size":"auto","background-attachment":"scroll","background-type":"","background-media":"","overlay-type":"","overlay-color":"","overlay-opacity":"","overlay-gradient":""},"tablet":{"background-color":"","background-image":"","background-repeat":"repeat","background-position":"center center","background-size":"auto","background-attachment":"scroll","background-type":"","background-media":"","overlay-type":"","overlay-color":"","overlay-opacity":"","overlay-gradient":""},"mobile":{"background-color":"","background-image":"","background-repeat":"repeat","background-position":"center center","background-size":"auto","background-attachment":"scroll","background-type":"","background-media":"","overlay-type":"","overlay-color":"","overlay-opacity":"","overlay-gradient":""}},"ast-content-background-meta":{"desktop":{"background-color":"var(--ast-global-color-5)","background-image":"","background-repeat":"repeat","background-position":"center center","background-size":"auto","background-attachment":"scroll","background-type":"","background-media":"","overlay-type":"","overlay-color":"","overlay-opacity":"","overlay-gradient":""},"tablet":{"background-color":"var(--ast-global-color-5)","background-image":"","background-repeat":"repeat","background-position":"center center","background-size":"auto","background-attachment":"scroll","background-type":"","background-media":"","overlay-type":"","overlay-color":"","overlay-opacity":"","overlay-gradient":""},"mobile":{"background-color":"var(--ast-global-color-5)","background-image":"","background-repeat":"repeat","background-position":"center center","background-size":"auto","background-attachment":"scroll","background-type":"","background-media":"","overlay-type":"","overlay-color":"","overlay-opacity":"","overlay-gradient":""}},"footnotes":""},"categories":[3,29],"tags":[],"class_list":["post-5077","post","type-post","status-publish","format-standard","has-post-thumbnail","hentry","category-eso","category-portada"],"post_mailing_queue_ids":[],"_links":{"self":[{"href":"https:\/\/agora.xtec.cat\/iesjoanamigo\/wp-json\/wp\/v2\/posts\/5077","targetHints":{"allow":["GET"]}}],"collection":[{"href":"https:\/\/agora.xtec.cat\/iesjoanamigo\/wp-json\/wp\/v2\/posts"}],"about":[{"href":"https:\/\/agora.xtec.cat\/iesjoanamigo\/wp-json\/wp\/v2\/types\/post"}],"author":[{"embeddable":true,"href":"https:\/\/agora.xtec.cat\/iesjoanamigo\/wp-json\/wp\/v2\/users\/1"}],"replies":[{"embeddable":true,"href":"https:\/\/agora.xtec.cat\/iesjoanamigo\/wp-json\/wp\/v2\/comments?post=5077"}],"version-history":[{"count":1,"href":"https:\/\/agora.xtec.cat\/iesjoanamigo\/wp-json\/wp\/v2\/posts\/5077\/revisions"}],"predecessor-version":[{"id":5080,"href":"https:\/\/agora.xtec.cat\/iesjoanamigo\/wp-json\/wp\/v2\/posts\/5077\/revisions\/5080"}],"wp:featuredmedia":[{"embeddable":true,"href":"https:\/\/agora.xtec.cat\/iesjoanamigo\/wp-json\/wp\/v2\/media\/5079"}],"wp:attachment":[{"href":"https:\/\/agora.xtec.cat\/iesjoanamigo\/wp-json\/wp\/v2\/media?parent=5077"}],"wp:term":[{"taxonomy":"category","embeddable":true,"href":"https:\/\/agora.xtec.cat\/iesjoanamigo\/wp-json\/wp\/v2\/categories?post=5077"},{"taxonomy":"post_tag","embeddable":true,"href":"https:\/\/agora.xtec.cat\/iesjoanamigo\/wp-json\/wp\/v2\/tags?post=5077"}],"curies":[{"name":"wp","href":"https:\/\/api.w.org\/{rel}","templated":true}]}}