{"id":4824,"date":"2022-05-04T11:18:19","date_gmt":"2022-05-04T09:18:19","guid":{"rendered":"https:\/\/agora.xtec.cat\/iesjoanamigo\/?p=4824"},"modified":"2022-05-04T11:21:32","modified_gmt":"2022-05-04T09:21:32","slug":"programa-salut-i-escola-consulta-oberta","status":"publish","type":"post","link":"https:\/\/agora.xtec.cat\/iesjoanamigo\/general\/programa-salut-i-escola-consulta-oberta\/","title":{"rendered":"Programa Salut i escola &#8211; Consulta Oberta"},"content":{"rendered":"<p><img loading=\"lazy\" decoding=\"async\" class=\"alignright wp-image-4825\" src=\"https:\/\/agora.xtec.cat\/iesjoanamigo\/wp-content\/uploads\/usu506\/2022\/05\/PHOTO-2022-05-03-15-38-19-687x1024.jpg\" alt=\"\" width=\"500\" height=\"746\" srcset=\"https:\/\/agora.xtec.cat\/iesjoanamigo\/wp-content\/uploads\/usu506\/2022\/05\/PHOTO-2022-05-03-15-38-19-687x1024.jpg 687w, https:\/\/agora.xtec.cat\/iesjoanamigo\/wp-content\/uploads\/usu506\/2022\/05\/PHOTO-2022-05-03-15-38-19-201x300.jpg 201w, https:\/\/agora.xtec.cat\/iesjoanamigo\/wp-content\/uploads\/usu506\/2022\/05\/PHOTO-2022-05-03-15-38-19.jpg 714w\" sizes=\"auto, (max-width: 500px) 100vw, 500px\" \/>El PSiE gira entorn de l\u2019equip d\u2019atenci\u00f3 prim\u00e0ria de salut (principalment el professional d\u2019infermeria), d\u2019acord amb l\u2019inter\u00e8s del Departament de Salut i la Direcci\u00f3 General de Salut P\u00fablica per potenciar i impulsar activitats d\u2019atenci\u00f3 comunit\u00e0ria. Proposant una col\u00b7laboraci\u00f3 estrat\u00e8gica amb l\u2019equip d\u2019atenci\u00f3 prim\u00e0ria amb la finalitat d\u2019apropar els serveis de salut als centres docents i als adolescents, tot habilitant un espai confidencial de consulta en el centre d\u2019educaci\u00f3 secund\u00e0ria, la consulta oberta, on els alumnes de tercer i quart d\u2019ESO poden accedir de manera espont\u00e0nia.<\/p>\n<p><strong>Estem per tu. No et tallis! Aprofita-ho<\/strong>. Tens a la teva disposici\u00f3 un professional d\u2019infermeria, aqu\u00ed al centre educatiu, per poder fer una consulta gratu\u00efta <strong>totalment personal i confidencial<\/strong> sobre qualsevol tema que et preocupi.<\/p>\n<p><strong>Com ho he de fer? Al teu centre educatiu<\/strong> hi ha un espai de consulta oberta. Nom\u00e9s cal que t\u2019apuntis a secretaria i ja t\u2019avisarem.<\/p>\n<p><strong>De qu\u00e8 va?<\/strong><\/p>\n<ul>\n<li>D\u2019alimentaci\u00f3<\/li>\n<li>De sexualitat<\/li>\n<li>De dubtes i angoixes<\/li>\n<li>De drogues i addiccions<\/li>\n<li>De prevenci\u00f3<\/li>\n<li>\u2026. i de tot all\u00f2 que vols saber a l\u2019entorn de la Salut i no saps a qui preguntar-ho.<\/li>\n<li>A internet: A l\u2019apartat Salut <a href=\"https:\/\/jovecat.gencat.cat\/ca\/temes\/salut\/\">Jove.cat<\/a> hi trobar\u00e0s tota la informaci\u00f3.<\/li>\n<li>Al teu Centre d\u2019Atenci\u00f3 Prim\u00e0ria tamb\u00e9 t\u2019atendrem.<\/li>\n<\/ul>\n<p>M\u00e9s informaci\u00f3<\/p>\n<ul>\n<li><a href=\"http:\/\/sexejoves.gencat.cat\/ca\/inici\/\">SexeJoves<\/a><\/li>\n<li><a href=\"https:\/\/jovecat.gencat.cat\/ca\/temes\/salut\/\">Jove.cat\/Salut<\/a><\/li>\n<li><a href=\"https:\/\/www.elpep.info\/\">El Pep<\/a><\/li>\n<li><a href=\"https:\/\/canalsalut.gencat.cat\/ca\/salut-a-z\/t\/trastorns_conducta_alimentaria\/\">Trastorns de la conducta aliment\u00e0ria<\/a><\/li>\n<li><a href=\"https:\/\/drogues.gencat.cat\/ca\/inici\">Canal Salut \/ Drogues<\/a><\/li>\n<\/ul>\n<p><strong>Qu\u00e8 \u00e9s el Programa Salut i Escola?<\/strong><br \/>\nEls nous reptes que afronta la societat a causa de la transformaci\u00f3 de les estructures, els valors i les funcions familiars, comunit\u00e0ries i socials tenen en el medi escolar una manifestaci\u00f3 especial.<br \/>\nEl centre educatiu, com a espai natural per a l\u2019aprenentatge, l\u2019educaci\u00f3 i la formaci\u00f3 integral de la persona, \u00e9s tamb\u00e9 el lloc on es manifesten m\u00e9s preco\u00e7ment els signes d\u2019alerta sobre problemes de salut, en els quals una detecci\u00f3 preco\u00e7 pot ser la primera acci\u00f3 per iniciar un proc\u00e9s d\u2019ajuda a les necessitats, sovint no expressades, per\u00f2 s\u00ed manifestades per mitj\u00e0 de conductes.\u00c9s per aix\u00f2 que el Departament d\u2019Educaci\u00f3 i el Departament de Salut posen en marxa, l\u2019octubre de 2004, el programa \u201cSalut i escola\u201d (PSiE), amb el prop\u00f2sit de potenciar la coordinaci\u00f3 dels centres docents, els serveis educatius i els serveis sanitaris en accions de promoci\u00f3 de la salut i d\u2019atenci\u00f3 a l\u2019alumnat.<\/p>\n<p><strong>Objectius<\/strong><\/p>\n<ul>\n<li>Apropar els serveis de salut als centres docents i als adolescents, mitjan\u00e7ant la consulta oberta als centres d\u2019educaci\u00f3 secund\u00e0ria amb les m\u00e0ximes garanties d\u2019intimitat.<\/li>\n<li>Facilitar la promoci\u00f3 d\u2019actituds i h\u00e0bits saludables (factors protectors) amb actuacions d\u2019educaci\u00f3 per a la salut.<\/li>\n<li>Reduir els comportaments que poden afectar negativament la salut (factors de risc).<\/li>\n<li>Detecci\u00f3 preco\u00e7 dels problemes de salut a fi d\u2019intervenir al m\u00e9s aviat possible.<\/li>\n<\/ul>\n<p><strong>Eixos fonamentals<\/strong><br \/>\nEls eixos fonamentals d\u2019actuaci\u00f3 del PSiE s\u00f3n:<\/p>\n<ul>\n<li>la salut mental<\/li>\n<li>la salut afectiva i sexual<\/li>\n<li>el consum de drogues legals i il\u00b7legals<\/li>\n<li>els trastorns de la conducta aliment\u00e0ria<\/li>\n<\/ul>\n<p><iframe loading=\"lazy\" src=\"https:\/\/w.soundcloud.com\/player\/?url=https%3A\/\/api.soundcloud.com\/tracks\/1261989547&amp;color=%23ff5500&amp;auto_play=false&amp;hide_related=false&amp;show_comments=true&amp;show_user=true&amp;show_reposts=false&amp;show_teaser=true\" width=\"100%\" height=\"166\" frameborder=\"no\" scrolling=\"no\"><\/iframe><\/p>\n<div style=\"font-size: 10px; color: #cccccc; line-break: anywhere; word-break: normal; overflow: hidden; white-space: nowrap; text-overflow: ellipsis; font-family: Interstate,Lucida Grande,Lucida Sans Unicode,Lucida Sans,Garuda,Verdana,Tahoma,sans-serif; font-weight: 100;\"><a style=\"color: #cccccc; text-decoration: none;\" title=\"COMISSI\u00d3 IMATGE\" href=\"https:\/\/soundcloud.com\/comissio-imatge\" target=\"_blank\" rel=\"noopener\">COMISSI\u00d3 IMATGE<\/a> \u00b7 <a style=\"color: #cccccc; text-decoration: none;\" title=\"Programa Salut i escola - Consulta Oberta\" href=\"https:\/\/soundcloud.com\/comissio-imatge\/programa-salut-i-escola-consulta-oberta\" target=\"_blank\" rel=\"noopener\">Programa Salut i escola &#8211; Consulta Oberta<\/a><\/div>\n","protected":false},"excerpt":{"rendered":"<p>El PSiE gira entorn de l\u2019equip d\u2019atenci\u00f3 prim\u00e0ria de salut (principalment el professional d\u2019infermeria), d\u2019acord amb l\u2019inter\u00e8s del Departament de Salut i la Direcci\u00f3 General de Salut P\u00fablica per potenciar i impulsar activitats d\u2019atenci\u00f3 comunit\u00e0ria. Proposant una col\u00b7laboraci\u00f3 estrat\u00e8gica amb l\u2019equip d\u2019atenci\u00f3 prim\u00e0ria amb la finalitat d\u2019apropar els serveis de salut als centres docents i [&hellip;]<\/p>\n","protected":false},"author":1,"featured_media":4830,"comment_status":"open","ping_status":"closed","sticky":false,"template":"","format":"standard","meta":{"_bbp_topic_count":0,"_bbp_reply_count":0,"_bbp_total_topic_count":0,"_bbp_total_reply_count":0,"_bbp_voice_count":0,"_bbp_anonymous_reply_count":0,"_bbp_topic_count_hidden":0,"_bbp_reply_count_hidden":0,"_bbp_forum_subforum_count":0,"site-sidebar-layout":"default","site-content-layout":"","ast-site-content-layout":"","site-content-style":"default","site-sidebar-style":"default","ast-global-header-display":"","ast-banner-title-visibility":"","ast-main-header-display":"","ast-hfb-above-header-display":"","ast-hfb-below-header-display":"","ast-hfb-mobile-header-display":"","site-post-title":"","ast-breadcrumbs-content":"","ast-featured-img":"","footer-sml-layout":"","theme-transparent-header-meta":"","adv-header-id-meta":"","stick-header-meta":"","header-above-stick-meta":"","header-main-stick-meta":"","header-below-stick-meta":"","astra-migrate-meta-layouts":"default","ast-page-background-enabled":"default","ast-page-background-meta":{"desktop":{"background-color":"var(--ast-global-color-4)","background-image":"","background-repeat":"repeat","background-position":"center center","background-size":"auto","background-attachment":"scroll","background-type":"","background-media":"","overlay-type":"","overlay-color":"","overlay-opacity":"","overlay-gradient":""},"tablet":{"background-color":"","background-image":"","background-repeat":"repeat","background-position":"center center","background-size":"auto","background-attachment":"scroll","background-type":"","background-media":"","overlay-type":"","overlay-color":"","overlay-opacity":"","overlay-gradient":""},"mobile":{"background-color":"","background-image":"","background-repeat":"repeat","background-position":"center center","background-size":"auto","background-attachment":"scroll","background-type":"","background-media":"","overlay-type":"","overlay-color":"","overlay-opacity":"","overlay-gradient":""}},"ast-content-background-meta":{"desktop":{"background-color":"var(--ast-global-color-5)","background-image":"","background-repeat":"repeat","background-position":"center center","background-size":"auto","background-attachment":"scroll","background-type":"","background-media":"","overlay-type":"","overlay-color":"","overlay-opacity":"","overlay-gradient":""},"tablet":{"background-color":"var(--ast-global-color-5)","background-image":"","background-repeat":"repeat","background-position":"center center","background-size":"auto","background-attachment":"scroll","background-type":"","background-media":"","overlay-type":"","overlay-color":"","overlay-opacity":"","overlay-gradient":""},"mobile":{"background-color":"var(--ast-global-color-5)","background-image":"","background-repeat":"repeat","background-position":"center center","background-size":"auto","background-attachment":"scroll","background-type":"","background-media":"","overlay-type":"","overlay-color":"","overlay-opacity":"","overlay-gradient":""}},"footnotes":""},"categories":[3,1,29],"tags":[],"class_list":["post-4824","post","type-post","status-publish","format-standard","has-post-thumbnail","hentry","category-eso","category-general","category-portada"],"post_mailing_queue_ids":[],"_links":{"self":[{"href":"https:\/\/agora.xtec.cat\/iesjoanamigo\/wp-json\/wp\/v2\/posts\/4824","targetHints":{"allow":["GET"]}}],"collection":[{"href":"https:\/\/agora.xtec.cat\/iesjoanamigo\/wp-json\/wp\/v2\/posts"}],"about":[{"href":"https:\/\/agora.xtec.cat\/iesjoanamigo\/wp-json\/wp\/v2\/types\/post"}],"author":[{"embeddable":true,"href":"https:\/\/agora.xtec.cat\/iesjoanamigo\/wp-json\/wp\/v2\/users\/1"}],"replies":[{"embeddable":true,"href":"https:\/\/agora.xtec.cat\/iesjoanamigo\/wp-json\/wp\/v2\/comments?post=4824"}],"version-history":[{"count":2,"href":"https:\/\/agora.xtec.cat\/iesjoanamigo\/wp-json\/wp\/v2\/posts\/4824\/revisions"}],"predecessor-version":[{"id":4827,"href":"https:\/\/agora.xtec.cat\/iesjoanamigo\/wp-json\/wp\/v2\/posts\/4824\/revisions\/4827"}],"wp:featuredmedia":[{"embeddable":true,"href":"https:\/\/agora.xtec.cat\/iesjoanamigo\/wp-json\/wp\/v2\/media\/4830"}],"wp:attachment":[{"href":"https:\/\/agora.xtec.cat\/iesjoanamigo\/wp-json\/wp\/v2\/media?parent=4824"}],"wp:term":[{"taxonomy":"category","embeddable":true,"href":"https:\/\/agora.xtec.cat\/iesjoanamigo\/wp-json\/wp\/v2\/categories?post=4824"},{"taxonomy":"post_tag","embeddable":true,"href":"https:\/\/agora.xtec.cat\/iesjoanamigo\/wp-json\/wp\/v2\/tags?post=4824"}],"curies":[{"name":"wp","href":"https:\/\/api.w.org\/{rel}","templated":true}]}}