{"id":4760,"date":"2022-04-21T12:41:05","date_gmt":"2022-04-21T10:41:05","guid":{"rendered":"https:\/\/agora.xtec.cat\/iesjoanamigo\/?p=4760"},"modified":"2022-04-21T12:41:05","modified_gmt":"2022-04-21T10:41:05","slug":"escape-room-laboral","status":"publish","type":"post","link":"https:\/\/agora.xtec.cat\/iesjoanamigo\/eso\/eso-4\/escape-room-laboral\/","title":{"rendered":"ESCAPE ROOM LABORAL"},"content":{"rendered":"<p><img loading=\"lazy\" decoding=\"async\" class=\"alignright size-medium wp-image-4761\" src=\"https:\/\/agora.xtec.cat\/iesjoanamigo\/wp-content\/uploads\/usu506\/2022\/04\/IMG-20220419-WA0001-300x225.jpg\" alt=\"\" width=\"300\" height=\"225\" srcset=\"https:\/\/agora.xtec.cat\/iesjoanamigo\/wp-content\/uploads\/usu506\/2022\/04\/IMG-20220419-WA0001-300x225.jpg 300w, https:\/\/agora.xtec.cat\/iesjoanamigo\/wp-content\/uploads\/usu506\/2022\/04\/IMG-20220419-WA0001-1024x768.jpg 1024w, https:\/\/agora.xtec.cat\/iesjoanamigo\/wp-content\/uploads\/usu506\/2022\/04\/IMG-20220419-WA0001-768x576.jpg 768w, https:\/\/agora.xtec.cat\/iesjoanamigo\/wp-content\/uploads\/usu506\/2022\/04\/IMG-20220419-WA0001-1536x1152.jpg 1536w, https:\/\/agora.xtec.cat\/iesjoanamigo\/wp-content\/uploads\/usu506\/2022\/04\/IMG-20220419-WA0001-200x150.jpg 200w, https:\/\/agora.xtec.cat\/iesjoanamigo\/wp-content\/uploads\/usu506\/2022\/04\/IMG-20220419-WA0001.jpg 2000w\" sizes=\"auto, (max-width: 300px) 100vw, 300px\" \/>L\u2019alumnat de 4t ESO va realitzar un taller ESCAPE ROOM LABORAL, organitzat per l\u2019oficina jove del Consell Comarcal de la Conca de Barber\u00e0.<\/p>\n<p>L\u2019ESCAPE ROOM LABORAL \u00e9s molt m\u00e9s que un joc. Es tracta d\u2019una activitat vivencial,din\u00e0mica, participativa, d\u2019investigaci\u00f3, d\u2019observaci\u00f3, de reflexi\u00f3 i d\u2019an\u00e0lisis<\/p>\n<p>S\u2019han treballat diversos objectius, com el treball en equip, fomentar la cohesi\u00f3 i la comunicaci\u00f3 del grup, reflexionar sobre la import\u00e0ncia de treballar en grup per aconseguir objectius compartits, prendre consci\u00e8ncia de que les capacitats grupals tenen m\u00e9s for\u00e7a que les individuals, potenciar el control emocional en la resoluci\u00f3 de conflictes i potenciar l\u2019autoconeixement.<\/p>\n<p><img loading=\"lazy\" decoding=\"async\" class=\"alignright size-medium wp-image-4762\" src=\"https:\/\/agora.xtec.cat\/iesjoanamigo\/wp-content\/uploads\/usu506\/2022\/04\/IMG-20220419-WA0002-300x225.jpg\" alt=\"\" width=\"300\" height=\"225\" srcset=\"https:\/\/agora.xtec.cat\/iesjoanamigo\/wp-content\/uploads\/usu506\/2022\/04\/IMG-20220419-WA0002-300x225.jpg 300w, https:\/\/agora.xtec.cat\/iesjoanamigo\/wp-content\/uploads\/usu506\/2022\/04\/IMG-20220419-WA0002-1024x768.jpg 1024w, https:\/\/agora.xtec.cat\/iesjoanamigo\/wp-content\/uploads\/usu506\/2022\/04\/IMG-20220419-WA0002-768x576.jpg 768w, https:\/\/agora.xtec.cat\/iesjoanamigo\/wp-content\/uploads\/usu506\/2022\/04\/IMG-20220419-WA0002-1536x1152.jpg 1536w, https:\/\/agora.xtec.cat\/iesjoanamigo\/wp-content\/uploads\/usu506\/2022\/04\/IMG-20220419-WA0002-200x150.jpg 200w, https:\/\/agora.xtec.cat\/iesjoanamigo\/wp-content\/uploads\/usu506\/2022\/04\/IMG-20220419-WA0002.jpg 2000w\" sizes=\"auto, (max-width: 300px) 100vw, 300px\" \/>La sessi\u00f3 ha constat de dues part. A la primera, l\u2019alumnat ha resolt una missi\u00f3 secreta on havien de trobar un codi secret superant proves que habitualment es fan per a la cohesi\u00f3 de grup empresarial. A la segona part, cada grup ha creat una empresa amb els rols i els salaris corresponents on a continuaci\u00f3 s\u2019ha realitzat una reflexi\u00f3 de com havia anat posant \u00e8mfasi en els comportaments individuals de cada persona que ha participat.<\/p>\n","protected":false},"excerpt":{"rendered":"<p>L\u2019alumnat de 4t ESO va realitzar un taller ESCAPE ROOM LABORAL, organitzat per l\u2019oficina jove del Consell Comarcal de la Conca de Barber\u00e0. L\u2019ESCAPE ROOM LABORAL \u00e9s molt m\u00e9s que un joc. Es tracta d\u2019una activitat vivencial,din\u00e0mica, participativa, d\u2019investigaci\u00f3, d\u2019observaci\u00f3, de reflexi\u00f3 i d\u2019an\u00e0lisis S\u2019han treballat diversos objectius, com el treball en equip, fomentar la [&hellip;]<\/p>\n","protected":false},"author":1,"featured_media":4761,"comment_status":"open","ping_status":"closed","sticky":false,"template":"","format":"standard","meta":{"_bbp_topic_count":0,"_bbp_reply_count":0,"_bbp_total_topic_count":0,"_bbp_total_reply_count":0,"_bbp_voice_count":0,"_bbp_anonymous_reply_count":0,"_bbp_topic_count_hidden":0,"_bbp_reply_count_hidden":0,"_bbp_forum_subforum_count":0,"site-sidebar-layout":"default","site-content-layout":"","ast-site-content-layout":"","site-content-style":"default","site-sidebar-style":"default","ast-global-header-display":"","ast-banner-title-visibility":"","ast-main-header-display":"","ast-hfb-above-header-display":"","ast-hfb-below-header-display":"","ast-hfb-mobile-header-display":"","site-post-title":"","ast-breadcrumbs-content":"","ast-featured-img":"","footer-sml-layout":"","theme-transparent-header-meta":"","adv-header-id-meta":"","stick-header-meta":"","header-above-stick-meta":"","header-main-stick-meta":"","header-below-stick-meta":"","astra-migrate-meta-layouts":"default","ast-page-background-enabled":"default","ast-page-background-meta":{"desktop":{"background-color":"var(--ast-global-color-4)","background-image":"","background-repeat":"repeat","background-position":"center center","background-size":"auto","background-attachment":"scroll","background-type":"","background-media":"","overlay-type":"","overlay-color":"","overlay-opacity":"","overlay-gradient":""},"tablet":{"background-color":"","background-image":"","background-repeat":"repeat","background-position":"center center","background-size":"auto","background-attachment":"scroll","background-type":"","background-media":"","overlay-type":"","overlay-color":"","overlay-opacity":"","overlay-gradient":""},"mobile":{"background-color":"","background-image":"","background-repeat":"repeat","background-position":"center center","background-size":"auto","background-attachment":"scroll","background-type":"","background-media":"","overlay-type":"","overlay-color":"","overlay-opacity":"","overlay-gradient":""}},"ast-content-background-meta":{"desktop":{"background-color":"var(--ast-global-color-5)","background-image":"","background-repeat":"repeat","background-position":"center center","background-size":"auto","background-attachment":"scroll","background-type":"","background-media":"","overlay-type":"","overlay-color":"","overlay-opacity":"","overlay-gradient":""},"tablet":{"background-color":"var(--ast-global-color-5)","background-image":"","background-repeat":"repeat","background-position":"center center","background-size":"auto","background-attachment":"scroll","background-type":"","background-media":"","overlay-type":"","overlay-color":"","overlay-opacity":"","overlay-gradient":""},"mobile":{"background-color":"var(--ast-global-color-5)","background-image":"","background-repeat":"repeat","background-position":"center center","background-size":"auto","background-attachment":"scroll","background-type":"","background-media":"","overlay-type":"","overlay-color":"","overlay-opacity":"","overlay-gradient":""}},"footnotes":""},"categories":[7,29],"tags":[],"class_list":["post-4760","post","type-post","status-publish","format-standard","has-post-thumbnail","hentry","category-eso-4","category-portada"],"post_mailing_queue_ids":[],"_links":{"self":[{"href":"https:\/\/agora.xtec.cat\/iesjoanamigo\/wp-json\/wp\/v2\/posts\/4760","targetHints":{"allow":["GET"]}}],"collection":[{"href":"https:\/\/agora.xtec.cat\/iesjoanamigo\/wp-json\/wp\/v2\/posts"}],"about":[{"href":"https:\/\/agora.xtec.cat\/iesjoanamigo\/wp-json\/wp\/v2\/types\/post"}],"author":[{"embeddable":true,"href":"https:\/\/agora.xtec.cat\/iesjoanamigo\/wp-json\/wp\/v2\/users\/1"}],"replies":[{"embeddable":true,"href":"https:\/\/agora.xtec.cat\/iesjoanamigo\/wp-json\/wp\/v2\/comments?post=4760"}],"version-history":[{"count":1,"href":"https:\/\/agora.xtec.cat\/iesjoanamigo\/wp-json\/wp\/v2\/posts\/4760\/revisions"}],"predecessor-version":[{"id":4763,"href":"https:\/\/agora.xtec.cat\/iesjoanamigo\/wp-json\/wp\/v2\/posts\/4760\/revisions\/4763"}],"wp:featuredmedia":[{"embeddable":true,"href":"https:\/\/agora.xtec.cat\/iesjoanamigo\/wp-json\/wp\/v2\/media\/4761"}],"wp:attachment":[{"href":"https:\/\/agora.xtec.cat\/iesjoanamigo\/wp-json\/wp\/v2\/media?parent=4760"}],"wp:term":[{"taxonomy":"category","embeddable":true,"href":"https:\/\/agora.xtec.cat\/iesjoanamigo\/wp-json\/wp\/v2\/categories?post=4760"},{"taxonomy":"post_tag","embeddable":true,"href":"https:\/\/agora.xtec.cat\/iesjoanamigo\/wp-json\/wp\/v2\/tags?post=4760"}],"curies":[{"name":"wp","href":"https:\/\/api.w.org\/{rel}","templated":true}]}}