{"id":4740,"date":"2022-04-08T15:39:21","date_gmt":"2022-04-08T13:39:21","guid":{"rendered":"https:\/\/agora.xtec.cat\/iesjoanamigo\/?p=4740"},"modified":"2022-04-08T15:40:20","modified_gmt":"2022-04-08T13:40:20","slug":"guanyadors-x-concurs-fotografic-eduard-maimone","status":"publish","type":"post","link":"https:\/\/agora.xtec.cat\/iesjoanamigo\/general\/guanyadors-x-concurs-fotografic-eduard-maimone\/","title":{"rendered":"Guanyadors X Concurs fotogr\u00e0fic Eduard Maimon\u00e9"},"content":{"rendered":"<p>Moltes felicitats als guanyadors, a tots els participants i al jurat!<\/p>\n<p>&nbsp;<\/p>\n<p><img loading=\"lazy\" decoding=\"async\" class=\"alignright size-medium wp-image-4741\" src=\"https:\/\/agora.xtec.cat\/iesjoanamigo\/wp-content\/uploads\/usu506\/2022\/04\/irina-206x300.jpg\" alt=\"\" width=\"206\" height=\"300\" srcset=\"https:\/\/agora.xtec.cat\/iesjoanamigo\/wp-content\/uploads\/usu506\/2022\/04\/irina-206x300.jpg 206w, https:\/\/agora.xtec.cat\/iesjoanamigo\/wp-content\/uploads\/usu506\/2022\/04\/irina-704x1024.jpg 704w, https:\/\/agora.xtec.cat\/iesjoanamigo\/wp-content\/uploads\/usu506\/2022\/04\/irina-768x1117.jpg 768w, https:\/\/agora.xtec.cat\/iesjoanamigo\/wp-content\/uploads\/usu506\/2022\/04\/irina.jpg 1000w\" sizes=\"auto, (max-width: 206px) 100vw, 206px\" \/><b><\/b><b>X Concurs fotogr\u00e0fic Eduard Maimon\u00e9<\/b><\/p>\n<p><strong>Categoria: 1r i 2n d&#8217;ESO<\/strong><\/p>\n<p>Guanyador<\/p>\n<ul style=\"list-style-type: square;\">\n<li>T\u00edtol: Llibertat<\/li>\n<li>Autor: Irina Pesquero Masdeu<\/li>\n<\/ul>\n<p><img loading=\"lazy\" decoding=\"async\" class=\"aligncenter wp-image-4739\" src=\"https:\/\/agora.xtec.cat\/iesjoanamigo\/wp-content\/uploads\/usu506\/2022\/04\/1-2ESO-Llibertat-Irina-Pesquero1-300x225.jpg\" alt=\"\" width=\"900\" height=\"675\" srcset=\"https:\/\/agora.xtec.cat\/iesjoanamigo\/wp-content\/uploads\/usu506\/2022\/04\/1-2ESO-Llibertat-Irina-Pesquero1-300x225.jpg 300w, https:\/\/agora.xtec.cat\/iesjoanamigo\/wp-content\/uploads\/usu506\/2022\/04\/1-2ESO-Llibertat-Irina-Pesquero1-768x576.jpg 768w, https:\/\/agora.xtec.cat\/iesjoanamigo\/wp-content\/uploads\/usu506\/2022\/04\/1-2ESO-Llibertat-Irina-Pesquero1-200x150.jpg 200w, https:\/\/agora.xtec.cat\/iesjoanamigo\/wp-content\/uploads\/usu506\/2022\/04\/1-2ESO-Llibertat-Irina-Pesquero1.jpg 960w\" sizes=\"auto, (max-width: 900px) 100vw, 900px\" \/><\/p>\n<p>&nbsp;<\/p>\n<p><b><img loading=\"lazy\" decoding=\"async\" class=\"alignright size-medium wp-image-4742\" src=\"https:\/\/agora.xtec.cat\/iesjoanamigo\/wp-content\/uploads\/usu506\/2022\/04\/bernat-186x300.jpg\" alt=\"\" width=\"186\" height=\"300\" srcset=\"https:\/\/agora.xtec.cat\/iesjoanamigo\/wp-content\/uploads\/usu506\/2022\/04\/bernat-186x300.jpg 186w, https:\/\/agora.xtec.cat\/iesjoanamigo\/wp-content\/uploads\/usu506\/2022\/04\/bernat-636x1024.jpg 636w, https:\/\/agora.xtec.cat\/iesjoanamigo\/wp-content\/uploads\/usu506\/2022\/04\/bernat-768x1236.jpg 768w, https:\/\/agora.xtec.cat\/iesjoanamigo\/wp-content\/uploads\/usu506\/2022\/04\/bernat-954x1536.jpg 954w, https:\/\/agora.xtec.cat\/iesjoanamigo\/wp-content\/uploads\/usu506\/2022\/04\/bernat.jpg 1000w\" sizes=\"auto, (max-width: 186px) 100vw, 186px\" \/>X Concurs fotogr\u00e0fic Eduard Maimon\u00e9<\/b><\/p>\n<p><strong>Categoria: 3r, 4t d&#8217;ESO i SMX<\/strong><\/p>\n<p>Guanyador<\/p>\n<ul style=\"list-style-type: square;\">\n<li>T\u00edtol: Granota cara a cara<\/li>\n<li>Autor: Bernat Bru Teixid\u00f3<\/li>\n<\/ul>\n<p><img loading=\"lazy\" decoding=\"async\" class=\"aligncenter wp-image-4743\" src=\"https:\/\/agora.xtec.cat\/iesjoanamigo\/wp-content\/uploads\/usu506\/2022\/04\/3-4ESO-Granota-cara-a-cara-Bernat-Bru1-768x1024.jpg\" alt=\"\" width=\"900\" height=\"1200\" srcset=\"https:\/\/agora.xtec.cat\/iesjoanamigo\/wp-content\/uploads\/usu506\/2022\/04\/3-4ESO-Granota-cara-a-cara-Bernat-Bru1-768x1024.jpg 768w, https:\/\/agora.xtec.cat\/iesjoanamigo\/wp-content\/uploads\/usu506\/2022\/04\/3-4ESO-Granota-cara-a-cara-Bernat-Bru1-225x300.jpg 225w, https:\/\/agora.xtec.cat\/iesjoanamigo\/wp-content\/uploads\/usu506\/2022\/04\/3-4ESO-Granota-cara-a-cara-Bernat-Bru1.jpg 1000w\" sizes=\"auto, (max-width: 900px) 100vw, 900px\" \/><\/p>\n<p>&nbsp;<\/p>\n<p><b>X Concurs fotogr\u00e0fic Eduard Maimon\u00e9<\/b><\/p>\n<p><strong>Categoria: Adults<\/strong><\/p>\n<p>Guanyador<\/p>\n<ul style=\"list-style-type: square;\">\n<li>T\u00edtol: Junts \u00e9s millor<\/li>\n<li>Autor: Alba Masagu\u00e9 Crespi<\/li>\n<\/ul>\n<p><img loading=\"lazy\" decoding=\"async\" class=\"aligncenter wp-image-4744\" src=\"https:\/\/agora.xtec.cat\/iesjoanamigo\/wp-content\/uploads\/usu506\/2022\/04\/adults-Junts-es-millor-Alba-Masague1.jpg\" alt=\"\" width=\"900\" height=\"675\" srcset=\"https:\/\/agora.xtec.cat\/iesjoanamigo\/wp-content\/uploads\/usu506\/2022\/04\/adults-Junts-es-millor-Alba-Masague1.jpg 1000w, https:\/\/agora.xtec.cat\/iesjoanamigo\/wp-content\/uploads\/usu506\/2022\/04\/adults-Junts-es-millor-Alba-Masague1-300x225.jpg 300w, https:\/\/agora.xtec.cat\/iesjoanamigo\/wp-content\/uploads\/usu506\/2022\/04\/adults-Junts-es-millor-Alba-Masague1-768x576.jpg 768w, https:\/\/agora.xtec.cat\/iesjoanamigo\/wp-content\/uploads\/usu506\/2022\/04\/adults-Junts-es-millor-Alba-Masague1-200x150.jpg 200w\" sizes=\"auto, (max-width: 900px) 100vw, 900px\" \/><\/p>\n<p>&nbsp;<\/p>\n<p>Membres del jurat: Elisenda Rosell, Ariadna Costas i la Presidenta de l\u2019AMPA Carme.<\/p>\n<p><img loading=\"lazy\" decoding=\"async\" class=\"aligncenter wp-image-4745\" src=\"https:\/\/agora.xtec.cat\/iesjoanamigo\/wp-content\/uploads\/usu506\/2022\/04\/jurat.jpg\" alt=\"\" width=\"600\" height=\"450\" srcset=\"https:\/\/agora.xtec.cat\/iesjoanamigo\/wp-content\/uploads\/usu506\/2022\/04\/jurat.jpg 1000w, https:\/\/agora.xtec.cat\/iesjoanamigo\/wp-content\/uploads\/usu506\/2022\/04\/jurat-300x225.jpg 300w, https:\/\/agora.xtec.cat\/iesjoanamigo\/wp-content\/uploads\/usu506\/2022\/04\/jurat-768x576.jpg 768w, https:\/\/agora.xtec.cat\/iesjoanamigo\/wp-content\/uploads\/usu506\/2022\/04\/jurat-200x150.jpg 200w\" sizes=\"auto, (max-width: 600px) 100vw, 600px\" \/><\/p>\n<p>&nbsp;<\/p>\n<p>&nbsp;<\/p>\n<p>&nbsp;<\/p>\n","protected":false},"excerpt":{"rendered":"<p>Moltes felicitats als guanyadors, a tots els participants i al jurat! &nbsp; X Concurs fotogr\u00e0fic Eduard Maimon\u00e9 Categoria: 1r i 2n d&#8217;ESO Guanyador T\u00edtol: Llibertat Autor: Irina Pesquero Masdeu &nbsp; X Concurs fotogr\u00e0fic Eduard Maimon\u00e9 Categoria: 3r, 4t d&#8217;ESO i SMX Guanyador T\u00edtol: Granota cara a cara Autor: Bernat Bru Teixid\u00f3 &nbsp; X Concurs fotogr\u00e0fic [&hellip;]<\/p>\n","protected":false},"author":1,"featured_media":4725,"comment_status":"open","ping_status":"closed","sticky":false,"template":"","format":"standard","meta":{"_bbp_topic_count":0,"_bbp_reply_count":0,"_bbp_total_topic_count":0,"_bbp_total_reply_count":0,"_bbp_voice_count":0,"_bbp_anonymous_reply_count":0,"_bbp_topic_count_hidden":0,"_bbp_reply_count_hidden":0,"_bbp_forum_subforum_count":0,"site-sidebar-layout":"default","site-content-layout":"","ast-site-content-layout":"","site-content-style":"default","site-sidebar-style":"default","ast-global-header-display":"","ast-banner-title-visibility":"","ast-main-header-display":"","ast-hfb-above-header-display":"","ast-hfb-below-header-display":"","ast-hfb-mobile-header-display":"","site-post-title":"","ast-breadcrumbs-content":"","ast-featured-img":"","footer-sml-layout":"","theme-transparent-header-meta":"","adv-header-id-meta":"","stick-header-meta":"","header-above-stick-meta":"","header-main-stick-meta":"","header-below-stick-meta":"","astra-migrate-meta-layouts":"default","ast-page-background-enabled":"default","ast-page-background-meta":{"desktop":{"background-color":"var(--ast-global-color-4)","background-image":"","background-repeat":"repeat","background-position":"center center","background-size":"auto","background-attachment":"scroll","background-type":"","background-media":"","overlay-type":"","overlay-color":"","overlay-opacity":"","overlay-gradient":""},"tablet":{"background-color":"","background-image":"","background-repeat":"repeat","background-position":"center center","background-size":"auto","background-attachment":"scroll","background-type":"","background-media":"","overlay-type":"","overlay-color":"","overlay-opacity":"","overlay-gradient":""},"mobile":{"background-color":"","background-image":"","background-repeat":"repeat","background-position":"center center","background-size":"auto","background-attachment":"scroll","background-type":"","background-media":"","overlay-type":"","overlay-color":"","overlay-opacity":"","overlay-gradient":""}},"ast-content-background-meta":{"desktop":{"background-color":"var(--ast-global-color-5)","background-image":"","background-repeat":"repeat","background-position":"center center","background-size":"auto","background-attachment":"scroll","background-type":"","background-media":"","overlay-type":"","overlay-color":"","overlay-opacity":"","overlay-gradient":""},"tablet":{"background-color":"var(--ast-global-color-5)","background-image":"","background-repeat":"repeat","background-position":"center center","background-size":"auto","background-attachment":"scroll","background-type":"","background-media":"","overlay-type":"","overlay-color":"","overlay-opacity":"","overlay-gradient":""},"mobile":{"background-color":"var(--ast-global-color-5)","background-image":"","background-repeat":"repeat","background-position":"center center","background-size":"auto","background-attachment":"scroll","background-type":"","background-media":"","overlay-type":"","overlay-color":"","overlay-opacity":"","overlay-gradient":""}},"footnotes":""},"categories":[31,3,1,29,96],"tags":[],"class_list":["post-4740","post","type-post","status-publish","format-standard","has-post-thumbnail","hentry","category-ampa","category-eso","category-general","category-portada","category-premis"],"post_mailing_queue_ids":[],"_links":{"self":[{"href":"https:\/\/agora.xtec.cat\/iesjoanamigo\/wp-json\/wp\/v2\/posts\/4740","targetHints":{"allow":["GET"]}}],"collection":[{"href":"https:\/\/agora.xtec.cat\/iesjoanamigo\/wp-json\/wp\/v2\/posts"}],"about":[{"href":"https:\/\/agora.xtec.cat\/iesjoanamigo\/wp-json\/wp\/v2\/types\/post"}],"author":[{"embeddable":true,"href":"https:\/\/agora.xtec.cat\/iesjoanamigo\/wp-json\/wp\/v2\/users\/1"}],"replies":[{"embeddable":true,"href":"https:\/\/agora.xtec.cat\/iesjoanamigo\/wp-json\/wp\/v2\/comments?post=4740"}],"version-history":[{"count":3,"href":"https:\/\/agora.xtec.cat\/iesjoanamigo\/wp-json\/wp\/v2\/posts\/4740\/revisions"}],"predecessor-version":[{"id":4749,"href":"https:\/\/agora.xtec.cat\/iesjoanamigo\/wp-json\/wp\/v2\/posts\/4740\/revisions\/4749"}],"wp:featuredmedia":[{"embeddable":true,"href":"https:\/\/agora.xtec.cat\/iesjoanamigo\/wp-json\/wp\/v2\/media\/4725"}],"wp:attachment":[{"href":"https:\/\/agora.xtec.cat\/iesjoanamigo\/wp-json\/wp\/v2\/media?parent=4740"}],"wp:term":[{"taxonomy":"category","embeddable":true,"href":"https:\/\/agora.xtec.cat\/iesjoanamigo\/wp-json\/wp\/v2\/categories?post=4740"},{"taxonomy":"post_tag","embeddable":true,"href":"https:\/\/agora.xtec.cat\/iesjoanamigo\/wp-json\/wp\/v2\/tags?post=4740"}],"curies":[{"name":"wp","href":"https:\/\/api.w.org\/{rel}","templated":true}]}}