{"id":4731,"date":"2022-04-08T13:25:32","date_gmt":"2022-04-08T11:25:32","guid":{"rendered":"https:\/\/agora.xtec.cat\/iesjoanamigo\/?p=4731"},"modified":"2022-04-08T13:28:13","modified_gmt":"2022-04-08T11:28:13","slug":"programa-salut-i-escola","status":"publish","type":"post","link":"https:\/\/agora.xtec.cat\/iesjoanamigo\/general\/programa-salut-i-escola\/","title":{"rendered":"Programa salut i escola"},"content":{"rendered":"<p><img loading=\"lazy\" decoding=\"async\" class=\"alignright size-full wp-image-4732\" src=\"https:\/\/agora.xtec.cat\/iesjoanamigo\/wp-content\/uploads\/usu506\/2022\/04\/264x264_baner3_salut_i_escola.png\" alt=\"\" width=\"263\" height=\"262\" srcset=\"https:\/\/agora.xtec.cat\/iesjoanamigo\/wp-content\/uploads\/usu506\/2022\/04\/264x264_baner3_salut_i_escola.png 263w, https:\/\/agora.xtec.cat\/iesjoanamigo\/wp-content\/uploads\/usu506\/2022\/04\/264x264_baner3_salut_i_escola-150x150.png 150w\" sizes=\"auto, (max-width: 263px) 100vw, 263px\" \/>Properament a l&#8217;institut Joan Amig\u00f3 i Callau tindrem una visita regular per part d&#8217;una infermera.<\/p>\n<p>Ella resoldr\u00e0 dubtes, inquietuds i orientar\u00e0 els alumnes en temes de salut.<\/p>\n<p>Us donarem m\u00e9s informaci\u00f3 sobre horaris i el funcionament del servei en breu.<\/p>\n<p><!--more-->Us deixem enlla\u00e7os interessants:<\/p>\n<ul>\n<li><a href=\"https:\/\/www.diarimes.com\/noticies\/tarragona\/2022\/04\/05\/el_dels_tarragonins_entre_anys_son_sedentaris_120539_1091.html\" target=\"_blank\" rel=\"noopener\" data-saferedirecturl=\"https:\/\/www.google.com\/url?q=https:\/\/www.diarimes.com\/noticies\/tarragona\/2022\/04\/05\/el_dels_tarragonins_entre_anys_son_sedentaris_120539_1091.html&amp;source=gmail&amp;ust=1649503142672000&amp;usg=AOvVaw0NiAw5GXnugeCcHDTFaDjW\">https:\/\/www.diarimes.com\/<wbr \/>noticies\/tarragona\/2022\/04\/05\/<wbr \/>el_dels_tarragonins_entre_<wbr \/>anys_son_sedentaris_120539_<wbr \/>1091.html<\/a><\/li>\n<li><a href=\"https:\/\/alacarta.tarragonaradio.cat\/embed\/podcast?id=tarragonaradio_podcast_30131&amp;mid=tarragonaradio_podcast_30131_podcastmarker_2\" target=\"_blank\" rel=\"noopener\" data-saferedirecturl=\"https:\/\/www.google.com\/url?q=https:\/\/alacarta.tarragonaradio.cat\/embed\/podcast?id%3Dtarragonaradio_podcast_30131%26mid%3Dtarragonaradio_podcast_30131_podcastmarker_2&amp;source=gmail&amp;ust=1649503142672000&amp;usg=AOvVaw0DQfgi_gGLQfzlj0iG8V9v\">https:\/\/alacarta.<wbr \/>tarragonaradio.cat\/embed\/<wbr \/>podcast?id=tarragonaradio_<wbr \/>podcast_30131&amp;mid=<wbr \/>tarragonaradio_podcast_30131_<wbr \/>podcastmarker_2<\/a><\/li>\n<li><a href=\"https:\/\/salutpublica.gencat.cat\/ca\/ambits\/promocio_salut\/Infancia-i-adolescencia\/Adolescencia\/salut-i-escola\/\">https:\/\/salutpublica.gencat.cat\/ca\/ambits\/promocio_salut\/Infancia-i-adolescencia\/Adolescencia\/salut-i-escola\/<\/a><\/li>\n<\/ul>\n<p>&nbsp;<\/p>\n<p>&nbsp;<\/p>\n","protected":false},"excerpt":{"rendered":"<p>Properament a l&#8217;institut Joan Amig\u00f3 i Callau tindrem una visita regular per part d&#8217;una infermera. Ella resoldr\u00e0 dubtes, inquietuds i orientar\u00e0 els alumnes en temes de salut. Us donarem m\u00e9s informaci\u00f3 sobre horaris i el funcionament del servei en breu.<\/p>\n","protected":false},"author":1,"featured_media":4732,"comment_status":"open","ping_status":"closed","sticky":false,"template":"","format":"standard","meta":{"_bbp_topic_count":0,"_bbp_reply_count":0,"_bbp_total_topic_count":0,"_bbp_total_reply_count":0,"_bbp_voice_count":0,"_bbp_anonymous_reply_count":0,"_bbp_topic_count_hidden":0,"_bbp_reply_count_hidden":0,"_bbp_forum_subforum_count":0,"site-sidebar-layout":"default","site-content-layout":"","ast-site-content-layout":"","site-content-style":"default","site-sidebar-style":"default","ast-global-header-display":"","ast-banner-title-visibility":"","ast-main-header-display":"","ast-hfb-above-header-display":"","ast-hfb-below-header-display":"","ast-hfb-mobile-header-display":"","site-post-title":"","ast-breadcrumbs-content":"","ast-featured-img":"","footer-sml-layout":"","theme-transparent-header-meta":"","adv-header-id-meta":"","stick-header-meta":"","header-above-stick-meta":"","header-main-stick-meta":"","header-below-stick-meta":"","astra-migrate-meta-layouts":"default","ast-page-background-enabled":"default","ast-page-background-meta":{"desktop":{"background-color":"var(--ast-global-color-4)","background-image":"","background-repeat":"repeat","background-position":"center center","background-size":"auto","background-attachment":"scroll","background-type":"","background-media":"","overlay-type":"","overlay-color":"","overlay-opacity":"","overlay-gradient":""},"tablet":{"background-color":"","background-image":"","background-repeat":"repeat","background-position":"center center","background-size":"auto","background-attachment":"scroll","background-type":"","background-media":"","overlay-type":"","overlay-color":"","overlay-opacity":"","overlay-gradient":""},"mobile":{"background-color":"","background-image":"","background-repeat":"repeat","background-position":"center center","background-size":"auto","background-attachment":"scroll","background-type":"","background-media":"","overlay-type":"","overlay-color":"","overlay-opacity":"","overlay-gradient":""}},"ast-content-background-meta":{"desktop":{"background-color":"var(--ast-global-color-5)","background-image":"","background-repeat":"repeat","background-position":"center center","background-size":"auto","background-attachment":"scroll","background-type":"","background-media":"","overlay-type":"","overlay-color":"","overlay-opacity":"","overlay-gradient":""},"tablet":{"background-color":"var(--ast-global-color-5)","background-image":"","background-repeat":"repeat","background-position":"center center","background-size":"auto","background-attachment":"scroll","background-type":"","background-media":"","overlay-type":"","overlay-color":"","overlay-opacity":"","overlay-gradient":""},"mobile":{"background-color":"var(--ast-global-color-5)","background-image":"","background-repeat":"repeat","background-position":"center center","background-size":"auto","background-attachment":"scroll","background-type":"","background-media":"","overlay-type":"","overlay-color":"","overlay-opacity":"","overlay-gradient":""}},"footnotes":""},"categories":[3,1,29],"tags":[],"class_list":["post-4731","post","type-post","status-publish","format-standard","has-post-thumbnail","hentry","category-eso","category-general","category-portada"],"post_mailing_queue_ids":[],"_links":{"self":[{"href":"https:\/\/agora.xtec.cat\/iesjoanamigo\/wp-json\/wp\/v2\/posts\/4731","targetHints":{"allow":["GET"]}}],"collection":[{"href":"https:\/\/agora.xtec.cat\/iesjoanamigo\/wp-json\/wp\/v2\/posts"}],"about":[{"href":"https:\/\/agora.xtec.cat\/iesjoanamigo\/wp-json\/wp\/v2\/types\/post"}],"author":[{"embeddable":true,"href":"https:\/\/agora.xtec.cat\/iesjoanamigo\/wp-json\/wp\/v2\/users\/1"}],"replies":[{"embeddable":true,"href":"https:\/\/agora.xtec.cat\/iesjoanamigo\/wp-json\/wp\/v2\/comments?post=4731"}],"version-history":[{"count":4,"href":"https:\/\/agora.xtec.cat\/iesjoanamigo\/wp-json\/wp\/v2\/posts\/4731\/revisions"}],"predecessor-version":[{"id":4737,"href":"https:\/\/agora.xtec.cat\/iesjoanamigo\/wp-json\/wp\/v2\/posts\/4731\/revisions\/4737"}],"wp:featuredmedia":[{"embeddable":true,"href":"https:\/\/agora.xtec.cat\/iesjoanamigo\/wp-json\/wp\/v2\/media\/4732"}],"wp:attachment":[{"href":"https:\/\/agora.xtec.cat\/iesjoanamigo\/wp-json\/wp\/v2\/media?parent=4731"}],"wp:term":[{"taxonomy":"category","embeddable":true,"href":"https:\/\/agora.xtec.cat\/iesjoanamigo\/wp-json\/wp\/v2\/categories?post=4731"},{"taxonomy":"post_tag","embeddable":true,"href":"https:\/\/agora.xtec.cat\/iesjoanamigo\/wp-json\/wp\/v2\/tags?post=4731"}],"curies":[{"name":"wp","href":"https:\/\/api.w.org\/{rel}","templated":true}]}}