{"id":4702,"date":"2022-03-24T12:17:34","date_gmt":"2022-03-24T11:17:34","guid":{"rendered":"https:\/\/agora.xtec.cat\/iesjoanamigo\/?p=4702"},"modified":"2022-03-24T12:17:34","modified_gmt":"2022-03-24T11:17:34","slug":"esquiada-ins-joan-amigo","status":"publish","type":"post","link":"https:\/\/agora.xtec.cat\/iesjoanamigo\/eso\/esquiada-ins-joan-amigo\/","title":{"rendered":"Esquiada INS Joan Amig\u00f3"},"content":{"rendered":"<div id=\":9x\" class=\"a3s aiL \">\n<div dir=\"ltr\">\n<p>Aquest any s\u00ed! Hem pogut gaudir de l&#8217;esquiada un any m\u00e9s. I a m\u00e9s amb una neu fant\u00e0stica i un temps prou bo.<\/p>\n<p>Del dilluns 21 al dimecres 23 de mar\u00e7 hem passat uns dies a la neu, a l&#8217;estaci\u00f3 de la Masella, aprenent a esquiar i tamb\u00e9 aprenent a organitzar-nos, a responsabilitzar-nos del material, a conviure, a ser puntuals i ordenats, a ser aut\u00f2noms, etc..<\/p>\n<p>El primer dia nom\u00e9s arribar vam realitzar la primera classe, cadasc\u00fa al seu nivell. Ens va nevar i feia for\u00e7a fred i boira, per\u00f2 vam poder aprofitar prou b\u00e9 la jornada.<\/p>\n<p>El segon dia ja quasi tots i totes havien agafat prou habilitat, equilibri i destresa i els que ja tenien un nivell bo van aprofitar al m\u00e0xim totes les pistes: la neu acabada de caure el dia abans presentava una qualitat excel\u00b7lent!<\/p>\n<p>A la tarda, vam provar les raquetes a l&#8217;estaci\u00f3 de la Molina: al principi es queixaven una mica per la pujada, per\u00f2 vam acabar fent guerra de boles de neu i va resultar for\u00e7a entretingut.<\/p>\n<p>El dimecres ens va fer un temps espectacular i vam aprofitar fins a l&#8217;\u00faltim minut per esgotar la nostra for\u00e7a f\u00edsica baixant per les pistes.<\/p>\n<p>L&#8217;estada a l&#8217;alberg la Bruna, com sempre ha estat fant\u00e0stic i el tracte rebut excel\u00b7lent.<\/p>\n<p>L&#8217;any vinent, ho repetirem!<\/p>\n<p><code><div class=\"h5p-content\" data-content-id=\"40\"><\/div><\/code><\/p>\n<\/div>\n<\/div>\n","protected":false},"excerpt":{"rendered":"<p>Aquest any s\u00ed! Hem pogut gaudir de l&#8217;esquiada un any m\u00e9s. I a m\u00e9s amb una neu fant\u00e0stica i un temps prou bo. Del dilluns 21 al dimecres 23 de mar\u00e7 hem passat uns dies a la neu, a l&#8217;estaci\u00f3 de la Masella, aprenent a esquiar i tamb\u00e9 aprenent a organitzar-nos, a responsabilitzar-nos del material, [&hellip;]<\/p>\n","protected":false},"author":1,"featured_media":4703,"comment_status":"open","ping_status":"closed","sticky":false,"template":"","format":"standard","meta":{"_bbp_topic_count":0,"_bbp_reply_count":0,"_bbp_total_topic_count":0,"_bbp_total_reply_count":0,"_bbp_voice_count":0,"_bbp_anonymous_reply_count":0,"_bbp_topic_count_hidden":0,"_bbp_reply_count_hidden":0,"_bbp_forum_subforum_count":0,"site-sidebar-layout":"default","site-content-layout":"","ast-site-content-layout":"","site-content-style":"default","site-sidebar-style":"default","ast-global-header-display":"","ast-banner-title-visibility":"","ast-main-header-display":"","ast-hfb-above-header-display":"","ast-hfb-below-header-display":"","ast-hfb-mobile-header-display":"","site-post-title":"","ast-breadcrumbs-content":"","ast-featured-img":"","footer-sml-layout":"","theme-transparent-header-meta":"","adv-header-id-meta":"","stick-header-meta":"","header-above-stick-meta":"","header-main-stick-meta":"","header-below-stick-meta":"","astra-migrate-meta-layouts":"default","ast-page-background-enabled":"default","ast-page-background-meta":{"desktop":{"background-color":"var(--ast-global-color-4)","background-image":"","background-repeat":"repeat","background-position":"center center","background-size":"auto","background-attachment":"scroll","background-type":"","background-media":"","overlay-type":"","overlay-color":"","overlay-opacity":"","overlay-gradient":""},"tablet":{"background-color":"","background-image":"","background-repeat":"repeat","background-position":"center center","background-size":"auto","background-attachment":"scroll","background-type":"","background-media":"","overlay-type":"","overlay-color":"","overlay-opacity":"","overlay-gradient":""},"mobile":{"background-color":"","background-image":"","background-repeat":"repeat","background-position":"center center","background-size":"auto","background-attachment":"scroll","background-type":"","background-media":"","overlay-type":"","overlay-color":"","overlay-opacity":"","overlay-gradient":""}},"ast-content-background-meta":{"desktop":{"background-color":"var(--ast-global-color-5)","background-image":"","background-repeat":"repeat","background-position":"center center","background-size":"auto","background-attachment":"scroll","background-type":"","background-media":"","overlay-type":"","overlay-color":"","overlay-opacity":"","overlay-gradient":""},"tablet":{"background-color":"var(--ast-global-color-5)","background-image":"","background-repeat":"repeat","background-position":"center center","background-size":"auto","background-attachment":"scroll","background-type":"","background-media":"","overlay-type":"","overlay-color":"","overlay-opacity":"","overlay-gradient":""},"mobile":{"background-color":"var(--ast-global-color-5)","background-image":"","background-repeat":"repeat","background-position":"center center","background-size":"auto","background-attachment":"scroll","background-type":"","background-media":"","overlay-type":"","overlay-color":"","overlay-opacity":"","overlay-gradient":""}},"footnotes":""},"categories":[3,29],"tags":[],"class_list":["post-4702","post","type-post","status-publish","format-standard","has-post-thumbnail","hentry","category-eso","category-portada"],"post_mailing_queue_ids":[],"_links":{"self":[{"href":"https:\/\/agora.xtec.cat\/iesjoanamigo\/wp-json\/wp\/v2\/posts\/4702","targetHints":{"allow":["GET"]}}],"collection":[{"href":"https:\/\/agora.xtec.cat\/iesjoanamigo\/wp-json\/wp\/v2\/posts"}],"about":[{"href":"https:\/\/agora.xtec.cat\/iesjoanamigo\/wp-json\/wp\/v2\/types\/post"}],"author":[{"embeddable":true,"href":"https:\/\/agora.xtec.cat\/iesjoanamigo\/wp-json\/wp\/v2\/users\/1"}],"replies":[{"embeddable":true,"href":"https:\/\/agora.xtec.cat\/iesjoanamigo\/wp-json\/wp\/v2\/comments?post=4702"}],"version-history":[{"count":1,"href":"https:\/\/agora.xtec.cat\/iesjoanamigo\/wp-json\/wp\/v2\/posts\/4702\/revisions"}],"predecessor-version":[{"id":4704,"href":"https:\/\/agora.xtec.cat\/iesjoanamigo\/wp-json\/wp\/v2\/posts\/4702\/revisions\/4704"}],"wp:featuredmedia":[{"embeddable":true,"href":"https:\/\/agora.xtec.cat\/iesjoanamigo\/wp-json\/wp\/v2\/media\/4703"}],"wp:attachment":[{"href":"https:\/\/agora.xtec.cat\/iesjoanamigo\/wp-json\/wp\/v2\/media?parent=4702"}],"wp:term":[{"taxonomy":"category","embeddable":true,"href":"https:\/\/agora.xtec.cat\/iesjoanamigo\/wp-json\/wp\/v2\/categories?post=4702"},{"taxonomy":"post_tag","embeddable":true,"href":"https:\/\/agora.xtec.cat\/iesjoanamigo\/wp-json\/wp\/v2\/tags?post=4702"}],"curies":[{"name":"wp","href":"https:\/\/api.w.org\/{rel}","templated":true}]}}