{"id":4673,"date":"2022-03-18T10:22:18","date_gmt":"2022-03-18T09:22:18","guid":{"rendered":"https:\/\/agora.xtec.cat\/iesjoanamigo\/?p=4673"},"modified":"2022-03-18T10:22:38","modified_gmt":"2022-03-18T09:22:38","slug":"brigades-internacionals","status":"publish","type":"post","link":"https:\/\/agora.xtec.cat\/iesjoanamigo\/eso\/brigades-internacionals\/","title":{"rendered":"BRIGADES INTERNACIONALS"},"content":{"rendered":"<p>L\u2019alumnat de 4<sup>t<\/sup> ESO ha realitzat un taller sobre les BRIGADES INTERNACIONALS al CdA Els Monestirs del Cister, en el mateix lloc on l\u2019octubre de 1938 els brigadistes de l\u2019exercit de l\u2019Ebre es van acomiadar, procedents de l\u2019estaci\u00f3 de Mar\u00e7\u00e0.<\/p>\n<p>El nostre alumnat ha rebut informaci\u00f3 sobre aquests brigadistes procedents de 50 pa\u00efsos diferents. Un considerable nombre de brigadistes era d\u2019origen jueu, els quals entenien la lluita contra els feixistes d\u2019Espanya com una lluita pr\u00f2pia, ja que el feixisme representava un perill imminent contra les minories de tot Europa.<\/p>\n<p>Els brigadistes tenien diferents proced\u00e8ncies socials, des d\u2019intel\u00b7lectuals a proletaris passant per sindicalistes, metges, artistes, &#8230;<\/p>\n<p>La ra\u00f3 que preval en la formaci\u00f3 de les Brigades Internacionals va ser participar en una guerra per aturar l\u2019expansi\u00f3 del feixisme per Europa i, per extensi\u00f3, arreu del m\u00f3n.<\/p>\n<p>Ara m\u00e9s que mai \u00e9s important que el nostre alumnat sigui coneixedor del paper d\u2019aquests brigadistes en la Guerra Civil Espanyola (1936-1939), al costat del b\u00e0ndol republic\u00e0. Com del mal que va fer el feixisme arreu.<\/p>\n<p><code><div class=\"h5p-content\" data-content-id=\"39\"><\/div><\/code><\/p>\n","protected":false},"excerpt":{"rendered":"<p>L\u2019alumnat de 4t ESO ha realitzat un taller sobre les BRIGADES INTERNACIONALS al CdA Els Monestirs del Cister, en el mateix lloc on l\u2019octubre de 1938 els brigadistes de l\u2019exercit de l\u2019Ebre es van acomiadar, procedents de l\u2019estaci\u00f3 de Mar\u00e7\u00e0. El nostre alumnat ha rebut informaci\u00f3 sobre aquests brigadistes procedents de 50 pa\u00efsos diferents. Un [&hellip;]<\/p>\n","protected":false},"author":1,"featured_media":4674,"comment_status":"open","ping_status":"closed","sticky":false,"template":"","format":"standard","meta":{"_bbp_topic_count":0,"_bbp_reply_count":0,"_bbp_total_topic_count":0,"_bbp_total_reply_count":0,"_bbp_voice_count":0,"_bbp_anonymous_reply_count":0,"_bbp_topic_count_hidden":0,"_bbp_reply_count_hidden":0,"_bbp_forum_subforum_count":0,"site-sidebar-layout":"default","site-content-layout":"","ast-site-content-layout":"","site-content-style":"default","site-sidebar-style":"default","ast-global-header-display":"","ast-banner-title-visibility":"","ast-main-header-display":"","ast-hfb-above-header-display":"","ast-hfb-below-header-display":"","ast-hfb-mobile-header-display":"","site-post-title":"","ast-breadcrumbs-content":"","ast-featured-img":"","footer-sml-layout":"","theme-transparent-header-meta":"","adv-header-id-meta":"","stick-header-meta":"","header-above-stick-meta":"","header-main-stick-meta":"","header-below-stick-meta":"","astra-migrate-meta-layouts":"default","ast-page-background-enabled":"default","ast-page-background-meta":{"desktop":{"background-color":"var(--ast-global-color-4)","background-image":"","background-repeat":"repeat","background-position":"center center","background-size":"auto","background-attachment":"scroll","background-type":"","background-media":"","overlay-type":"","overlay-color":"","overlay-opacity":"","overlay-gradient":""},"tablet":{"background-color":"","background-image":"","background-repeat":"repeat","background-position":"center center","background-size":"auto","background-attachment":"scroll","background-type":"","background-media":"","overlay-type":"","overlay-color":"","overlay-opacity":"","overlay-gradient":""},"mobile":{"background-color":"","background-image":"","background-repeat":"repeat","background-position":"center center","background-size":"auto","background-attachment":"scroll","background-type":"","background-media":"","overlay-type":"","overlay-color":"","overlay-opacity":"","overlay-gradient":""}},"ast-content-background-meta":{"desktop":{"background-color":"var(--ast-global-color-5)","background-image":"","background-repeat":"repeat","background-position":"center center","background-size":"auto","background-attachment":"scroll","background-type":"","background-media":"","overlay-type":"","overlay-color":"","overlay-opacity":"","overlay-gradient":""},"tablet":{"background-color":"var(--ast-global-color-5)","background-image":"","background-repeat":"repeat","background-position":"center center","background-size":"auto","background-attachment":"scroll","background-type":"","background-media":"","overlay-type":"","overlay-color":"","overlay-opacity":"","overlay-gradient":""},"mobile":{"background-color":"var(--ast-global-color-5)","background-image":"","background-repeat":"repeat","background-position":"center center","background-size":"auto","background-attachment":"scroll","background-type":"","background-media":"","overlay-type":"","overlay-color":"","overlay-opacity":"","overlay-gradient":""}},"footnotes":""},"categories":[3,7,29],"tags":[],"class_list":["post-4673","post","type-post","status-publish","format-standard","has-post-thumbnail","hentry","category-eso","category-eso-4","category-portada"],"post_mailing_queue_ids":[],"_links":{"self":[{"href":"https:\/\/agora.xtec.cat\/iesjoanamigo\/wp-json\/wp\/v2\/posts\/4673","targetHints":{"allow":["GET"]}}],"collection":[{"href":"https:\/\/agora.xtec.cat\/iesjoanamigo\/wp-json\/wp\/v2\/posts"}],"about":[{"href":"https:\/\/agora.xtec.cat\/iesjoanamigo\/wp-json\/wp\/v2\/types\/post"}],"author":[{"embeddable":true,"href":"https:\/\/agora.xtec.cat\/iesjoanamigo\/wp-json\/wp\/v2\/users\/1"}],"replies":[{"embeddable":true,"href":"https:\/\/agora.xtec.cat\/iesjoanamigo\/wp-json\/wp\/v2\/comments?post=4673"}],"version-history":[{"count":2,"href":"https:\/\/agora.xtec.cat\/iesjoanamigo\/wp-json\/wp\/v2\/posts\/4673\/revisions"}],"predecessor-version":[{"id":4676,"href":"https:\/\/agora.xtec.cat\/iesjoanamigo\/wp-json\/wp\/v2\/posts\/4673\/revisions\/4676"}],"wp:featuredmedia":[{"embeddable":true,"href":"https:\/\/agora.xtec.cat\/iesjoanamigo\/wp-json\/wp\/v2\/media\/4674"}],"wp:attachment":[{"href":"https:\/\/agora.xtec.cat\/iesjoanamigo\/wp-json\/wp\/v2\/media?parent=4673"}],"wp:term":[{"taxonomy":"category","embeddable":true,"href":"https:\/\/agora.xtec.cat\/iesjoanamigo\/wp-json\/wp\/v2\/categories?post=4673"},{"taxonomy":"post_tag","embeddable":true,"href":"https:\/\/agora.xtec.cat\/iesjoanamigo\/wp-json\/wp\/v2\/tags?post=4673"}],"curies":[{"name":"wp","href":"https:\/\/api.w.org\/{rel}","templated":true}]}}