{"id":4449,"date":"2021-10-07T11:07:01","date_gmt":"2021-10-07T09:07:01","guid":{"rendered":"https:\/\/agora.xtec.cat\/iesjoanamigo\/?p=4449"},"modified":"2021-10-07T11:07:01","modified_gmt":"2021-10-07T09:07:01","slug":"ja-tenim-a-punt-el-raco-de-la-lectura","status":"publish","type":"post","link":"https:\/\/agora.xtec.cat\/iesjoanamigo\/eso\/ja-tenim-a-punt-el-raco-de-la-lectura\/","title":{"rendered":"Ja tenim a punt el rac\u00f3 de la lectura!"},"content":{"rendered":"<p align=\"left\"><img loading=\"lazy\" decoding=\"async\" class=\"alignright size-medium wp-image-4450\" src=\"https:\/\/agora.xtec.cat\/iesjoanamigo\/wp-content\/uploads\/usu506\/2021\/10\/racoLectura-225x300.jpg\" alt=\"\" width=\"225\" height=\"300\" srcset=\"https:\/\/agora.xtec.cat\/iesjoanamigo\/wp-content\/uploads\/usu506\/2021\/10\/racoLectura-225x300.jpg 225w, https:\/\/agora.xtec.cat\/iesjoanamigo\/wp-content\/uploads\/usu506\/2021\/10\/racoLectura-768x1024.jpg 768w, https:\/\/agora.xtec.cat\/iesjoanamigo\/wp-content\/uploads\/usu506\/2021\/10\/racoLectura.jpg 900w\" sizes=\"auto, (max-width: 225px) 100vw, 225px\" \/>En ell hi trobar\u00e0s&#8230;<\/p>\n<p align=\"left\"><b>&#8211; El c\u00f2mic.<\/b>\u00a0Hi ha aquella cita que diu: &#8220;Una imatge val m\u00e9s que mil paraules&#8221;. Per\u00f2 per qu\u00e8 hem d&#8217;escollir entre la imatge i la paraula quan ho podem tenir tot alhora? Precisament aix\u00f2 s\u00f3n els c\u00f2mics, un g\u00e8nere de lectura molt sovint considerat secundari, i al qual cal donar el valor que es mereix. Us convidem a llegir-ne!<\/p>\n<p align=\"left\"><b>&#8211; Llistes de recomanacions que pots trobar al teu classroom de lectura.\u00a0<\/b>Segons el que han recomanat joves lectors i lectores en diferents concursos de lectura, us presentem aquesta llista.<\/p>\n<p align=\"left\">I us informem que a partir de la setmana del 18 d&#8217;octubre comen\u00e7arem\u00a0a fer les sessions amb la Biblioteca P\u00fablica Moss\u00e8n Ramon Muntanyola per con\u00e8ixer &#8220;Viu un llibre&#8221; i el pr\u00e9stec digital.<\/p>\n<p align=\"left\">Bona lectura!<\/p>\n","protected":false},"excerpt":{"rendered":"<p>En ell hi trobar\u00e0s&#8230; &#8211; El c\u00f2mic.\u00a0Hi ha aquella cita que diu: &#8220;Una imatge val m\u00e9s que mil paraules&#8221;. Per\u00f2 per qu\u00e8 hem d&#8217;escollir entre la imatge i la paraula quan ho podem tenir tot alhora? Precisament aix\u00f2 s\u00f3n els c\u00f2mics, un g\u00e8nere de lectura molt sovint considerat secundari, i al qual cal donar el [&hellip;]<\/p>\n","protected":false},"author":1,"featured_media":4450,"comment_status":"open","ping_status":"closed","sticky":false,"template":"","format":"standard","meta":{"_bbp_topic_count":0,"_bbp_reply_count":0,"_bbp_total_topic_count":0,"_bbp_total_reply_count":0,"_bbp_voice_count":0,"_bbp_anonymous_reply_count":0,"_bbp_topic_count_hidden":0,"_bbp_reply_count_hidden":0,"_bbp_forum_subforum_count":0,"site-sidebar-layout":"default","site-content-layout":"","ast-site-content-layout":"","site-content-style":"default","site-sidebar-style":"default","ast-global-header-display":"","ast-banner-title-visibility":"","ast-main-header-display":"","ast-hfb-above-header-display":"","ast-hfb-below-header-display":"","ast-hfb-mobile-header-display":"","site-post-title":"","ast-breadcrumbs-content":"","ast-featured-img":"","footer-sml-layout":"","theme-transparent-header-meta":"","adv-header-id-meta":"","stick-header-meta":"","header-above-stick-meta":"","header-main-stick-meta":"","header-below-stick-meta":"","astra-migrate-meta-layouts":"default","ast-page-background-enabled":"default","ast-page-background-meta":{"desktop":{"background-color":"var(--ast-global-color-4)","background-image":"","background-repeat":"repeat","background-position":"center center","background-size":"auto","background-attachment":"scroll","background-type":"","background-media":"","overlay-type":"","overlay-color":"","overlay-opacity":"","overlay-gradient":""},"tablet":{"background-color":"","background-image":"","background-repeat":"repeat","background-position":"center center","background-size":"auto","background-attachment":"scroll","background-type":"","background-media":"","overlay-type":"","overlay-color":"","overlay-opacity":"","overlay-gradient":""},"mobile":{"background-color":"","background-image":"","background-repeat":"repeat","background-position":"center center","background-size":"auto","background-attachment":"scroll","background-type":"","background-media":"","overlay-type":"","overlay-color":"","overlay-opacity":"","overlay-gradient":""}},"ast-content-background-meta":{"desktop":{"background-color":"var(--ast-global-color-5)","background-image":"","background-repeat":"repeat","background-position":"center center","background-size":"auto","background-attachment":"scroll","background-type":"","background-media":"","overlay-type":"","overlay-color":"","overlay-opacity":"","overlay-gradient":""},"tablet":{"background-color":"var(--ast-global-color-5)","background-image":"","background-repeat":"repeat","background-position":"center center","background-size":"auto","background-attachment":"scroll","background-type":"","background-media":"","overlay-type":"","overlay-color":"","overlay-opacity":"","overlay-gradient":""},"mobile":{"background-color":"var(--ast-global-color-5)","background-image":"","background-repeat":"repeat","background-position":"center center","background-size":"auto","background-attachment":"scroll","background-type":"","background-media":"","overlay-type":"","overlay-color":"","overlay-opacity":"","overlay-gradient":""}},"footnotes":""},"categories":[98,3,29],"tags":[],"class_list":["post-4449","post","type-post","status-publish","format-standard","has-post-thumbnail","hentry","category-biblioteca","category-eso","category-portada"],"post_mailing_queue_ids":[],"_links":{"self":[{"href":"https:\/\/agora.xtec.cat\/iesjoanamigo\/wp-json\/wp\/v2\/posts\/4449","targetHints":{"allow":["GET"]}}],"collection":[{"href":"https:\/\/agora.xtec.cat\/iesjoanamigo\/wp-json\/wp\/v2\/posts"}],"about":[{"href":"https:\/\/agora.xtec.cat\/iesjoanamigo\/wp-json\/wp\/v2\/types\/post"}],"author":[{"embeddable":true,"href":"https:\/\/agora.xtec.cat\/iesjoanamigo\/wp-json\/wp\/v2\/users\/1"}],"replies":[{"embeddable":true,"href":"https:\/\/agora.xtec.cat\/iesjoanamigo\/wp-json\/wp\/v2\/comments?post=4449"}],"version-history":[{"count":1,"href":"https:\/\/agora.xtec.cat\/iesjoanamigo\/wp-json\/wp\/v2\/posts\/4449\/revisions"}],"predecessor-version":[{"id":4451,"href":"https:\/\/agora.xtec.cat\/iesjoanamigo\/wp-json\/wp\/v2\/posts\/4449\/revisions\/4451"}],"wp:featuredmedia":[{"embeddable":true,"href":"https:\/\/agora.xtec.cat\/iesjoanamigo\/wp-json\/wp\/v2\/media\/4450"}],"wp:attachment":[{"href":"https:\/\/agora.xtec.cat\/iesjoanamigo\/wp-json\/wp\/v2\/media?parent=4449"}],"wp:term":[{"taxonomy":"category","embeddable":true,"href":"https:\/\/agora.xtec.cat\/iesjoanamigo\/wp-json\/wp\/v2\/categories?post=4449"},{"taxonomy":"post_tag","embeddable":true,"href":"https:\/\/agora.xtec.cat\/iesjoanamigo\/wp-json\/wp\/v2\/tags?post=4449"}],"curies":[{"name":"wp","href":"https:\/\/api.w.org\/{rel}","templated":true}]}}