{"id":4440,"date":"2021-10-06T10:16:22","date_gmt":"2021-10-06T08:16:22","guid":{"rendered":"https:\/\/agora.xtec.cat\/iesjoanamigo\/?p=4440"},"modified":"2021-10-06T10:17:10","modified_gmt":"2021-10-06T08:17:10","slug":"tallers-dimmersio-linguistica","status":"publish","type":"post","link":"https:\/\/agora.xtec.cat\/iesjoanamigo\/eso\/tallers-dimmersio-linguistica\/","title":{"rendered":"Tallers d\u2019Immersi\u00f3 Ling\u00fc\u00edstica"},"content":{"rendered":"<p dir=\"ltr\"><img loading=\"lazy\" decoding=\"async\" class=\"alignleft wp-image-4441\" src=\"https:\/\/agora.xtec.cat\/iesjoanamigo\/wp-content\/uploads\/usu506\/2021\/10\/Annex-2.-Cartell-Tallers-1024x724.jpg\" alt=\"\" width=\"850\" height=\"601\" srcset=\"https:\/\/agora.xtec.cat\/iesjoanamigo\/wp-content\/uploads\/usu506\/2021\/10\/Annex-2.-Cartell-Tallers-1024x724.jpg 1024w, https:\/\/agora.xtec.cat\/iesjoanamigo\/wp-content\/uploads\/usu506\/2021\/10\/Annex-2.-Cartell-Tallers-300x212.jpg 300w, https:\/\/agora.xtec.cat\/iesjoanamigo\/wp-content\/uploads\/usu506\/2021\/10\/Annex-2.-Cartell-Tallers-768x543.jpg 768w, https:\/\/agora.xtec.cat\/iesjoanamigo\/wp-content\/uploads\/usu506\/2021\/10\/Annex-2.-Cartell-Tallers.jpg 1169w\" sizes=\"auto, (max-width: 850px) 100vw, 850px\" \/>Els propers 8 i 15 d\u2019octubre l\u2019institut Joan Amig\u00f3 acollir\u00e0 els Tallers d\u2019Immersi\u00f3 Ling\u00fc\u00edstica per al refor\u00e7 de l\u2019aprenentatge de la llengua anglesa, en qu\u00e8 l\u2019alumnat podr\u00e0 gaudir d\u2019una jornada de tallers en llengua anglesa realitzats per la Instituci\u00f3 Cultural del CIC.<\/p>\n<p dir=\"ltr\">El dia 8 d\u2019octubre s\u2019oferiran els tallers a l\u2019alumnat de 1r ESO i 2n ESO i el dia 15 d\u2019octubre es realitzaran els tallers a 3r ii 4t ESO.<\/p>\n<p dir=\"ltr\">Aquesta actuaci\u00f3 forma part del Programa d\u2019orientaci\u00f3 i refor\u00e7 per a l\u2019avan\u00e7 i suport a l\u2019educaci\u00f3 del Ministeri d\u2019Educaci\u00f3 i Formaci\u00f3 Professional i est\u00e0 cofinan\u00e7at per Programa operatiu d\u2019ocupaci\u00f3, formaci\u00f3 i educaci\u00f3 del Fons Social Europeu.<\/p>\n<p dir=\"ltr\">Esperem que l\u2019alumnat pugui gaudir de la jornada, al mateix temps que milloren les compet\u00e8ncies i habilitats comunicatives en llengua anglesa i reforcen les seves habilitats socials.<\/p>\n<p>#insjoanamigoicallau #englishday #ESTFSE21<\/p>\n<p><img loading=\"lazy\" decoding=\"async\" class=\"aligncenter wp-image-4442\" src=\"https:\/\/agora.xtec.cat\/iesjoanamigo\/wp-content\/uploads\/usu506\/2021\/10\/cartelleday_insta-1024x1024.png\" alt=\"\" width=\"850\" height=\"850\" \/><\/p>\n","protected":false},"excerpt":{"rendered":"<p>Els propers 8 i 15 d\u2019octubre l\u2019institut Joan Amig\u00f3 acollir\u00e0 els Tallers d\u2019Immersi\u00f3 Ling\u00fc\u00edstica per al refor\u00e7 de l\u2019aprenentatge de la llengua anglesa, en qu\u00e8 l\u2019alumnat podr\u00e0 gaudir d\u2019una jornada de tallers en llengua anglesa realitzats per la Instituci\u00f3 Cultural del CIC. El dia 8 d\u2019octubre s\u2019oferiran els tallers a l\u2019alumnat de 1r ESO i [&hellip;]<\/p>\n","protected":false},"author":1,"featured_media":4444,"comment_status":"open","ping_status":"closed","sticky":false,"template":"","format":"standard","meta":{"_bbp_topic_count":0,"_bbp_reply_count":0,"_bbp_total_topic_count":0,"_bbp_total_reply_count":0,"_bbp_voice_count":0,"_bbp_anonymous_reply_count":0,"_bbp_topic_count_hidden":0,"_bbp_reply_count_hidden":0,"_bbp_forum_subforum_count":0,"site-sidebar-layout":"default","site-content-layout":"","ast-site-content-layout":"","site-content-style":"default","site-sidebar-style":"default","ast-global-header-display":"","ast-banner-title-visibility":"","ast-main-header-display":"","ast-hfb-above-header-display":"","ast-hfb-below-header-display":"","ast-hfb-mobile-header-display":"","site-post-title":"","ast-breadcrumbs-content":"","ast-featured-img":"","footer-sml-layout":"","theme-transparent-header-meta":"","adv-header-id-meta":"","stick-header-meta":"","header-above-stick-meta":"","header-main-stick-meta":"","header-below-stick-meta":"","astra-migrate-meta-layouts":"default","ast-page-background-enabled":"default","ast-page-background-meta":{"desktop":{"background-color":"var(--ast-global-color-4)","background-image":"","background-repeat":"repeat","background-position":"center center","background-size":"auto","background-attachment":"scroll","background-type":"","background-media":"","overlay-type":"","overlay-color":"","overlay-opacity":"","overlay-gradient":""},"tablet":{"background-color":"","background-image":"","background-repeat":"repeat","background-position":"center center","background-size":"auto","background-attachment":"scroll","background-type":"","background-media":"","overlay-type":"","overlay-color":"","overlay-opacity":"","overlay-gradient":""},"mobile":{"background-color":"","background-image":"","background-repeat":"repeat","background-position":"center center","background-size":"auto","background-attachment":"scroll","background-type":"","background-media":"","overlay-type":"","overlay-color":"","overlay-opacity":"","overlay-gradient":""}},"ast-content-background-meta":{"desktop":{"background-color":"var(--ast-global-color-5)","background-image":"","background-repeat":"repeat","background-position":"center center","background-size":"auto","background-attachment":"scroll","background-type":"","background-media":"","overlay-type":"","overlay-color":"","overlay-opacity":"","overlay-gradient":""},"tablet":{"background-color":"var(--ast-global-color-5)","background-image":"","background-repeat":"repeat","background-position":"center center","background-size":"auto","background-attachment":"scroll","background-type":"","background-media":"","overlay-type":"","overlay-color":"","overlay-opacity":"","overlay-gradient":""},"mobile":{"background-color":"var(--ast-global-color-5)","background-image":"","background-repeat":"repeat","background-position":"center center","background-size":"auto","background-attachment":"scroll","background-type":"","background-media":"","overlay-type":"","overlay-color":"","overlay-opacity":"","overlay-gradient":""}},"footnotes":""},"categories":[3,29],"tags":[],"class_list":["post-4440","post","type-post","status-publish","format-standard","has-post-thumbnail","hentry","category-eso","category-portada"],"post_mailing_queue_ids":[],"_links":{"self":[{"href":"https:\/\/agora.xtec.cat\/iesjoanamigo\/wp-json\/wp\/v2\/posts\/4440","targetHints":{"allow":["GET"]}}],"collection":[{"href":"https:\/\/agora.xtec.cat\/iesjoanamigo\/wp-json\/wp\/v2\/posts"}],"about":[{"href":"https:\/\/agora.xtec.cat\/iesjoanamigo\/wp-json\/wp\/v2\/types\/post"}],"author":[{"embeddable":true,"href":"https:\/\/agora.xtec.cat\/iesjoanamigo\/wp-json\/wp\/v2\/users\/1"}],"replies":[{"embeddable":true,"href":"https:\/\/agora.xtec.cat\/iesjoanamigo\/wp-json\/wp\/v2\/comments?post=4440"}],"version-history":[{"count":2,"href":"https:\/\/agora.xtec.cat\/iesjoanamigo\/wp-json\/wp\/v2\/posts\/4440\/revisions"}],"predecessor-version":[{"id":4446,"href":"https:\/\/agora.xtec.cat\/iesjoanamigo\/wp-json\/wp\/v2\/posts\/4440\/revisions\/4446"}],"wp:featuredmedia":[{"embeddable":true,"href":"https:\/\/agora.xtec.cat\/iesjoanamigo\/wp-json\/wp\/v2\/media\/4444"}],"wp:attachment":[{"href":"https:\/\/agora.xtec.cat\/iesjoanamigo\/wp-json\/wp\/v2\/media?parent=4440"}],"wp:term":[{"taxonomy":"category","embeddable":true,"href":"https:\/\/agora.xtec.cat\/iesjoanamigo\/wp-json\/wp\/v2\/categories?post=4440"},{"taxonomy":"post_tag","embeddable":true,"href":"https:\/\/agora.xtec.cat\/iesjoanamigo\/wp-json\/wp\/v2\/tags?post=4440"}],"curies":[{"name":"wp","href":"https:\/\/api.w.org\/{rel}","templated":true}]}}