{"id":4406,"date":"2021-09-26T09:00:02","date_gmt":"2021-09-26T07:00:02","guid":{"rendered":"https:\/\/agora.xtec.cat\/iesjoanamigo\/?p=4406"},"modified":"2021-09-27T12:04:27","modified_gmt":"2021-09-27T10:04:27","slug":"dia-europeu-de-les-llengues-2","status":"publish","type":"post","link":"https:\/\/agora.xtec.cat\/iesjoanamigo\/eso\/dia-europeu-de-les-llengues-2\/","title":{"rendered":"Dia europeu de les lleng\u00fces"},"content":{"rendered":"<p dir=\"auto\">Des dels departaments de lleng\u00fces i lleng\u00fces estrangeres volem conscienciar el nostre alumnat de la riquesa i diversitat ling\u00fc\u00edstica del continent europeu com a eina per aconseguir una major comprensi\u00f3 intercultural.<\/p>\n<p dir=\"auto\">Amb aquest objectiu, l\u2019alumnat de 1r i 3r d\u2019ESO ha escrit la paraula en catal\u00e0, castell\u00e0, roman\u00e8s i angl\u00e8s que m\u00e9s els agrada. L&#8217;alumnat de 2n ha investigat sobre el m\u00f3n de les frases fetes. Ha apr\u00e8s a jugar amb el seu sentit propi i figurat. I ha fet un recull de frases fetes en les seves lleng\u00fces d&#8217;origen.<\/p>\n<p dir=\"auto\">L&#8217;\u00fas de les expressions populars s\u00f3n un indicador del bon estat d&#8217;una llengua. L\u2019alumnat de 4t ha anomenat, localitzat i relacionat algunes lleng\u00fces d\u2019Europa amb la seva fam\u00edlia ling\u00fc\u00edstica. A m\u00e9s, cadasc\u00fa ha escollit una o m\u00e9s d\u2019una llengua i han tradu\u00eft la paraula \u201cllengua\u201d en els diferents idiomes.<\/p>\n<p dir=\"auto\">#insjoanamigoicallau #coeEDL #<wbr \/>diainternacionaldeleslleng\u00fcese<wbr \/>uropees<\/p>\n<p dir=\"auto\"><code><div class=\"h5p-content\" data-content-id=\"21\"><\/div><\/code><\/p>\n","protected":false},"excerpt":{"rendered":"<p>Des dels departaments de lleng\u00fces i lleng\u00fces estrangeres volem conscienciar el nostre alumnat de la riquesa i diversitat ling\u00fc\u00edstica del continent europeu com a eina per aconseguir una major comprensi\u00f3 intercultural. Amb aquest objectiu, l\u2019alumnat de 1r i 3r d\u2019ESO ha escrit la paraula en catal\u00e0, castell\u00e0, roman\u00e8s i angl\u00e8s que m\u00e9s els agrada. L&#8217;alumnat [&hellip;]<\/p>\n","protected":false},"author":1,"featured_media":4407,"comment_status":"open","ping_status":"closed","sticky":false,"template":"","format":"standard","meta":{"_bbp_topic_count":0,"_bbp_reply_count":0,"_bbp_total_topic_count":0,"_bbp_total_reply_count":0,"_bbp_voice_count":0,"_bbp_anonymous_reply_count":0,"_bbp_topic_count_hidden":0,"_bbp_reply_count_hidden":0,"_bbp_forum_subforum_count":0,"site-sidebar-layout":"default","site-content-layout":"","ast-site-content-layout":"","site-content-style":"default","site-sidebar-style":"default","ast-global-header-display":"","ast-banner-title-visibility":"","ast-main-header-display":"","ast-hfb-above-header-display":"","ast-hfb-below-header-display":"","ast-hfb-mobile-header-display":"","site-post-title":"","ast-breadcrumbs-content":"","ast-featured-img":"","footer-sml-layout":"","theme-transparent-header-meta":"","adv-header-id-meta":"","stick-header-meta":"","header-above-stick-meta":"","header-main-stick-meta":"","header-below-stick-meta":"","astra-migrate-meta-layouts":"default","ast-page-background-enabled":"default","ast-page-background-meta":{"desktop":{"background-color":"var(--ast-global-color-4)","background-image":"","background-repeat":"repeat","background-position":"center center","background-size":"auto","background-attachment":"scroll","background-type":"","background-media":"","overlay-type":"","overlay-color":"","overlay-opacity":"","overlay-gradient":""},"tablet":{"background-color":"","background-image":"","background-repeat":"repeat","background-position":"center center","background-size":"auto","background-attachment":"scroll","background-type":"","background-media":"","overlay-type":"","overlay-color":"","overlay-opacity":"","overlay-gradient":""},"mobile":{"background-color":"","background-image":"","background-repeat":"repeat","background-position":"center center","background-size":"auto","background-attachment":"scroll","background-type":"","background-media":"","overlay-type":"","overlay-color":"","overlay-opacity":"","overlay-gradient":""}},"ast-content-background-meta":{"desktop":{"background-color":"var(--ast-global-color-5)","background-image":"","background-repeat":"repeat","background-position":"center center","background-size":"auto","background-attachment":"scroll","background-type":"","background-media":"","overlay-type":"","overlay-color":"","overlay-opacity":"","overlay-gradient":""},"tablet":{"background-color":"var(--ast-global-color-5)","background-image":"","background-repeat":"repeat","background-position":"center center","background-size":"auto","background-attachment":"scroll","background-type":"","background-media":"","overlay-type":"","overlay-color":"","overlay-opacity":"","overlay-gradient":""},"mobile":{"background-color":"var(--ast-global-color-5)","background-image":"","background-repeat":"repeat","background-position":"center center","background-size":"auto","background-attachment":"scroll","background-type":"","background-media":"","overlay-type":"","overlay-color":"","overlay-opacity":"","overlay-gradient":""}},"footnotes":""},"categories":[3,29],"tags":[],"class_list":["post-4406","post","type-post","status-publish","format-standard","has-post-thumbnail","hentry","category-eso","category-portada"],"post_mailing_queue_ids":[],"_links":{"self":[{"href":"https:\/\/agora.xtec.cat\/iesjoanamigo\/wp-json\/wp\/v2\/posts\/4406","targetHints":{"allow":["GET"]}}],"collection":[{"href":"https:\/\/agora.xtec.cat\/iesjoanamigo\/wp-json\/wp\/v2\/posts"}],"about":[{"href":"https:\/\/agora.xtec.cat\/iesjoanamigo\/wp-json\/wp\/v2\/types\/post"}],"author":[{"embeddable":true,"href":"https:\/\/agora.xtec.cat\/iesjoanamigo\/wp-json\/wp\/v2\/users\/1"}],"replies":[{"embeddable":true,"href":"https:\/\/agora.xtec.cat\/iesjoanamigo\/wp-json\/wp\/v2\/comments?post=4406"}],"version-history":[{"count":2,"href":"https:\/\/agora.xtec.cat\/iesjoanamigo\/wp-json\/wp\/v2\/posts\/4406\/revisions"}],"predecessor-version":[{"id":4409,"href":"https:\/\/agora.xtec.cat\/iesjoanamigo\/wp-json\/wp\/v2\/posts\/4406\/revisions\/4409"}],"wp:featuredmedia":[{"embeddable":true,"href":"https:\/\/agora.xtec.cat\/iesjoanamigo\/wp-json\/wp\/v2\/media\/4407"}],"wp:attachment":[{"href":"https:\/\/agora.xtec.cat\/iesjoanamigo\/wp-json\/wp\/v2\/media?parent=4406"}],"wp:term":[{"taxonomy":"category","embeddable":true,"href":"https:\/\/agora.xtec.cat\/iesjoanamigo\/wp-json\/wp\/v2\/categories?post=4406"},{"taxonomy":"post_tag","embeddable":true,"href":"https:\/\/agora.xtec.cat\/iesjoanamigo\/wp-json\/wp\/v2\/tags?post=4406"}],"curies":[{"name":"wp","href":"https:\/\/api.w.org\/{rel}","templated":true}]}}