{"id":4129,"date":"2021-05-13T10:19:44","date_gmt":"2021-05-13T08:19:44","guid":{"rendered":"http:\/\/agora.xtec.cat\/iesjoanamigo\/?p=4129"},"modified":"2021-05-14T09:22:49","modified_gmt":"2021-05-14T07:22:49","slug":"english-week-treball-de-recerca-3r-eso","status":"publish","type":"post","link":"https:\/\/agora.xtec.cat\/iesjoanamigo\/eso\/english-week-treball-de-recerca-3r-eso\/","title":{"rendered":"English Week, treball de s\u00edntesi de3r ESO"},"content":{"rendered":"<p>L\u2019alumnat de tercer d\u2019ESO de l\u2019institut Joan Amig\u00f3 i Callau de l\u2019Espluga de Francol\u00ed es va despla\u00e7ar a Tossa de Mar del 4 al 7 de maig per gaudir de l\u2019English Week a les instal\u00b7lacions del Club Aire Libre d\u2019aquesta poblaci\u00f3 de la Costa Brava.<\/p>\n<p><img loading=\"lazy\" decoding=\"async\" class=\"aligncenter wp-image-4130\" src=\"https:\/\/agora.xtec.cat\/iesjoanamigo\/wp-content\/uploads\/usu506\/2021\/05\/91224a9d-809a-4b38-acb5-5814ef6bccc9-e1620893840383-300x102.jpeg\" alt=\"\" width=\"850\" height=\"289\" srcset=\"https:\/\/agora.xtec.cat\/iesjoanamigo\/wp-content\/uploads\/usu506\/2021\/05\/91224a9d-809a-4b38-acb5-5814ef6bccc9-e1620893840383-300x102.jpeg 300w, https:\/\/agora.xtec.cat\/iesjoanamigo\/wp-content\/uploads\/usu506\/2021\/05\/91224a9d-809a-4b38-acb5-5814ef6bccc9-e1620893840383-768x261.jpeg 768w, https:\/\/agora.xtec.cat\/iesjoanamigo\/wp-content\/uploads\/usu506\/2021\/05\/91224a9d-809a-4b38-acb5-5814ef6bccc9-e1620893840383-1024x348.jpeg 1024w, https:\/\/agora.xtec.cat\/iesjoanamigo\/wp-content\/uploads\/usu506\/2021\/05\/91224a9d-809a-4b38-acb5-5814ef6bccc9-e1620893840383.jpeg 1352w\" sizes=\"auto, (max-width: 850px) 100vw, 850px\" \/><\/p>\n<p>Durant aquests quatre dies, van posar en pr\u00e0ctica tots els aspectes treballats al centre a la mat\u00e8ria d\u2019angl\u00e8s ja que van dur a terme un ventall molt ampli d\u2019activitats esportives acompanyats per un grup de monitores i monitors irlandesos acabats d\u2019arribar a la nostra terra. L\u2019escalada, la tirolina, el tir amb arc i els esports n\u00e0utics practicats a la famosa cala Llevad\u00f3 van ser algunes de les activitats que m\u00e9s els hi van agradar.<\/p>\n<p><img loading=\"lazy\" decoding=\"async\" class=\"aligncenter wp-image-4132\" src=\"https:\/\/agora.xtec.cat\/iesjoanamigo\/wp-content\/uploads\/usu506\/2021\/05\/PHOTO-2021-05-05-11-28-59-300x225.jpg\" alt=\"\" width=\"500\" height=\"375\" srcset=\"https:\/\/agora.xtec.cat\/iesjoanamigo\/wp-content\/uploads\/usu506\/2021\/05\/PHOTO-2021-05-05-11-28-59-300x225.jpg 300w, https:\/\/agora.xtec.cat\/iesjoanamigo\/wp-content\/uploads\/usu506\/2021\/05\/PHOTO-2021-05-05-11-28-59-768x576.jpg 768w, https:\/\/agora.xtec.cat\/iesjoanamigo\/wp-content\/uploads\/usu506\/2021\/05\/PHOTO-2021-05-05-11-28-59-1024x768.jpg 1024w, https:\/\/agora.xtec.cat\/iesjoanamigo\/wp-content\/uploads\/usu506\/2021\/05\/PHOTO-2021-05-05-11-28-59-200x150.jpg 200w, https:\/\/agora.xtec.cat\/iesjoanamigo\/wp-content\/uploads\/usu506\/2021\/05\/PHOTO-2021-05-05-11-28-59.jpg 2048w\" sizes=\"auto, (max-width: 500px) 100vw, 500px\" \/><\/p>\n<p>A m\u00e9s a m\u00e9s, van aprofitar l\u2019estada per fer una visita cultural en angl\u00e8s als llocs m\u00e9s significatius d\u2019aquest municipi i tamb\u00e9 van disposar d\u2019estones lliures per gaudir dels camps de futbol, de la piscina, del minigolf i de la discoteca del c\u00e0mping on estaven allotjats.<br \/>\nEn tot moment es van seguir els protocols establerts per l\u2019actual pand\u00e8mia per tal de fer l\u2019estada segura i evitar que l\u2019alumnat no corr\u00e9s riscos de contagi.<\/p>\n<p>En definitiva, l\u2019English Week va ser una experi\u00e8ncia molt enriquidora pel nostre alumnat i tamb\u00e9 pel professorat acompanyant que de ben segur ajudar\u00e0 a que carreguin piles per afrontar amb \u00e8xit la recta final d\u2019aquest curs escolar.<\/p>\n<p><img loading=\"lazy\" decoding=\"async\" class=\"aligncenter wp-image-4135\" src=\"https:\/\/agora.xtec.cat\/iesjoanamigo\/wp-content\/uploads\/usu506\/2021\/05\/98b39c9f-eb20-4c3d-b21e-1c3621cb745e-1024x768.jpeg\" alt=\"\" width=\"500\" height=\"375\" srcset=\"https:\/\/agora.xtec.cat\/iesjoanamigo\/wp-content\/uploads\/usu506\/2021\/05\/98b39c9f-eb20-4c3d-b21e-1c3621cb745e-1024x768.jpeg 1024w, https:\/\/agora.xtec.cat\/iesjoanamigo\/wp-content\/uploads\/usu506\/2021\/05\/98b39c9f-eb20-4c3d-b21e-1c3621cb745e-300x225.jpeg 300w, https:\/\/agora.xtec.cat\/iesjoanamigo\/wp-content\/uploads\/usu506\/2021\/05\/98b39c9f-eb20-4c3d-b21e-1c3621cb745e-768x576.jpeg 768w, https:\/\/agora.xtec.cat\/iesjoanamigo\/wp-content\/uploads\/usu506\/2021\/05\/98b39c9f-eb20-4c3d-b21e-1c3621cb745e-200x150.jpeg 200w, https:\/\/agora.xtec.cat\/iesjoanamigo\/wp-content\/uploads\/usu506\/2021\/05\/98b39c9f-eb20-4c3d-b21e-1c3621cb745e.jpeg 2048w\" sizes=\"auto, (max-width: 500px) 100vw, 500px\" \/><\/p>\n<p><img loading=\"lazy\" decoding=\"async\" class=\"aligncenter wp-image-4133\" src=\"https:\/\/agora.xtec.cat\/iesjoanamigo\/wp-content\/uploads\/usu506\/2021\/05\/PHOTO-2021-05-05-11-29-002-1024x768.jpg\" alt=\"\" width=\"500\" height=\"375\" srcset=\"https:\/\/agora.xtec.cat\/iesjoanamigo\/wp-content\/uploads\/usu506\/2021\/05\/PHOTO-2021-05-05-11-29-002-1024x768.jpg 1024w, https:\/\/agora.xtec.cat\/iesjoanamigo\/wp-content\/uploads\/usu506\/2021\/05\/PHOTO-2021-05-05-11-29-002-300x225.jpg 300w, https:\/\/agora.xtec.cat\/iesjoanamigo\/wp-content\/uploads\/usu506\/2021\/05\/PHOTO-2021-05-05-11-29-002-768x576.jpg 768w, https:\/\/agora.xtec.cat\/iesjoanamigo\/wp-content\/uploads\/usu506\/2021\/05\/PHOTO-2021-05-05-11-29-002-200x150.jpg 200w, https:\/\/agora.xtec.cat\/iesjoanamigo\/wp-content\/uploads\/usu506\/2021\/05\/PHOTO-2021-05-05-11-29-002.jpg 2048w\" sizes=\"auto, (max-width: 500px) 100vw, 500px\" \/><\/p>\n<p><img loading=\"lazy\" decoding=\"async\" class=\"aligncenter wp-image-4134\" src=\"https:\/\/agora.xtec.cat\/iesjoanamigo\/wp-content\/uploads\/usu506\/2021\/05\/PHOTO-2021-05-05-11-35-56-1024x749.jpg\" alt=\"\" width=\"500\" height=\"366\" srcset=\"https:\/\/agora.xtec.cat\/iesjoanamigo\/wp-content\/uploads\/usu506\/2021\/05\/PHOTO-2021-05-05-11-35-56-1024x749.jpg 1024w, https:\/\/agora.xtec.cat\/iesjoanamigo\/wp-content\/uploads\/usu506\/2021\/05\/PHOTO-2021-05-05-11-35-56-300x219.jpg 300w, https:\/\/agora.xtec.cat\/iesjoanamigo\/wp-content\/uploads\/usu506\/2021\/05\/PHOTO-2021-05-05-11-35-56-768x562.jpg 768w, https:\/\/agora.xtec.cat\/iesjoanamigo\/wp-content\/uploads\/usu506\/2021\/05\/PHOTO-2021-05-05-11-35-56.jpg 1600w\" sizes=\"auto, (max-width: 500px) 100vw, 500px\" \/><\/p>\n","protected":false},"excerpt":{"rendered":"<p>L\u2019alumnat de tercer d\u2019ESO de l\u2019institut Joan Amig\u00f3 i Callau de l\u2019Espluga de Francol\u00ed es va despla\u00e7ar a Tossa de Mar del 4 al 7 de maig per gaudir de l\u2019English Week a les instal\u00b7lacions del Club Aire Libre d\u2019aquesta poblaci\u00f3 de la Costa Brava. Durant aquests quatre dies, van posar en pr\u00e0ctica tots els [&hellip;]<\/p>\n","protected":false},"author":1,"featured_media":4130,"comment_status":"open","ping_status":"closed","sticky":false,"template":"","format":"standard","meta":{"_bbp_topic_count":0,"_bbp_reply_count":0,"_bbp_total_topic_count":0,"_bbp_total_reply_count":0,"_bbp_voice_count":0,"_bbp_anonymous_reply_count":0,"_bbp_topic_count_hidden":0,"_bbp_reply_count_hidden":0,"_bbp_forum_subforum_count":0,"site-sidebar-layout":"default","site-content-layout":"","ast-site-content-layout":"","site-content-style":"default","site-sidebar-style":"default","ast-global-header-display":"","ast-banner-title-visibility":"","ast-main-header-display":"","ast-hfb-above-header-display":"","ast-hfb-below-header-display":"","ast-hfb-mobile-header-display":"","site-post-title":"","ast-breadcrumbs-content":"","ast-featured-img":"","footer-sml-layout":"","theme-transparent-header-meta":"","adv-header-id-meta":"","stick-header-meta":"","header-above-stick-meta":"","header-main-stick-meta":"","header-below-stick-meta":"","astra-migrate-meta-layouts":"default","ast-page-background-enabled":"default","ast-page-background-meta":{"desktop":{"background-color":"var(--ast-global-color-4)","background-image":"","background-repeat":"repeat","background-position":"center center","background-size":"auto","background-attachment":"scroll","background-type":"","background-media":"","overlay-type":"","overlay-color":"","overlay-opacity":"","overlay-gradient":""},"tablet":{"background-color":"","background-image":"","background-repeat":"repeat","background-position":"center center","background-size":"auto","background-attachment":"scroll","background-type":"","background-media":"","overlay-type":"","overlay-color":"","overlay-opacity":"","overlay-gradient":""},"mobile":{"background-color":"","background-image":"","background-repeat":"repeat","background-position":"center center","background-size":"auto","background-attachment":"scroll","background-type":"","background-media":"","overlay-type":"","overlay-color":"","overlay-opacity":"","overlay-gradient":""}},"ast-content-background-meta":{"desktop":{"background-color":"var(--ast-global-color-5)","background-image":"","background-repeat":"repeat","background-position":"center center","background-size":"auto","background-attachment":"scroll","background-type":"","background-media":"","overlay-type":"","overlay-color":"","overlay-opacity":"","overlay-gradient":""},"tablet":{"background-color":"var(--ast-global-color-5)","background-image":"","background-repeat":"repeat","background-position":"center center","background-size":"auto","background-attachment":"scroll","background-type":"","background-media":"","overlay-type":"","overlay-color":"","overlay-opacity":"","overlay-gradient":""},"mobile":{"background-color":"var(--ast-global-color-5)","background-image":"","background-repeat":"repeat","background-position":"center center","background-size":"auto","background-attachment":"scroll","background-type":"","background-media":"","overlay-type":"","overlay-color":"","overlay-opacity":"","overlay-gradient":""}},"footnotes":""},"categories":[3,6,29],"tags":[],"class_list":["post-4129","post","type-post","status-publish","format-standard","has-post-thumbnail","hentry","category-eso","category-eso-3","category-portada"],"post_mailing_queue_ids":[],"_links":{"self":[{"href":"https:\/\/agora.xtec.cat\/iesjoanamigo\/wp-json\/wp\/v2\/posts\/4129","targetHints":{"allow":["GET"]}}],"collection":[{"href":"https:\/\/agora.xtec.cat\/iesjoanamigo\/wp-json\/wp\/v2\/posts"}],"about":[{"href":"https:\/\/agora.xtec.cat\/iesjoanamigo\/wp-json\/wp\/v2\/types\/post"}],"author":[{"embeddable":true,"href":"https:\/\/agora.xtec.cat\/iesjoanamigo\/wp-json\/wp\/v2\/users\/1"}],"replies":[{"embeddable":true,"href":"https:\/\/agora.xtec.cat\/iesjoanamigo\/wp-json\/wp\/v2\/comments?post=4129"}],"version-history":[{"count":3,"href":"https:\/\/agora.xtec.cat\/iesjoanamigo\/wp-json\/wp\/v2\/posts\/4129\/revisions"}],"predecessor-version":[{"id":4141,"href":"https:\/\/agora.xtec.cat\/iesjoanamigo\/wp-json\/wp\/v2\/posts\/4129\/revisions\/4141"}],"wp:featuredmedia":[{"embeddable":true,"href":"https:\/\/agora.xtec.cat\/iesjoanamigo\/wp-json\/wp\/v2\/media\/4130"}],"wp:attachment":[{"href":"https:\/\/agora.xtec.cat\/iesjoanamigo\/wp-json\/wp\/v2\/media?parent=4129"}],"wp:term":[{"taxonomy":"category","embeddable":true,"href":"https:\/\/agora.xtec.cat\/iesjoanamigo\/wp-json\/wp\/v2\/categories?post=4129"},{"taxonomy":"post_tag","embeddable":true,"href":"https:\/\/agora.xtec.cat\/iesjoanamigo\/wp-json\/wp\/v2\/tags?post=4129"}],"curies":[{"name":"wp","href":"https:\/\/api.w.org\/{rel}","templated":true}]}}