{"id":4091,"date":"2021-04-28T09:31:22","date_gmt":"2021-04-28T07:31:22","guid":{"rendered":"http:\/\/agora.xtec.cat\/iesjoanamigo\/?p=4091"},"modified":"2021-04-28T09:33:07","modified_gmt":"2021-04-28T07:33:07","slug":"ivet-casas-finalista-del-premi-sambori","status":"publish","type":"post","link":"https:\/\/agora.xtec.cat\/iesjoanamigo\/eso\/ivet-casas-finalista-del-premi-sambori\/","title":{"rendered":"Ivet Casas, finalista del Premi Sambori"},"content":{"rendered":"<p>L\u2019alumna de segon d\u2019ESO Ivet Casas ha quedat finalista del Premi Sambori en la categoria de Primer cicle de secund\u00e0ria. El pr\u00f2xim dissabte 15 de maig a les 10.30h, se celebrar\u00e0 el lliurament dels guardons als premiats al Parc del Pinaret de Cambrils. Per la situaci\u00f3 sanit\u00e0ria actual, el limitar\u00e0 l\u2019aforament de gent que assistir\u00e0 a l&#8217;acte.<\/p>\n<p><img loading=\"lazy\" decoding=\"async\" class=\"alignright wp-image-4092 size-medium\" src=\"https:\/\/agora.xtec.cat\/iesjoanamigo\/wp-content\/uploads\/usu506\/2021\/04\/sambori_1-300x225.jpg\" alt=\"\" width=\"300\" height=\"225\" srcset=\"https:\/\/agora.xtec.cat\/iesjoanamigo\/wp-content\/uploads\/usu506\/2021\/04\/sambori_1-300x225.jpg 300w, https:\/\/agora.xtec.cat\/iesjoanamigo\/wp-content\/uploads\/usu506\/2021\/04\/sambori_1-768x576.jpg 768w, https:\/\/agora.xtec.cat\/iesjoanamigo\/wp-content\/uploads\/usu506\/2021\/04\/sambori_1-200x150.jpg 200w, https:\/\/agora.xtec.cat\/iesjoanamigo\/wp-content\/uploads\/usu506\/2021\/04\/sambori_1.jpg 900w\" sizes=\"auto, (max-width: 300px) 100vw, 300px\" \/>El Premi Sambori t\u00e9 com a objectius promoure la participaci\u00f3 en un projecte com\u00fa d\u2019alumnes i centres de totes les terres de parla catalana i difondre l\u2019\u00fas del catal\u00e0 dins de l\u2019\u00e0mbit escolar, tot incentivant la imaginaci\u00f3, la creativitat i els valors pedag\u00f2gics de cada centre. \u00d2mnium Cultural organitza el Premi Sambori \u00d2mnium a Catalunya des del 2006 i l\u2019\u00faltim curs ha comptat amb la participaci\u00f3 de m\u00e9s de 46.000 alumnes. Un total de 140.000 alumnes que el converteix en el premi literari escolar amb m\u00e9s participants d\u2019Europa.<\/p>\n<p>&nbsp;<\/p>\n<p>&nbsp;<\/p>\n<p>&nbsp;<\/p>\n","protected":false},"excerpt":{"rendered":"<p>L\u2019alumna de segon d\u2019ESO Ivet Casas ha quedat finalista del Premi Sambori en la categoria de Primer cicle de secund\u00e0ria. El pr\u00f2xim dissabte 15 de maig a les 10.30h, se celebrar\u00e0 el lliurament dels guardons als premiats al Parc del Pinaret de Cambrils. Per la situaci\u00f3 sanit\u00e0ria actual, el limitar\u00e0 l\u2019aforament de gent que assistir\u00e0 [&hellip;]<\/p>\n","protected":false},"author":1,"featured_media":4094,"comment_status":"open","ping_status":"closed","sticky":false,"template":"","format":"standard","meta":{"_bbp_topic_count":0,"_bbp_reply_count":0,"_bbp_total_topic_count":0,"_bbp_total_reply_count":0,"_bbp_voice_count":0,"_bbp_anonymous_reply_count":0,"_bbp_topic_count_hidden":0,"_bbp_reply_count_hidden":0,"_bbp_forum_subforum_count":0,"site-sidebar-layout":"default","site-content-layout":"","ast-site-content-layout":"","site-content-style":"default","site-sidebar-style":"default","ast-global-header-display":"","ast-banner-title-visibility":"","ast-main-header-display":"","ast-hfb-above-header-display":"","ast-hfb-below-header-display":"","ast-hfb-mobile-header-display":"","site-post-title":"","ast-breadcrumbs-content":"","ast-featured-img":"","footer-sml-layout":"","theme-transparent-header-meta":"","adv-header-id-meta":"","stick-header-meta":"","header-above-stick-meta":"","header-main-stick-meta":"","header-below-stick-meta":"","astra-migrate-meta-layouts":"default","ast-page-background-enabled":"default","ast-page-background-meta":{"desktop":{"background-color":"var(--ast-global-color-4)","background-image":"","background-repeat":"repeat","background-position":"center center","background-size":"auto","background-attachment":"scroll","background-type":"","background-media":"","overlay-type":"","overlay-color":"","overlay-opacity":"","overlay-gradient":""},"tablet":{"background-color":"","background-image":"","background-repeat":"repeat","background-position":"center center","background-size":"auto","background-attachment":"scroll","background-type":"","background-media":"","overlay-type":"","overlay-color":"","overlay-opacity":"","overlay-gradient":""},"mobile":{"background-color":"","background-image":"","background-repeat":"repeat","background-position":"center center","background-size":"auto","background-attachment":"scroll","background-type":"","background-media":"","overlay-type":"","overlay-color":"","overlay-opacity":"","overlay-gradient":""}},"ast-content-background-meta":{"desktop":{"background-color":"var(--ast-global-color-5)","background-image":"","background-repeat":"repeat","background-position":"center center","background-size":"auto","background-attachment":"scroll","background-type":"","background-media":"","overlay-type":"","overlay-color":"","overlay-opacity":"","overlay-gradient":""},"tablet":{"background-color":"var(--ast-global-color-5)","background-image":"","background-repeat":"repeat","background-position":"center center","background-size":"auto","background-attachment":"scroll","background-type":"","background-media":"","overlay-type":"","overlay-color":"","overlay-opacity":"","overlay-gradient":""},"mobile":{"background-color":"var(--ast-global-color-5)","background-image":"","background-repeat":"repeat","background-position":"center center","background-size":"auto","background-attachment":"scroll","background-type":"","background-media":"","overlay-type":"","overlay-color":"","overlay-opacity":"","overlay-gradient":""}},"footnotes":""},"categories":[3,5,29,96],"tags":[],"class_list":["post-4091","post","type-post","status-publish","format-standard","has-post-thumbnail","hentry","category-eso","category-eso-2","category-portada","category-premis"],"post_mailing_queue_ids":[],"_links":{"self":[{"href":"https:\/\/agora.xtec.cat\/iesjoanamigo\/wp-json\/wp\/v2\/posts\/4091","targetHints":{"allow":["GET"]}}],"collection":[{"href":"https:\/\/agora.xtec.cat\/iesjoanamigo\/wp-json\/wp\/v2\/posts"}],"about":[{"href":"https:\/\/agora.xtec.cat\/iesjoanamigo\/wp-json\/wp\/v2\/types\/post"}],"author":[{"embeddable":true,"href":"https:\/\/agora.xtec.cat\/iesjoanamigo\/wp-json\/wp\/v2\/users\/1"}],"replies":[{"embeddable":true,"href":"https:\/\/agora.xtec.cat\/iesjoanamigo\/wp-json\/wp\/v2\/comments?post=4091"}],"version-history":[{"count":2,"href":"https:\/\/agora.xtec.cat\/iesjoanamigo\/wp-json\/wp\/v2\/posts\/4091\/revisions"}],"predecessor-version":[{"id":4095,"href":"https:\/\/agora.xtec.cat\/iesjoanamigo\/wp-json\/wp\/v2\/posts\/4091\/revisions\/4095"}],"wp:featuredmedia":[{"embeddable":true,"href":"https:\/\/agora.xtec.cat\/iesjoanamigo\/wp-json\/wp\/v2\/media\/4094"}],"wp:attachment":[{"href":"https:\/\/agora.xtec.cat\/iesjoanamigo\/wp-json\/wp\/v2\/media?parent=4091"}],"wp:term":[{"taxonomy":"category","embeddable":true,"href":"https:\/\/agora.xtec.cat\/iesjoanamigo\/wp-json\/wp\/v2\/categories?post=4091"},{"taxonomy":"post_tag","embeddable":true,"href":"https:\/\/agora.xtec.cat\/iesjoanamigo\/wp-json\/wp\/v2\/tags?post=4091"}],"curies":[{"name":"wp","href":"https:\/\/api.w.org\/{rel}","templated":true}]}}