{"id":3892,"date":"2021-03-24T10:22:56","date_gmt":"2021-03-24T09:22:56","guid":{"rendered":"http:\/\/agora.xtec.cat\/iesjoanamigo\/?p=3892"},"modified":"2021-03-24T10:22:56","modified_gmt":"2021-03-24T09:22:56","slug":"prova-cangur-a-linstitut-joan-amigo-2","status":"publish","type":"post","link":"https:\/\/agora.xtec.cat\/iesjoanamigo\/eso\/prova-cangur-a-linstitut-joan-amigo-2\/","title":{"rendered":"Prova Cangur a l&#8217;Institut Joan Amig\u00f3"},"content":{"rendered":"<p align=\"justify\"><span style=\"font-family: Times New Roman, serif;\"><span style=\"font-size: medium;\"><span lang=\"ca-ES\">B\u00e9 sabem que les matem\u00e0tiques \u00e9s una de les mat\u00e8ries que inspira m\u00e9s respecte a la majoria d\u2019alumnes. Per aix\u00f2 des del Departament de Matem\u00e0tiques de l\u2019Institut Joan Amig\u00f3 s\u2019intenten fer activitats per estimular l\u2019alumnat tot passant una bona estona. <\/span><\/span><\/span><\/p>\n<p align=\"justify\"><span style=\"font-family: Times New Roman, serif;\"><span style=\"font-size: medium;\"><span lang=\"ca-ES\">Aix\u00ed doncs, el passat dijous 18 de mar\u00e7 es va dur a terme la Prova Cangur de Matem\u00e0tiques amb l\u2019objectiu de divertir-se resolent els petits reptes plantejats.<\/span><\/span><\/span><\/p>\n<p align=\"justify\"><span style=\"font-family: Times New Roman, serif;\"><span style=\"font-size: medium;\"><span lang=\"ca-ES\">Aquesta activitat, organitzada per la Societat Catalana de Matem\u00e0tiques, t\u00e9 la finalitat de difondre la cultura matem\u00e0tica treballant el raonament i l\u2019enginy.<\/span><\/span><\/span><\/p>\n<p align=\"justify\"><span style=\"font-family: Times New Roman, serif;\"><span style=\"font-size: medium;\"><span lang=\"ca-ES\">L\u2019Institut Joan Amig\u00f3, tot i la situaci\u00f3 excepcional de la Covid, hi va participar amb un total de 59 alumnes, entre els cursos de 1r, 2n, 3r i 4t d\u2019ESO, que van voler presentar-s\u2019hi de manera volunt\u00e0ria. La prova es va dur a terme al mateix institut en les respectives classes, mantenint l\u2019alumnat en el seu grup bombolla.<\/span><\/span><\/span><\/p>\n<p align=\"justify\"><span style=\"font-family: Times New Roman, serif;\"><span style=\"font-size: medium;\"><span lang=\"ca-ES\">El format de la prova \u00e9s de concurs individual, que consta de 30 problemes de resposta tancada amb 3 nivells de dificultat, que s\u2019han de respondre en una hora i quart, sense \u00fas de calculadores ni cap altre mitj\u00e0 electr\u00f2nic de c\u00e0lcul.<\/span><\/span><\/span><\/p>\n<p align=\"justify\"><span style=\"font-family: Times New Roman, serif;\"><span style=\"font-size: medium;\"><span lang=\"ca-ES\">L\u2019objectiu de la prova d\u2019ensenyar una vessant m\u00e9s atractiva de les matem\u00e0tiques creiem que s\u2019ha acomplert, degut a la bona participaci\u00f3 per part de l\u2019alumnat.<\/span><\/span><\/span><\/p>\n<p align=\"justify\"><span style=\"font-family: Times New Roman, serif;\"><span style=\"font-size: medium;\"><span lang=\"ca-ES\">Per tant, nom\u00e9s queda desitjar molta sort a tots aquells i aquelles que hi han participat!!<\/span><\/span><\/span><\/p>\n<p align=\"justify\">\n<p align=\"justify\"><span style=\"font-family: Times New Roman, serif;\"><span style=\"font-size: medium;\"><span lang=\"ca-ES\">Eug\u00e8nia Vizcarra<\/span><\/span><\/span><\/p>\n<figure id=\"attachment_3893\" aria-describedby=\"caption-attachment-3893\" style=\"width: 900px\" class=\"wp-caption aligncenter\"><img loading=\"lazy\" decoding=\"async\" class=\"size-full wp-image-3893\" src=\"https:\/\/agora.xtec.cat\/iesjoanamigo\/wp-content\/uploads\/usu506\/2021\/03\/IMG_20210318_175531.jpg\" alt=\"\" width=\"900\" height=\"675\" srcset=\"https:\/\/agora.xtec.cat\/iesjoanamigo\/wp-content\/uploads\/usu506\/2021\/03\/IMG_20210318_175531.jpg 900w, https:\/\/agora.xtec.cat\/iesjoanamigo\/wp-content\/uploads\/usu506\/2021\/03\/IMG_20210318_175531-300x225.jpg 300w, https:\/\/agora.xtec.cat\/iesjoanamigo\/wp-content\/uploads\/usu506\/2021\/03\/IMG_20210318_175531-768x576.jpg 768w, https:\/\/agora.xtec.cat\/iesjoanamigo\/wp-content\/uploads\/usu506\/2021\/03\/IMG_20210318_175531-200x150.jpg 200w\" sizes=\"auto, (max-width: 900px) 100vw, 900px\" \/><figcaption id=\"caption-attachment-3893\" class=\"wp-caption-text\">sdr<\/figcaption><\/figure>\n<p align=\"justify\"><img loading=\"lazy\" decoding=\"async\" class=\"aligncenter size-large wp-image-3894\" src=\"https:\/\/agora.xtec.cat\/iesjoanamigo\/wp-content\/uploads\/usu506\/2021\/03\/IMG-20210318-WA0008-1024x768.jpg\" alt=\"\" width=\"1024\" height=\"768\" srcset=\"https:\/\/agora.xtec.cat\/iesjoanamigo\/wp-content\/uploads\/usu506\/2021\/03\/IMG-20210318-WA0008-1024x768.jpg 1024w, https:\/\/agora.xtec.cat\/iesjoanamigo\/wp-content\/uploads\/usu506\/2021\/03\/IMG-20210318-WA0008-300x225.jpg 300w, https:\/\/agora.xtec.cat\/iesjoanamigo\/wp-content\/uploads\/usu506\/2021\/03\/IMG-20210318-WA0008-768x576.jpg 768w, https:\/\/agora.xtec.cat\/iesjoanamigo\/wp-content\/uploads\/usu506\/2021\/03\/IMG-20210318-WA0008-200x150.jpg 200w, https:\/\/agora.xtec.cat\/iesjoanamigo\/wp-content\/uploads\/usu506\/2021\/03\/IMG-20210318-WA0008.jpg 1600w\" sizes=\"auto, (max-width: 1024px) 100vw, 1024px\" \/><\/p>\n<figure id=\"attachment_3895\" aria-describedby=\"caption-attachment-3895\" style=\"width: 900px\" class=\"wp-caption aligncenter\"><img loading=\"lazy\" decoding=\"async\" class=\"size-large wp-image-3895\" src=\"https:\/\/agora.xtec.cat\/iesjoanamigo\/wp-content\/uploads\/usu506\/2021\/03\/IMG_20210318_161738.jpg\" alt=\"\" width=\"900\" height=\"675\" srcset=\"https:\/\/agora.xtec.cat\/iesjoanamigo\/wp-content\/uploads\/usu506\/2021\/03\/IMG_20210318_161738.jpg 900w, https:\/\/agora.xtec.cat\/iesjoanamigo\/wp-content\/uploads\/usu506\/2021\/03\/IMG_20210318_161738-300x225.jpg 300w, https:\/\/agora.xtec.cat\/iesjoanamigo\/wp-content\/uploads\/usu506\/2021\/03\/IMG_20210318_161738-768x576.jpg 768w, https:\/\/agora.xtec.cat\/iesjoanamigo\/wp-content\/uploads\/usu506\/2021\/03\/IMG_20210318_161738-200x150.jpg 200w\" sizes=\"auto, (max-width: 900px) 100vw, 900px\" \/><figcaption id=\"caption-attachment-3895\" class=\"wp-caption-text\">dav<\/figcaption><\/figure>\n","protected":false},"excerpt":{"rendered":"<p>B\u00e9 sabem que les matem\u00e0tiques \u00e9s una de les mat\u00e8ries que inspira m\u00e9s respecte a la majoria d\u2019alumnes. Per aix\u00f2 des del Departament de Matem\u00e0tiques de l\u2019Institut Joan Amig\u00f3 s\u2019intenten fer activitats per estimular l\u2019alumnat tot passant una bona estona. Aix\u00ed doncs, el passat dijous 18 de mar\u00e7 es va dur a terme la Prova [&hellip;]<\/p>\n","protected":false},"author":1,"featured_media":3893,"comment_status":"open","ping_status":"closed","sticky":false,"template":"","format":"standard","meta":{"_bbp_topic_count":0,"_bbp_reply_count":0,"_bbp_total_topic_count":0,"_bbp_total_reply_count":0,"_bbp_voice_count":0,"_bbp_anonymous_reply_count":0,"_bbp_topic_count_hidden":0,"_bbp_reply_count_hidden":0,"_bbp_forum_subforum_count":0,"site-sidebar-layout":"default","site-content-layout":"","ast-site-content-layout":"","site-content-style":"default","site-sidebar-style":"default","ast-global-header-display":"","ast-banner-title-visibility":"","ast-main-header-display":"","ast-hfb-above-header-display":"","ast-hfb-below-header-display":"","ast-hfb-mobile-header-display":"","site-post-title":"","ast-breadcrumbs-content":"","ast-featured-img":"","footer-sml-layout":"","theme-transparent-header-meta":"","adv-header-id-meta":"","stick-header-meta":"","header-above-stick-meta":"","header-main-stick-meta":"","header-below-stick-meta":"","astra-migrate-meta-layouts":"default","ast-page-background-enabled":"default","ast-page-background-meta":{"desktop":{"background-color":"var(--ast-global-color-4)","background-image":"","background-repeat":"repeat","background-position":"center center","background-size":"auto","background-attachment":"scroll","background-type":"","background-media":"","overlay-type":"","overlay-color":"","overlay-opacity":"","overlay-gradient":""},"tablet":{"background-color":"","background-image":"","background-repeat":"repeat","background-position":"center center","background-size":"auto","background-attachment":"scroll","background-type":"","background-media":"","overlay-type":"","overlay-color":"","overlay-opacity":"","overlay-gradient":""},"mobile":{"background-color":"","background-image":"","background-repeat":"repeat","background-position":"center center","background-size":"auto","background-attachment":"scroll","background-type":"","background-media":"","overlay-type":"","overlay-color":"","overlay-opacity":"","overlay-gradient":""}},"ast-content-background-meta":{"desktop":{"background-color":"var(--ast-global-color-5)","background-image":"","background-repeat":"repeat","background-position":"center center","background-size":"auto","background-attachment":"scroll","background-type":"","background-media":"","overlay-type":"","overlay-color":"","overlay-opacity":"","overlay-gradient":""},"tablet":{"background-color":"var(--ast-global-color-5)","background-image":"","background-repeat":"repeat","background-position":"center center","background-size":"auto","background-attachment":"scroll","background-type":"","background-media":"","overlay-type":"","overlay-color":"","overlay-opacity":"","overlay-gradient":""},"mobile":{"background-color":"var(--ast-global-color-5)","background-image":"","background-repeat":"repeat","background-position":"center center","background-size":"auto","background-attachment":"scroll","background-type":"","background-media":"","overlay-type":"","overlay-color":"","overlay-opacity":"","overlay-gradient":""}},"footnotes":""},"categories":[3,29],"tags":[],"class_list":["post-3892","post","type-post","status-publish","format-standard","has-post-thumbnail","hentry","category-eso","category-portada"],"post_mailing_queue_ids":[],"_links":{"self":[{"href":"https:\/\/agora.xtec.cat\/iesjoanamigo\/wp-json\/wp\/v2\/posts\/3892","targetHints":{"allow":["GET"]}}],"collection":[{"href":"https:\/\/agora.xtec.cat\/iesjoanamigo\/wp-json\/wp\/v2\/posts"}],"about":[{"href":"https:\/\/agora.xtec.cat\/iesjoanamigo\/wp-json\/wp\/v2\/types\/post"}],"author":[{"embeddable":true,"href":"https:\/\/agora.xtec.cat\/iesjoanamigo\/wp-json\/wp\/v2\/users\/1"}],"replies":[{"embeddable":true,"href":"https:\/\/agora.xtec.cat\/iesjoanamigo\/wp-json\/wp\/v2\/comments?post=3892"}],"version-history":[{"count":1,"href":"https:\/\/agora.xtec.cat\/iesjoanamigo\/wp-json\/wp\/v2\/posts\/3892\/revisions"}],"predecessor-version":[{"id":3896,"href":"https:\/\/agora.xtec.cat\/iesjoanamigo\/wp-json\/wp\/v2\/posts\/3892\/revisions\/3896"}],"wp:featuredmedia":[{"embeddable":true,"href":"https:\/\/agora.xtec.cat\/iesjoanamigo\/wp-json\/wp\/v2\/media\/3893"}],"wp:attachment":[{"href":"https:\/\/agora.xtec.cat\/iesjoanamigo\/wp-json\/wp\/v2\/media?parent=3892"}],"wp:term":[{"taxonomy":"category","embeddable":true,"href":"https:\/\/agora.xtec.cat\/iesjoanamigo\/wp-json\/wp\/v2\/categories?post=3892"},{"taxonomy":"post_tag","embeddable":true,"href":"https:\/\/agora.xtec.cat\/iesjoanamigo\/wp-json\/wp\/v2\/tags?post=3892"}],"curies":[{"name":"wp","href":"https:\/\/api.w.org\/{rel}","templated":true}]}}