{"id":3314,"date":"2020-11-20T08:19:44","date_gmt":"2020-11-20T07:19:44","guid":{"rendered":"http:\/\/agora.xtec.cat\/iesjoanamigo\/?p=3314"},"modified":"2020-11-20T11:05:02","modified_gmt":"2020-11-20T10:05:02","slug":"art_web_proces","status":"publish","type":"post","link":"https:\/\/agora.xtec.cat\/iesjoanamigo\/general\/art_web_proces\/","title":{"rendered":"Erasmus+: proc\u00e9s de selecci\u00f3 alumnat"},"content":{"rendered":"<p>&nbsp;<\/p>\n<p><img loading=\"lazy\" decoding=\"async\" class=\"alignnone size-medium wp-image-3322\" src=\"https:\/\/agora.xtec.cat\/iesjoanamigo\/wp-content\/uploads\/usu506\/2020\/11\/logo-1-300x73.png\" alt=\"\" width=\"300\" height=\"73\" srcset=\"https:\/\/agora.xtec.cat\/iesjoanamigo\/wp-content\/uploads\/usu506\/2020\/11\/logo-1-300x73.png 300w, https:\/\/agora.xtec.cat\/iesjoanamigo\/wp-content\/uploads\/usu506\/2020\/11\/logo-1-768x187.png 768w, https:\/\/agora.xtec.cat\/iesjoanamigo\/wp-content\/uploads\/usu506\/2020\/11\/logo-1-1024x249.png 1024w, https:\/\/agora.xtec.cat\/iesjoanamigo\/wp-content\/uploads\/usu506\/2020\/11\/logo-1.png 1659w\" sizes=\"auto, (max-width: 300px) 100vw, 300px\" \/><\/p>\n<p>Durant els propers dos cursos (2020-2022) el nostre institut participar\u00e0 en el projecte\u00a0 ERASMUS+\u00a0<strong><em>Save the Planet\u00a0<\/em><\/strong>\u00a0juntament amb un centre de Bulgaria, de Stara Zagora, d\u2019 Hongria, de Budapest, d\u2019Eslov\u00e0quia de Vranov nad Toplou, de la Rep\u00fablica Txeca, de Zamberk i de Turquia, de Karaman. Es tracta d\u2019una beca atorgada per la Comissi\u00f3 Europea.<\/p>\n<p>El projecte t\u00e9 com a objectiu principal prendre consciencia, experimentar i utilitzar\u00a0 diferents fonts d\u2019energies renovables a l\u2019institut. L\u2019alumnat ha d\u2019aprendre d\u2019on prov\u00e9 l\u2019energia, quins s\u00f3n els costos de producci\u00f3, i els efectes negatius que aquest proc\u00e9s t\u00e9 pel medi ambient, i buscar solucions per obtenir energia que no sigui tan negativa pel medi.<\/p>\n<p>\u00cdntegrament realitzat en angl\u00e8s, implicar\u00e0 com a m\u00ednim la mobilitat a un dels pa\u00efsos participants i l\u2019acolliment d\u2019un alumne estranger durant la seva estada a L\u2019Espluga.<\/p>\n<p>Tot i que \u00e9s un proc\u00e9s obert a\u00a0 tot el centre,\u00a0<strong>nom\u00e9s 25 alumnes de 3r d\u2019ESO podran participar en les mobilitats<\/strong>. \u00c9s per aix\u00f2 que es portar\u00e0 a terme un proc\u00e9s de selecci\u00f3 entre l\u2019alumnat interessat.<\/p>\n<p>La selecci\u00f3 es realitzar\u00e0 en base als seg\u00fcents criteris:<\/p>\n<ul>\n<li><strong>Una carta de motivaci\u00f3 en angl\u00e8s preferiblement<\/strong><\/li>\n<li><strong>Una entrevista oral en angl\u00e8s <\/strong><\/li>\n<li><strong>Expedient acad\u00e8mic <\/strong><\/li>\n<li><strong>Nota mitjana d\u2019angl\u00e8s de 1r i 2n d\u2019ESO<\/strong><\/li>\n<li><strong>Carta de comprom\u00eds<\/strong><\/li>\n<li><strong>No tenir cap expedient disciplinari obert o al seu expedient<\/strong><\/li>\n<\/ul>\n<p><em>Durant els anys de la durada del projecte, els resultats acad\u00e8mics i d\u2019 implicaci\u00f3 dels estudiants participants podran ser valorats per la comissi\u00f3 de seguiment del mateix com a motiu d\u2019exclusi\u00f3 del projecte.\u00a0<\/em><\/p>\n<p><strong>Es convocar\u00e0 als alumnes\u00a0 per a la seva participaci\u00f3 en cada fase:<\/strong><\/p>\n<ul>\n<li><strong>escriure la carta de motivaci\u00f3 i presentar la sol\u00b7licitud:\u00a0\u00a0el dimecres 30 de novembre de 2020.\u00a0<\/strong><\/li>\n<li><strong>entrevistes orals:\u00a0\u00a0els dies 9,10,11 de desembre en horari de \u00a0pati\/lectura, aula per determinar.<\/strong><\/li>\n<\/ul>\n<p><strong>Aquesta convocat\u00f2ria es publica\u00a0el\u00a021 d\u2019octubre de 2020 al ERASMUS CORNER i al web de l\u2019institut.\u00a0<\/strong>Aquell mateix dia, s\u2019informar\u00e0 amb detall del projecte a les aules corresponents en l\u2019horari de lectura.<\/p>\n<p><strong>El llistat definitiu d\u2019alumnat\u00a0<\/strong>que ha estat<strong>\u00a0seleccionat<\/strong>\u00a0es publicar\u00e0 al mateix ERASMUS CORNER i al web de l\u2019institut\u00a0el dia<strong>\u00a018 de desembre de 2020.<\/strong><\/p>\n<p>&nbsp;<\/p>\n<p>Per m\u00e9s informaci\u00f3 i acc\u00e9s a la documentaci\u00f3 que cal presentar cliqueu els seg\u00fcents documents:<\/p>\n<ul>\n<li style=\"list-style-type: none;\">\n<ul>\n<li><a href=\"https:\/\/agora.xtec.cat\/iesjoanamigo\/wp-content\/uploads\/usu506\/2020\/11\/Letter_or_Commitment.pdf\">Letter_or_Commitment<\/a><\/li>\n<li><a href=\"https:\/\/agora.xtec.cat\/iesjoanamigo\/wp-content\/uploads\/usu506\/2020\/11\/solicitud_alumnatE.pdf\">solicitud_alumnatE+<\/a><\/li>\n<li><a href=\"https:\/\/agora.xtec.cat\/iesjoanamigo\/wp-content\/uploads\/usu506\/2020\/11\/CRITERIS-DE-SELECCI\u00d3-PER-PARTICIPAR-A-LES-MOBILITATS-DEL-PROJECTE-ERASMUS.docx\">CRITERIS DE SELECCI\u00d3 PER PARTICIPAR A LES MOBILITATS DEL PROJECTE ERASMUS<\/a><\/li>\n<\/ul>\n<\/li>\n<\/ul>\n<p>&nbsp;<\/p>\n<p>&nbsp;<\/p>\n","protected":false},"excerpt":{"rendered":"<p>&nbsp; Durant els propers dos cursos (2020-2022) el nostre institut participar\u00e0 en el projecte\u00a0 ERASMUS+\u00a0Save the Planet\u00a0\u00a0juntament amb un centre de Bulgaria, de Stara Zagora, d\u2019 Hongria, de Budapest, d\u2019Eslov\u00e0quia de Vranov nad Toplou, de la Rep\u00fablica Txeca, de Zamberk i de Turquia, de Karaman. Es tracta d\u2019una beca atorgada per la Comissi\u00f3 Europea. El [&hellip;]<\/p>\n","protected":false},"author":1,"featured_media":3324,"comment_status":"open","ping_status":"closed","sticky":false,"template":"","format":"standard","meta":{"_bbp_topic_count":0,"_bbp_reply_count":0,"_bbp_total_topic_count":0,"_bbp_total_reply_count":0,"_bbp_voice_count":0,"_bbp_anonymous_reply_count":0,"_bbp_topic_count_hidden":0,"_bbp_reply_count_hidden":0,"_bbp_forum_subforum_count":0,"site-sidebar-layout":"default","site-content-layout":"","ast-site-content-layout":"","site-content-style":"default","site-sidebar-style":"default","ast-global-header-display":"","ast-banner-title-visibility":"","ast-main-header-display":"","ast-hfb-above-header-display":"","ast-hfb-below-header-display":"","ast-hfb-mobile-header-display":"","site-post-title":"","ast-breadcrumbs-content":"","ast-featured-img":"","footer-sml-layout":"","theme-transparent-header-meta":"","adv-header-id-meta":"","stick-header-meta":"","header-above-stick-meta":"","header-main-stick-meta":"","header-below-stick-meta":"","astra-migrate-meta-layouts":"default","ast-page-background-enabled":"default","ast-page-background-meta":{"desktop":{"background-color":"var(--ast-global-color-4)","background-image":"","background-repeat":"repeat","background-position":"center center","background-size":"auto","background-attachment":"scroll","background-type":"","background-media":"","overlay-type":"","overlay-color":"","overlay-opacity":"","overlay-gradient":""},"tablet":{"background-color":"","background-image":"","background-repeat":"repeat","background-position":"center center","background-size":"auto","background-attachment":"scroll","background-type":"","background-media":"","overlay-type":"","overlay-color":"","overlay-opacity":"","overlay-gradient":""},"mobile":{"background-color":"","background-image":"","background-repeat":"repeat","background-position":"center center","background-size":"auto","background-attachment":"scroll","background-type":"","background-media":"","overlay-type":"","overlay-color":"","overlay-opacity":"","overlay-gradient":""}},"ast-content-background-meta":{"desktop":{"background-color":"var(--ast-global-color-5)","background-image":"","background-repeat":"repeat","background-position":"center center","background-size":"auto","background-attachment":"scroll","background-type":"","background-media":"","overlay-type":"","overlay-color":"","overlay-opacity":"","overlay-gradient":""},"tablet":{"background-color":"var(--ast-global-color-5)","background-image":"","background-repeat":"repeat","background-position":"center center","background-size":"auto","background-attachment":"scroll","background-type":"","background-media":"","overlay-type":"","overlay-color":"","overlay-opacity":"","overlay-gradient":""},"mobile":{"background-color":"var(--ast-global-color-5)","background-image":"","background-repeat":"repeat","background-position":"center center","background-size":"auto","background-attachment":"scroll","background-type":"","background-media":"","overlay-type":"","overlay-color":"","overlay-opacity":"","overlay-gradient":""}},"footnotes":""},"categories":[3,1,29],"tags":[],"class_list":["post-3314","post","type-post","status-publish","format-standard","has-post-thumbnail","hentry","category-eso","category-general","category-portada"],"post_mailing_queue_ids":[],"_links":{"self":[{"href":"https:\/\/agora.xtec.cat\/iesjoanamigo\/wp-json\/wp\/v2\/posts\/3314","targetHints":{"allow":["GET"]}}],"collection":[{"href":"https:\/\/agora.xtec.cat\/iesjoanamigo\/wp-json\/wp\/v2\/posts"}],"about":[{"href":"https:\/\/agora.xtec.cat\/iesjoanamigo\/wp-json\/wp\/v2\/types\/post"}],"author":[{"embeddable":true,"href":"https:\/\/agora.xtec.cat\/iesjoanamigo\/wp-json\/wp\/v2\/users\/1"}],"replies":[{"embeddable":true,"href":"https:\/\/agora.xtec.cat\/iesjoanamigo\/wp-json\/wp\/v2\/comments?post=3314"}],"version-history":[{"count":3,"href":"https:\/\/agora.xtec.cat\/iesjoanamigo\/wp-json\/wp\/v2\/posts\/3314\/revisions"}],"predecessor-version":[{"id":3326,"href":"https:\/\/agora.xtec.cat\/iesjoanamigo\/wp-json\/wp\/v2\/posts\/3314\/revisions\/3326"}],"wp:featuredmedia":[{"embeddable":true,"href":"https:\/\/agora.xtec.cat\/iesjoanamigo\/wp-json\/wp\/v2\/media\/3324"}],"wp:attachment":[{"href":"https:\/\/agora.xtec.cat\/iesjoanamigo\/wp-json\/wp\/v2\/media?parent=3314"}],"wp:term":[{"taxonomy":"category","embeddable":true,"href":"https:\/\/agora.xtec.cat\/iesjoanamigo\/wp-json\/wp\/v2\/categories?post=3314"},{"taxonomy":"post_tag","embeddable":true,"href":"https:\/\/agora.xtec.cat\/iesjoanamigo\/wp-json\/wp\/v2\/tags?post=3314"}],"curies":[{"name":"wp","href":"https:\/\/api.w.org\/{rel}","templated":true}]}}