{"id":3130,"date":"2020-07-16T12:44:35","date_gmt":"2020-07-16T10:44:35","guid":{"rendered":"http:\/\/agora.xtec.cat\/iesjoanamigo\/?p=3130"},"modified":"2020-07-16T13:17:03","modified_gmt":"2020-07-16T11:17:03","slug":"acte-de-graduacio-4t-eso-i-smx","status":"publish","type":"post","link":"https:\/\/agora.xtec.cat\/iesjoanamigo\/general\/acte-de-graduacio-4t-eso-i-smx\/","title":{"rendered":"Acte de graduaci\u00f3 4t ESO i SMX"},"content":{"rendered":"<p>El passat 10 de juliol l\u2019Institut Joan Amig\u00f3 i Callau va acomiadar una promoci\u00f3 molt especial, una promoci\u00f3 que va haver d\u2019acabar el curs treballant, telem\u00e0ticament, des de casa i que durant tres mesos no va poder sortir a passejar amb els seus companys i amics. Malgrat tot, aquesta promoci\u00f3 ha aconseguit superar tots els obstacles i tirar endavant.<\/p>\n<p>Despr\u00e9s d\u2019unes paraules de benvinguda per part de la professora Gemma Palau, el director, el Sr. Josep Besora, va entregar un premi als millors expedients acad\u00e8mics de l\u2019ESO i del cicle formatiu d\u2019inform\u00e0tica, que varen ser per la Mar Garcia, la Nat\u00e0lia Trullols i la Susana Benaiges, respectivament.<\/p>\n<p>Tot seguit es van projectar diverses fotos de quan els alumnes eren petits (de zero a quatre anys) i a trav\u00e9s d\u2019un kahoot, els joves havien d\u2019endevinar qui era qui. A continuaci\u00f3 les tutores de 4t van atorgar un diploma a cadascun dels joves en el que se\u2019ls hi destacava alguna qualitat o habilitat.<\/p>\n<p>A trav\u00e9s d\u2019un v\u00eddeo l\u2019alumnat va poder recordar diferents moments i experi\u00e8ncies viscudes durant el seu pas per l\u2019institut.<\/p>\n<p>L\u2019acte va finalitzar amb l\u2019entrega de les orles i amb unes paraules per part dels alumnes, acompanyades d\u2019un petit detall, com a mostra d\u2019agra\u00efment al professorat.<\/p>\n<p>Va ser un acte de graduaci\u00f3 diferent, marcat per l\u2019\u00fas de la mascareta, el distanciament social i l\u2019abs\u00e8ncia dels pares, per\u00f2, no per aix\u00f2, menys emotiu.<\/p>\n<p>L\u2019inter\u00e8s i bona predisposici\u00f3 de l\u2019alumnat va fer pal\u00e8s que la dist\u00e0ncia f\u00edsica no significa l\u2019allunyament, tot al contrari, en tot moment ens vam sentir molt a prop d\u2019aquests joves que finalitzen el seu pas per l\u2019ESO.<\/p>\n<p>Per acabar nom\u00e9s ens queda recordar-los-hi que el Joan Amig\u00f3 \u00e9s casa seva i que sempre hi tindran la porta oberta. A tots ells i elles els desitgem molta sort en la nova etapa que comencen!<\/p>\n<p>Eug\u00e8nia Vizcarra i Eul\u00e0lia Serra<\/p>\n<p><a href=\"https:\/\/agora.xtec.cat\/iesjoanamigo\/wp-content\/uploads\/usu506\/2020\/07\/IMG20200710200354.jpg\"><img loading=\"lazy\" decoding=\"async\" class=\"alignnone size-medium wp-image-3131\" src=\"https:\/\/agora.xtec.cat\/iesjoanamigo\/wp-content\/uploads\/usu506\/2020\/07\/IMG20200710200354-300x225.jpg\" alt=\"\" width=\"300\" height=\"225\" srcset=\"https:\/\/agora.xtec.cat\/iesjoanamigo\/wp-content\/uploads\/usu506\/2020\/07\/IMG20200710200354-300x225.jpg 300w, https:\/\/agora.xtec.cat\/iesjoanamigo\/wp-content\/uploads\/usu506\/2020\/07\/IMG20200710200354-768x576.jpg 768w, https:\/\/agora.xtec.cat\/iesjoanamigo\/wp-content\/uploads\/usu506\/2020\/07\/IMG20200710200354.jpg 1024w, https:\/\/agora.xtec.cat\/iesjoanamigo\/wp-content\/uploads\/usu506\/2020\/07\/IMG20200710200354-200x150.jpg 200w\" sizes=\"auto, (max-width: 300px) 100vw, 300px\" \/><\/a> <a href=\"https:\/\/agora.xtec.cat\/iesjoanamigo\/wp-content\/uploads\/usu506\/2020\/07\/IMG20200710200344.jpg\"><img loading=\"lazy\" decoding=\"async\" class=\"alignnone size-medium wp-image-3132\" src=\"https:\/\/agora.xtec.cat\/iesjoanamigo\/wp-content\/uploads\/usu506\/2020\/07\/IMG20200710200344-300x225.jpg\" alt=\"\" width=\"300\" height=\"225\" srcset=\"https:\/\/agora.xtec.cat\/iesjoanamigo\/wp-content\/uploads\/usu506\/2020\/07\/IMG20200710200344-300x225.jpg 300w, https:\/\/agora.xtec.cat\/iesjoanamigo\/wp-content\/uploads\/usu506\/2020\/07\/IMG20200710200344-768x576.jpg 768w, https:\/\/agora.xtec.cat\/iesjoanamigo\/wp-content\/uploads\/usu506\/2020\/07\/IMG20200710200344.jpg 1024w, https:\/\/agora.xtec.cat\/iesjoanamigo\/wp-content\/uploads\/usu506\/2020\/07\/IMG20200710200344-200x150.jpg 200w\" sizes=\"auto, (max-width: 300px) 100vw, 300px\" \/><\/a> <a href=\"https:\/\/agora.xtec.cat\/iesjoanamigo\/wp-content\/uploads\/usu506\/2020\/07\/IMG20200710193757.jpg\"><img loading=\"lazy\" decoding=\"async\" class=\"alignnone size-medium wp-image-3133\" src=\"https:\/\/agora.xtec.cat\/iesjoanamigo\/wp-content\/uploads\/usu506\/2020\/07\/IMG20200710193757-300x225.jpg\" alt=\"\" width=\"300\" height=\"225\" srcset=\"https:\/\/agora.xtec.cat\/iesjoanamigo\/wp-content\/uploads\/usu506\/2020\/07\/IMG20200710193757-300x225.jpg 300w, https:\/\/agora.xtec.cat\/iesjoanamigo\/wp-content\/uploads\/usu506\/2020\/07\/IMG20200710193757-768x576.jpg 768w, https:\/\/agora.xtec.cat\/iesjoanamigo\/wp-content\/uploads\/usu506\/2020\/07\/IMG20200710193757.jpg 1024w, https:\/\/agora.xtec.cat\/iesjoanamigo\/wp-content\/uploads\/usu506\/2020\/07\/IMG20200710193757-200x150.jpg 200w\" sizes=\"auto, (max-width: 300px) 100vw, 300px\" \/><\/a> <a href=\"https:\/\/agora.xtec.cat\/iesjoanamigo\/wp-content\/uploads\/usu506\/2020\/07\/IMG20200710193149.jpg\"><img loading=\"lazy\" decoding=\"async\" class=\"alignnone size-medium wp-image-3134\" src=\"https:\/\/agora.xtec.cat\/iesjoanamigo\/wp-content\/uploads\/usu506\/2020\/07\/IMG20200710193149-300x225.jpg\" alt=\"\" width=\"300\" height=\"225\" srcset=\"https:\/\/agora.xtec.cat\/iesjoanamigo\/wp-content\/uploads\/usu506\/2020\/07\/IMG20200710193149-300x225.jpg 300w, https:\/\/agora.xtec.cat\/iesjoanamigo\/wp-content\/uploads\/usu506\/2020\/07\/IMG20200710193149-768x576.jpg 768w, https:\/\/agora.xtec.cat\/iesjoanamigo\/wp-content\/uploads\/usu506\/2020\/07\/IMG20200710193149.jpg 1024w, https:\/\/agora.xtec.cat\/iesjoanamigo\/wp-content\/uploads\/usu506\/2020\/07\/IMG20200710193149-200x150.jpg 200w\" sizes=\"auto, (max-width: 300px) 100vw, 300px\" \/><\/a> <a href=\"https:\/\/agora.xtec.cat\/iesjoanamigo\/wp-content\/uploads\/usu506\/2020\/07\/IMG20200710190952.jpg\"><img loading=\"lazy\" decoding=\"async\" class=\"alignnone size-medium wp-image-3135\" src=\"https:\/\/agora.xtec.cat\/iesjoanamigo\/wp-content\/uploads\/usu506\/2020\/07\/IMG20200710190952-300x225.jpg\" alt=\"\" width=\"300\" height=\"225\" srcset=\"https:\/\/agora.xtec.cat\/iesjoanamigo\/wp-content\/uploads\/usu506\/2020\/07\/IMG20200710190952-300x225.jpg 300w, https:\/\/agora.xtec.cat\/iesjoanamigo\/wp-content\/uploads\/usu506\/2020\/07\/IMG20200710190952-768x576.jpg 768w, https:\/\/agora.xtec.cat\/iesjoanamigo\/wp-content\/uploads\/usu506\/2020\/07\/IMG20200710190952.jpg 1024w, https:\/\/agora.xtec.cat\/iesjoanamigo\/wp-content\/uploads\/usu506\/2020\/07\/IMG20200710190952-200x150.jpg 200w\" sizes=\"auto, (max-width: 300px) 100vw, 300px\" \/><\/a> <a href=\"https:\/\/agora.xtec.cat\/iesjoanamigo\/wp-content\/uploads\/usu506\/2020\/07\/IMG20200710192648.jpg\"><img loading=\"lazy\" decoding=\"async\" class=\"alignnone size-medium wp-image-3136\" src=\"https:\/\/agora.xtec.cat\/iesjoanamigo\/wp-content\/uploads\/usu506\/2020\/07\/IMG20200710192648-300x225.jpg\" alt=\"\" width=\"300\" height=\"225\" srcset=\"https:\/\/agora.xtec.cat\/iesjoanamigo\/wp-content\/uploads\/usu506\/2020\/07\/IMG20200710192648-300x225.jpg 300w, https:\/\/agora.xtec.cat\/iesjoanamigo\/wp-content\/uploads\/usu506\/2020\/07\/IMG20200710192648-768x576.jpg 768w, https:\/\/agora.xtec.cat\/iesjoanamigo\/wp-content\/uploads\/usu506\/2020\/07\/IMG20200710192648.jpg 1024w, https:\/\/agora.xtec.cat\/iesjoanamigo\/wp-content\/uploads\/usu506\/2020\/07\/IMG20200710192648-200x150.jpg 200w\" sizes=\"auto, (max-width: 300px) 100vw, 300px\" \/><\/a> <a href=\"https:\/\/agora.xtec.cat\/iesjoanamigo\/wp-content\/uploads\/usu506\/2020\/07\/IMG20200710191452.jpg\"><img loading=\"lazy\" decoding=\"async\" class=\"alignnone size-medium wp-image-3137\" src=\"https:\/\/agora.xtec.cat\/iesjoanamigo\/wp-content\/uploads\/usu506\/2020\/07\/IMG20200710191452-300x225.jpg\" alt=\"\" width=\"300\" height=\"225\" srcset=\"https:\/\/agora.xtec.cat\/iesjoanamigo\/wp-content\/uploads\/usu506\/2020\/07\/IMG20200710191452-300x225.jpg 300w, https:\/\/agora.xtec.cat\/iesjoanamigo\/wp-content\/uploads\/usu506\/2020\/07\/IMG20200710191452-768x576.jpg 768w, https:\/\/agora.xtec.cat\/iesjoanamigo\/wp-content\/uploads\/usu506\/2020\/07\/IMG20200710191452.jpg 1024w, https:\/\/agora.xtec.cat\/iesjoanamigo\/wp-content\/uploads\/usu506\/2020\/07\/IMG20200710191452-200x150.jpg 200w\" sizes=\"auto, (max-width: 300px) 100vw, 300px\" \/><\/a><\/p>\n","protected":false},"excerpt":{"rendered":"<p>El passat 10 de juliol l\u2019Institut Joan Amig\u00f3 i Callau va acomiadar una promoci\u00f3 molt especial, una promoci\u00f3 que va haver d\u2019acabar el curs treballant, telem\u00e0ticament, des de casa i que durant tres mesos no va poder sortir a passejar amb els seus companys i amics. Malgrat tot, aquesta promoci\u00f3 ha aconseguit superar tots els [&hellip;]<\/p>\n","protected":false},"author":1,"featured_media":3133,"comment_status":"open","ping_status":"closed","sticky":false,"template":"","format":"standard","meta":{"_bbp_topic_count":0,"_bbp_reply_count":0,"_bbp_total_topic_count":0,"_bbp_total_reply_count":0,"_bbp_voice_count":0,"_bbp_anonymous_reply_count":0,"_bbp_topic_count_hidden":0,"_bbp_reply_count_hidden":0,"_bbp_forum_subforum_count":0,"site-sidebar-layout":"default","site-content-layout":"","ast-site-content-layout":"","site-content-style":"default","site-sidebar-style":"default","ast-global-header-display":"","ast-banner-title-visibility":"","ast-main-header-display":"","ast-hfb-above-header-display":"","ast-hfb-below-header-display":"","ast-hfb-mobile-header-display":"","site-post-title":"","ast-breadcrumbs-content":"","ast-featured-img":"","footer-sml-layout":"","theme-transparent-header-meta":"","adv-header-id-meta":"","stick-header-meta":"","header-above-stick-meta":"","header-main-stick-meta":"","header-below-stick-meta":"","astra-migrate-meta-layouts":"default","ast-page-background-enabled":"default","ast-page-background-meta":{"desktop":{"background-color":"var(--ast-global-color-4)","background-image":"","background-repeat":"repeat","background-position":"center center","background-size":"auto","background-attachment":"scroll","background-type":"","background-media":"","overlay-type":"","overlay-color":"","overlay-opacity":"","overlay-gradient":""},"tablet":{"background-color":"","background-image":"","background-repeat":"repeat","background-position":"center center","background-size":"auto","background-attachment":"scroll","background-type":"","background-media":"","overlay-type":"","overlay-color":"","overlay-opacity":"","overlay-gradient":""},"mobile":{"background-color":"","background-image":"","background-repeat":"repeat","background-position":"center center","background-size":"auto","background-attachment":"scroll","background-type":"","background-media":"","overlay-type":"","overlay-color":"","overlay-opacity":"","overlay-gradient":""}},"ast-content-background-meta":{"desktop":{"background-color":"var(--ast-global-color-5)","background-image":"","background-repeat":"repeat","background-position":"center center","background-size":"auto","background-attachment":"scroll","background-type":"","background-media":"","overlay-type":"","overlay-color":"","overlay-opacity":"","overlay-gradient":""},"tablet":{"background-color":"var(--ast-global-color-5)","background-image":"","background-repeat":"repeat","background-position":"center center","background-size":"auto","background-attachment":"scroll","background-type":"","background-media":"","overlay-type":"","overlay-color":"","overlay-opacity":"","overlay-gradient":""},"mobile":{"background-color":"var(--ast-global-color-5)","background-image":"","background-repeat":"repeat","background-position":"center center","background-size":"auto","background-attachment":"scroll","background-type":"","background-media":"","overlay-type":"","overlay-color":"","overlay-opacity":"","overlay-gradient":""}},"footnotes":""},"categories":[1,29],"tags":[],"class_list":["post-3130","post","type-post","status-publish","format-standard","has-post-thumbnail","hentry","category-general","category-portada"],"post_mailing_queue_ids":[],"_links":{"self":[{"href":"https:\/\/agora.xtec.cat\/iesjoanamigo\/wp-json\/wp\/v2\/posts\/3130","targetHints":{"allow":["GET"]}}],"collection":[{"href":"https:\/\/agora.xtec.cat\/iesjoanamigo\/wp-json\/wp\/v2\/posts"}],"about":[{"href":"https:\/\/agora.xtec.cat\/iesjoanamigo\/wp-json\/wp\/v2\/types\/post"}],"author":[{"embeddable":true,"href":"https:\/\/agora.xtec.cat\/iesjoanamigo\/wp-json\/wp\/v2\/users\/1"}],"replies":[{"embeddable":true,"href":"https:\/\/agora.xtec.cat\/iesjoanamigo\/wp-json\/wp\/v2\/comments?post=3130"}],"version-history":[{"count":1,"href":"https:\/\/agora.xtec.cat\/iesjoanamigo\/wp-json\/wp\/v2\/posts\/3130\/revisions"}],"predecessor-version":[{"id":3138,"href":"https:\/\/agora.xtec.cat\/iesjoanamigo\/wp-json\/wp\/v2\/posts\/3130\/revisions\/3138"}],"wp:featuredmedia":[{"embeddable":true,"href":"https:\/\/agora.xtec.cat\/iesjoanamigo\/wp-json\/wp\/v2\/media\/3133"}],"wp:attachment":[{"href":"https:\/\/agora.xtec.cat\/iesjoanamigo\/wp-json\/wp\/v2\/media?parent=3130"}],"wp:term":[{"taxonomy":"category","embeddable":true,"href":"https:\/\/agora.xtec.cat\/iesjoanamigo\/wp-json\/wp\/v2\/categories?post=3130"},{"taxonomy":"post_tag","embeddable":true,"href":"https:\/\/agora.xtec.cat\/iesjoanamigo\/wp-json\/wp\/v2\/tags?post=3130"}],"curies":[{"name":"wp","href":"https:\/\/api.w.org\/{rel}","templated":true}]}}