{"id":3080,"date":"2020-06-29T09:19:32","date_gmt":"2020-06-29T07:19:32","guid":{"rendered":"http:\/\/agora.xtec.cat\/iesjoanamigo\/?p=3080"},"modified":"2020-06-29T12:03:47","modified_gmt":"2020-06-29T10:03:47","slug":"acte-de-graduacio","status":"publish","type":"post","link":"https:\/\/agora.xtec.cat\/iesjoanamigo\/general\/acte-de-graduacio\/","title":{"rendered":"Acte de graduaci\u00f3"},"content":{"rendered":"<p>Benvolgudes fam\u00edlies,<\/p>\n<p>El pr\u00f2xim 10 de juliol a les 19:00h de la tarda celebrarem l\u2019acte de graduaci\u00f3 de l\u2019alumnat de 4t d\u2019ESO i 2n SMX al gimn\u00e0s de l\u2019Institut.<\/p>\n<p>Degut a la situaci\u00f3 excepcional del COVID-19, nom\u00e9s podr\u00e0 assistir a l\u2019acte l\u2019alumnat de 4t ESO i 2n d\u2019SMX.<\/p>\n<p>Les fam\u00edlies podreu seguir-lo a trav\u00e9s d\u2019Instagram Live si sou seguidors del compte d\u2019Instagram de l\u2019Institut (@insjoanamigoicallau).<\/p>\n<p>Pel que fa a les mesures de seguretat:<\/p>\n<ul>\n<li>Cal dur la Declaraci\u00f3 Responsable signada per accedir al recinte ( la podeu descarregar des de la web de l\u2019Institut)<\/li>\n<li>S\u2019accedir\u00e0 al gimn\u00e0s per la porta de davant del pavell\u00f3 municipal.<\/li>\n<li>Obligatori l\u2019\u00fas de mascareta<\/li>\n<li>Control de temperatura per accedir a l\u2019espai<\/li>\n<li>Es facilitar\u00e0 gel hidroalcoh\u00f2lic a l\u2019entrada del recinte.<\/li>\n<li>L\u2019alumnat estar\u00e0 assegut a una cadira tot respectant la dist\u00e0ncia m\u00ednima de seguretat (1,5-2m). No es permetr\u00e0 que l\u2019alumnat es mogui lliurement per l\u2019espai.<\/li>\n<\/ul>\n<p>No podran assistir a l\u2019acte:<\/p>\n<ul>\n<li>L\u2019alumnat que presenti simptomatologia del COVID-19<\/li>\n<li>L\u2019alumnat que hagi donat positiu o hagi estat en contacte amb algun positiu els 14 dies anteriors.<\/li>\n<li>L\u2019alumnat que no tingui el calendari de vacunes al dia<\/li>\n<li>L\u2019alumnat que pateixi alguna malaltia de risc<\/li>\n<\/ul>\n<p>Per qualsevol dubte, podeu contactar amb les tutores de 4t ESO:\u00a0<a href=\"mailto:eugenia.vizcarra@insjoanamigo.cat\" target=\"_blank\" rel=\"noopener noreferrer\">eugenia.vizcarra@<wbr \/>insjoanamigo.cat<\/a>,\u00a0<a href=\"mailto:eulalia.serra@insjoanamigo.cat\" target=\"_blank\" rel=\"noopener noreferrer\">eulalia.<wbr \/>serra@insjoanamigo.cat<\/a>; l\u2019alumnat de l\u2019Implica\u2019t:\u00a0<a href=\"mailto:gemma.palau@insjoanamigo.cat\" target=\"_blank\" rel=\"noopener noreferrer\">gemma.palau@<wbr \/>insjoanamigo.cat<\/a>; l\u2019alumnat d\u2019SMX pot contactar a:\u00a0<a href=\"mailto:eugeni.cabre@insjoanamigo.cat\" target=\"_blank\" rel=\"noopener noreferrer\">eugeni.cabre@insjoanamigo.<wbr \/>cat<\/a>.<\/p>\n<p>Rebeu una cordial salutaci\u00f3<\/p>\n","protected":false},"excerpt":{"rendered":"<p>Benvolgudes fam\u00edlies, El pr\u00f2xim 10 de juliol a les 19:00h de la tarda celebrarem l\u2019acte de graduaci\u00f3 de l\u2019alumnat de 4t d\u2019ESO i 2n SMX al gimn\u00e0s de l\u2019Institut. Degut a la situaci\u00f3 excepcional del COVID-19, nom\u00e9s podr\u00e0 assistir a l\u2019acte l\u2019alumnat de 4t ESO i 2n d\u2019SMX. Les fam\u00edlies podreu seguir-lo a trav\u00e9s d\u2019Instagram [&hellip;]<\/p>\n","protected":false},"author":1,"featured_media":3081,"comment_status":"open","ping_status":"closed","sticky":false,"template":"","format":"standard","meta":{"_bbp_topic_count":0,"_bbp_reply_count":0,"_bbp_total_topic_count":0,"_bbp_total_reply_count":0,"_bbp_voice_count":0,"_bbp_anonymous_reply_count":0,"_bbp_topic_count_hidden":0,"_bbp_reply_count_hidden":0,"_bbp_forum_subforum_count":0,"site-sidebar-layout":"default","site-content-layout":"","ast-site-content-layout":"","site-content-style":"default","site-sidebar-style":"default","ast-global-header-display":"","ast-banner-title-visibility":"","ast-main-header-display":"","ast-hfb-above-header-display":"","ast-hfb-below-header-display":"","ast-hfb-mobile-header-display":"","site-post-title":"","ast-breadcrumbs-content":"","ast-featured-img":"","footer-sml-layout":"","theme-transparent-header-meta":"","adv-header-id-meta":"","stick-header-meta":"","header-above-stick-meta":"","header-main-stick-meta":"","header-below-stick-meta":"","astra-migrate-meta-layouts":"default","ast-page-background-enabled":"default","ast-page-background-meta":{"desktop":{"background-color":"var(--ast-global-color-4)","background-image":"","background-repeat":"repeat","background-position":"center center","background-size":"auto","background-attachment":"scroll","background-type":"","background-media":"","overlay-type":"","overlay-color":"","overlay-opacity":"","overlay-gradient":""},"tablet":{"background-color":"","background-image":"","background-repeat":"repeat","background-position":"center center","background-size":"auto","background-attachment":"scroll","background-type":"","background-media":"","overlay-type":"","overlay-color":"","overlay-opacity":"","overlay-gradient":""},"mobile":{"background-color":"","background-image":"","background-repeat":"repeat","background-position":"center center","background-size":"auto","background-attachment":"scroll","background-type":"","background-media":"","overlay-type":"","overlay-color":"","overlay-opacity":"","overlay-gradient":""}},"ast-content-background-meta":{"desktop":{"background-color":"var(--ast-global-color-5)","background-image":"","background-repeat":"repeat","background-position":"center center","background-size":"auto","background-attachment":"scroll","background-type":"","background-media":"","overlay-type":"","overlay-color":"","overlay-opacity":"","overlay-gradient":""},"tablet":{"background-color":"var(--ast-global-color-5)","background-image":"","background-repeat":"repeat","background-position":"center center","background-size":"auto","background-attachment":"scroll","background-type":"","background-media":"","overlay-type":"","overlay-color":"","overlay-opacity":"","overlay-gradient":""},"mobile":{"background-color":"var(--ast-global-color-5)","background-image":"","background-repeat":"repeat","background-position":"center center","background-size":"auto","background-attachment":"scroll","background-type":"","background-media":"","overlay-type":"","overlay-color":"","overlay-opacity":"","overlay-gradient":""}},"footnotes":""},"categories":[1,29],"tags":[131,130],"class_list":["post-3080","post","type-post","status-publish","format-standard","has-post-thumbnail","hentry","category-general","category-portada","tag-131","tag-curs-2019-2020"],"post_mailing_queue_ids":[],"_links":{"self":[{"href":"https:\/\/agora.xtec.cat\/iesjoanamigo\/wp-json\/wp\/v2\/posts\/3080","targetHints":{"allow":["GET"]}}],"collection":[{"href":"https:\/\/agora.xtec.cat\/iesjoanamigo\/wp-json\/wp\/v2\/posts"}],"about":[{"href":"https:\/\/agora.xtec.cat\/iesjoanamigo\/wp-json\/wp\/v2\/types\/post"}],"author":[{"embeddable":true,"href":"https:\/\/agora.xtec.cat\/iesjoanamigo\/wp-json\/wp\/v2\/users\/1"}],"replies":[{"embeddable":true,"href":"https:\/\/agora.xtec.cat\/iesjoanamigo\/wp-json\/wp\/v2\/comments?post=3080"}],"version-history":[{"count":2,"href":"https:\/\/agora.xtec.cat\/iesjoanamigo\/wp-json\/wp\/v2\/posts\/3080\/revisions"}],"predecessor-version":[{"id":3083,"href":"https:\/\/agora.xtec.cat\/iesjoanamigo\/wp-json\/wp\/v2\/posts\/3080\/revisions\/3083"}],"wp:featuredmedia":[{"embeddable":true,"href":"https:\/\/agora.xtec.cat\/iesjoanamigo\/wp-json\/wp\/v2\/media\/3081"}],"wp:attachment":[{"href":"https:\/\/agora.xtec.cat\/iesjoanamigo\/wp-json\/wp\/v2\/media?parent=3080"}],"wp:term":[{"taxonomy":"category","embeddable":true,"href":"https:\/\/agora.xtec.cat\/iesjoanamigo\/wp-json\/wp\/v2\/categories?post=3080"},{"taxonomy":"post_tag","embeddable":true,"href":"https:\/\/agora.xtec.cat\/iesjoanamigo\/wp-json\/wp\/v2\/tags?post=3080"}],"curies":[{"name":"wp","href":"https:\/\/api.w.org\/{rel}","templated":true}]}}