{"id":3053,"date":"2020-06-15T09:19:00","date_gmt":"2020-06-15T07:19:00","guid":{"rendered":"http:\/\/agora.xtec.cat\/iesjoanamigo\/?p=3053"},"modified":"2020-06-15T09:19:00","modified_gmt":"2020-06-15T07:19:00","slug":"apadrinament-lector","status":"publish","type":"post","link":"https:\/\/agora.xtec.cat\/iesjoanamigo\/general\/apadrinament-lector\/","title":{"rendered":"Apadrinament lector"},"content":{"rendered":"<p>Durant aquest curs hem realitzat l\u2019apadrinament lector entre l\u2019alumnat de 1er i alumnat de 3er<br \/>\ni 4rt a qui, ja d\u2019entrada, vull agra\u00efr enormement la implicaci\u00f3 i el saber fer que han demostrat.<br \/>\nQuan pensem en \u201capadrinament lector\u201d potser el primer que ens ve al cap \u00e9s l\u2019aprenantge de<br \/>\nla lectura \u201censenyar a llegir\u201d. \u00c9s evident que a l\u2019ESO l\u2019alumnat llegeix, per tant, el que hem<br \/>\npret\u00e8s amb l\u2019apadrinament \u00e9s \u201censenyar\u201d a disfrutar la lectura, a comprendre, a opinar, en<br \/>\ndefinitiva, a trobar en la lectura, una font de plaer i gaudi.<br \/>\nLa signatura del contracte entre padrins i padrines amb els seus fillols no ha estat m\u00e9s que un<br \/>\ns\u00edmbol de benvinguda, una manera de rebre als nous alumnes, una manera m\u00e9s de fer-los<br \/>\nsentir part de l\u2019institut, el lloc on conviuran durant els propers 4 anys. Compartir lectures,<br \/>\nopinions, respectar idees.. en un espai com la Biblioteca \u00e9s tamb\u00e9 una bona manera de cr\u00e9ixer.<br \/>\nMoltes gr\u00e0cies a tots i totes els que heu participat en l\u2019experi\u00e8ncia.<\/p>\n<p style=\"text-align: center;\"><a href=\"https:\/\/agora.xtec.cat\/iesjoanamigo\/wp-content\/uploads\/usu506\/2020\/06\/image1.png\"><img loading=\"lazy\" decoding=\"async\" class=\"alignnone  wp-image-3054\" src=\"https:\/\/agora.xtec.cat\/iesjoanamigo\/wp-content\/uploads\/usu506\/2020\/06\/image1-300x293.png\" alt=\"\" width=\"404\" height=\"394\" srcset=\"https:\/\/agora.xtec.cat\/iesjoanamigo\/wp-content\/uploads\/usu506\/2020\/06\/image1-300x293.png 300w, https:\/\/agora.xtec.cat\/iesjoanamigo\/wp-content\/uploads\/usu506\/2020\/06\/image1.png 320w\" sizes=\"auto, (max-width: 404px) 100vw, 404px\" \/><\/a><\/p>\n","protected":false},"excerpt":{"rendered":"<p>Durant aquest curs hem realitzat l\u2019apadrinament lector entre l\u2019alumnat de 1er i alumnat de 3er i 4rt a qui, ja d\u2019entrada, vull agra\u00efr enormement la implicaci\u00f3 i el saber fer que han demostrat. Quan pensem en \u201capadrinament lector\u201d potser el primer que ens ve al cap \u00e9s l\u2019aprenantge de la lectura \u201censenyar a llegir\u201d. \u00c9s [&hellip;]<\/p>\n","protected":false},"author":1,"featured_media":3054,"comment_status":"open","ping_status":"closed","sticky":false,"template":"","format":"standard","meta":{"_bbp_topic_count":0,"_bbp_reply_count":0,"_bbp_total_topic_count":0,"_bbp_total_reply_count":0,"_bbp_voice_count":0,"_bbp_anonymous_reply_count":0,"_bbp_topic_count_hidden":0,"_bbp_reply_count_hidden":0,"_bbp_forum_subforum_count":0,"site-sidebar-layout":"default","site-content-layout":"","ast-site-content-layout":"","site-content-style":"default","site-sidebar-style":"default","ast-global-header-display":"","ast-banner-title-visibility":"","ast-main-header-display":"","ast-hfb-above-header-display":"","ast-hfb-below-header-display":"","ast-hfb-mobile-header-display":"","site-post-title":"","ast-breadcrumbs-content":"","ast-featured-img":"","footer-sml-layout":"","theme-transparent-header-meta":"","adv-header-id-meta":"","stick-header-meta":"","header-above-stick-meta":"","header-main-stick-meta":"","header-below-stick-meta":"","astra-migrate-meta-layouts":"default","ast-page-background-enabled":"default","ast-page-background-meta":{"desktop":{"background-color":"var(--ast-global-color-4)","background-image":"","background-repeat":"repeat","background-position":"center center","background-size":"auto","background-attachment":"scroll","background-type":"","background-media":"","overlay-type":"","overlay-color":"","overlay-opacity":"","overlay-gradient":""},"tablet":{"background-color":"","background-image":"","background-repeat":"repeat","background-position":"center center","background-size":"auto","background-attachment":"scroll","background-type":"","background-media":"","overlay-type":"","overlay-color":"","overlay-opacity":"","overlay-gradient":""},"mobile":{"background-color":"","background-image":"","background-repeat":"repeat","background-position":"center center","background-size":"auto","background-attachment":"scroll","background-type":"","background-media":"","overlay-type":"","overlay-color":"","overlay-opacity":"","overlay-gradient":""}},"ast-content-background-meta":{"desktop":{"background-color":"var(--ast-global-color-5)","background-image":"","background-repeat":"repeat","background-position":"center center","background-size":"auto","background-attachment":"scroll","background-type":"","background-media":"","overlay-type":"","overlay-color":"","overlay-opacity":"","overlay-gradient":""},"tablet":{"background-color":"var(--ast-global-color-5)","background-image":"","background-repeat":"repeat","background-position":"center center","background-size":"auto","background-attachment":"scroll","background-type":"","background-media":"","overlay-type":"","overlay-color":"","overlay-opacity":"","overlay-gradient":""},"mobile":{"background-color":"var(--ast-global-color-5)","background-image":"","background-repeat":"repeat","background-position":"center center","background-size":"auto","background-attachment":"scroll","background-type":"","background-media":"","overlay-type":"","overlay-color":"","overlay-opacity":"","overlay-gradient":""}},"footnotes":""},"categories":[1,29],"tags":[131,130],"class_list":["post-3053","post","type-post","status-publish","format-standard","has-post-thumbnail","hentry","category-general","category-portada","tag-131","tag-curs-2019-2020"],"post_mailing_queue_ids":[],"_links":{"self":[{"href":"https:\/\/agora.xtec.cat\/iesjoanamigo\/wp-json\/wp\/v2\/posts\/3053","targetHints":{"allow":["GET"]}}],"collection":[{"href":"https:\/\/agora.xtec.cat\/iesjoanamigo\/wp-json\/wp\/v2\/posts"}],"about":[{"href":"https:\/\/agora.xtec.cat\/iesjoanamigo\/wp-json\/wp\/v2\/types\/post"}],"author":[{"embeddable":true,"href":"https:\/\/agora.xtec.cat\/iesjoanamigo\/wp-json\/wp\/v2\/users\/1"}],"replies":[{"embeddable":true,"href":"https:\/\/agora.xtec.cat\/iesjoanamigo\/wp-json\/wp\/v2\/comments?post=3053"}],"version-history":[{"count":1,"href":"https:\/\/agora.xtec.cat\/iesjoanamigo\/wp-json\/wp\/v2\/posts\/3053\/revisions"}],"predecessor-version":[{"id":3055,"href":"https:\/\/agora.xtec.cat\/iesjoanamigo\/wp-json\/wp\/v2\/posts\/3053\/revisions\/3055"}],"wp:featuredmedia":[{"embeddable":true,"href":"https:\/\/agora.xtec.cat\/iesjoanamigo\/wp-json\/wp\/v2\/media\/3054"}],"wp:attachment":[{"href":"https:\/\/agora.xtec.cat\/iesjoanamigo\/wp-json\/wp\/v2\/media?parent=3053"}],"wp:term":[{"taxonomy":"category","embeddable":true,"href":"https:\/\/agora.xtec.cat\/iesjoanamigo\/wp-json\/wp\/v2\/categories?post=3053"},{"taxonomy":"post_tag","embeddable":true,"href":"https:\/\/agora.xtec.cat\/iesjoanamigo\/wp-json\/wp\/v2\/tags?post=3053"}],"curies":[{"name":"wp","href":"https:\/\/api.w.org\/{rel}","templated":true}]}}