{"id":3015,"date":"2020-05-29T19:35:05","date_gmt":"2020-05-29T17:35:05","guid":{"rendered":"http:\/\/agora.xtec.cat\/iesjoanamigo\/?p=3015"},"modified":"2020-06-12T09:08:42","modified_gmt":"2020-06-12T07:08:42","slug":"preinscripcio-smx-2020-2021","status":"publish","type":"post","link":"https:\/\/agora.xtec.cat\/iesjoanamigo\/general\/preinscripcio-smx-2020-2021\/","title":{"rendered":"Preinscripci\u00f3 SMX 2020-2021"},"content":{"rendered":"<p>Benvolgudes fam\u00edlies,<\/p>\n<p>La preinscripci\u00f3 per al curs 2020-2021 del Cicle Formatiu de Grau Mitj\u00e0 de Sistemes Microinform\u00e0tics i Xarxes, ser\u00e0 del <strong>2 al 8 de juny de 2020<\/strong>.<\/p>\n<p>Per m\u00e9s informaci\u00f3, anar al web de la Preinscripci\u00f3 del curs 2020-2021 a <a href=\"http:\/\/queestudiar.gencat.cat\/ca\/preinscripcio\/estudis\/fp-gm\/\">aqu\u00ed<\/a>. Durant el per\u00edode de preinscripci\u00f3 podreu trucar al tel\u00e8fon del centre (977 87 01 54) o al tel\u00e8fon m\u00f2bil habilitat (717 70 58 96); per una opci\u00f3 o l&#8217;altra, l&#8217;horari d&#8217;informaci\u00f3 seran els dies h\u00e0bils d&#8217;11 a 13 hores i de 17 a 18 hores.<\/p>\n<p>Tenir en compte que alhora d&#8217;omplir la preinscripci\u00f3 us demanar\u00e0 el codi del centre, el nostre \u00e9s el 43006617, i el codi del cicle, essent CFPM IC10.<\/p>\n<p>Per fer la presentaci\u00f3 de la sol\u00b7licitud de preinscripci\u00f3 es pot realitzar de dues maneres:<br \/>\n<a id=\"telematica\"><\/a><br \/>\n1- <strong>Telem\u00e0ticament<\/strong>. Del 2 al 8 de juny de 2020.<\/p>\n<p>Per tal de reduir la pres\u00e8ncia de les fam\u00edlies en els centres educatius, es promou l&#8217;\u00fas de la <a href=\"https:\/\/aplicacions.gestioeducativa.gencat.cat\/pls\/apex\/f?p=20160079072543618:5:::NO:RP,5,10,15,20,25::&amp;cs=3jyMo0-qnTKA33ka5LdUZEK1PjA0\">sol\u00b7licitud en suport inform\u00e0tic<\/a>.<\/p>\n<ul>\n<li>Si s&#8217;emplena la <strong>sol\u00b7licitud electr\u00f2nica<\/strong>, no cal presentar cap c\u00f2pia al centre ni tampoc cap documentaci\u00f3 acreditativa de la persona sol\u00b7licitant ni de l&#8217;alumne.<\/li>\n<li>Si s&#8217;emplena la <strong>sol\u00b7licitud amb suport inform\u00e0tic<\/strong>, cal enviar el resguard de la sol\u00b7licitud acompanyat de la documentaci\u00f3 acreditativa, escanejada o fotografiada, mitjan\u00e7ant un correu a la b\u00fastia electr\u00f2nica oficial del centre demanat en primera opci\u00f3.<\/li>\n<\/ul>\n<p>El correu electr\u00f2nic oficial on enviar la documentaci\u00f3 \u00e9s <a href=\"mailto:preinscripcio@insjoanamigo.cat\" target=\"_blank\" rel=\"noopener noreferrer\">preinscripcio@insjoanamigo.cat<\/a>, fins al 9 de juny de 2020. El centre us respondr\u00e0 al correu, com a justificant de la formalitzaci\u00f3 de la sol\u00b7licitud de preinscripci\u00f3.<br \/>\n<a id=\"presencial\"><\/a><br \/>\n<span style=\"font-family: inherit; font-size: 1em;\">2- <strong>Presencial amb cita pr\u00e8via<\/strong>. Del 5 al 8 de juny de 2020.<\/span><\/p>\n<p>En els casos excepcionals en qu\u00e8 no es pugui evitar la presencialitat, es pot demanar una cita pr\u00e8via per rebre atenci\u00f3 presencial al centre demanat en primer lloc. La informaci\u00f3 per poder sol\u00b7licitar la cita pr\u00e8via es pot consultar al web del centre corresponent. Per concertar la cita pr\u00e8via polseu a <a href=\"https:\/\/aplicacions.gestioeducativa.gencat.cat\/pls\/apex\/f?p=CITA_PREVIA:4::::4:P4_TIPUS_CALENDARI,P4_DOMINI:01_CGM,43006617\">aquest enlla\u00e7<\/a>.<\/p>\n<p>Orientacions de com es far\u00e0 l&#8217;atenci\u00f3 presencial:<\/p>\n<ul>\n<li>Nom\u00e9s pot anar al centre una persona per preinscripci\u00f3.<\/li>\n<li>Cal portar l&#8217;equip de protecci\u00f3 individual (guants i mascareta de protecci\u00f3).<\/li>\n<li>Es recomana que cadasc\u00fa es porti el seu propi bol\u00edgraf.<\/li>\n<li>Han de portar la documentaci\u00f3 per a poder-la escanejar o fotocopiar i, si pot ser, la sol\u00b7licitud emplenada des de casa.<\/li>\n<li><span style=\"font-family: inherit; font-size: 1em;\">No podran entrar<\/span> al centre les persones vulnerables i menors d&#8217;edat; en aquest cas, poden autoritzar per escrit a una altra persona a portar la sol\u00b7licitud i la documentaci\u00f3.<\/li>\n<\/ul>\n<p>Informaci\u00f3 a adjuntar amb la sol\u00b7licitud de preinscripci\u00f3 (enviada per correu electr\u00f2nic):<\/p>\n<ol>\n<li>El DNI o NIE de l&#8217;alumne o alumna, nom\u00e9s en el cas que no s&#8217;hagi pogut validar el document electr\u00f2nicament; o b\u00e9 del passaport o del document d&#8217;identitat del pa\u00eds d&#8217;origen, si es tracta d&#8217;estrangers comunitaris.<\/li>\n<li><em>(Si l&#8217;alumne \u00e9s menor d&#8217;edat)<\/em> El llibre de fam\u00edlia o altres documents relatius a la filiaci\u00f3. Si l&#8217;alumne o alumna est\u00e0 en situaci\u00f3 d&#8217;acolliment, la resoluci\u00f3 d&#8217;acolliment del Departament de Treball, Afers Socials i Fam\u00edlies.<\/li>\n<li>El DNI o NIE de la persona sol\u00b7licitant (pare, mare, tutor\/a o guardador\/a de fet), nom\u00e9s en el cas que no s&#8217;hagi pogut validar el document electr\u00f2nicament; o b\u00e9 del passaport o del document d&#8217;identitat del pa\u00eds d&#8217;origen, si es tracta d&#8217;estrangers comunitaris.<\/li>\n<li>Original i fotoc\u00f2pia dels documents acreditatius dels criteris que s&#8217;al\u00b7leguin:\n<ul>\n<li>carnet de fam\u00edlia nombrosa o monoparental.<\/li>\n<li>carnet discapacitat de pare\/mare\/germ\u00e0\/alumne.<\/li>\n<li>certificat de la renda m\u00ednima.<\/li>\n<\/ul>\n<\/li>\n<\/ol>\n","protected":false},"excerpt":{"rendered":"<p>Benvolgudes fam\u00edlies, La preinscripci\u00f3 per al curs 2020-2021 del Cicle Formatiu de Grau Mitj\u00e0 de Sistemes Microinform\u00e0tics i Xarxes, ser\u00e0 del 2 al 8 de juny de 2020. Per m\u00e9s informaci\u00f3, anar al web de la Preinscripci\u00f3 del curs 2020-2021 a aqu\u00ed. Durant el per\u00edode de preinscripci\u00f3 podreu trucar al tel\u00e8fon del centre (977 87 [&hellip;]<\/p>\n","protected":false},"author":1,"featured_media":0,"comment_status":"open","ping_status":"closed","sticky":false,"template":"","format":"standard","meta":{"_bbp_topic_count":0,"_bbp_reply_count":0,"_bbp_total_topic_count":0,"_bbp_total_reply_count":0,"_bbp_voice_count":0,"_bbp_anonymous_reply_count":0,"_bbp_topic_count_hidden":0,"_bbp_reply_count_hidden":0,"_bbp_forum_subforum_count":0,"site-sidebar-layout":"default","site-content-layout":"","ast-site-content-layout":"","site-content-style":"default","site-sidebar-style":"default","ast-global-header-display":"","ast-banner-title-visibility":"","ast-main-header-display":"","ast-hfb-above-header-display":"","ast-hfb-below-header-display":"","ast-hfb-mobile-header-display":"","site-post-title":"","ast-breadcrumbs-content":"","ast-featured-img":"","footer-sml-layout":"","theme-transparent-header-meta":"","adv-header-id-meta":"","stick-header-meta":"","header-above-stick-meta":"","header-main-stick-meta":"","header-below-stick-meta":"","astra-migrate-meta-layouts":"default","ast-page-background-enabled":"default","ast-page-background-meta":{"desktop":{"background-color":"var(--ast-global-color-4)","background-image":"","background-repeat":"repeat","background-position":"center center","background-size":"auto","background-attachment":"scroll","background-type":"","background-media":"","overlay-type":"","overlay-color":"","overlay-opacity":"","overlay-gradient":""},"tablet":{"background-color":"","background-image":"","background-repeat":"repeat","background-position":"center center","background-size":"auto","background-attachment":"scroll","background-type":"","background-media":"","overlay-type":"","overlay-color":"","overlay-opacity":"","overlay-gradient":""},"mobile":{"background-color":"","background-image":"","background-repeat":"repeat","background-position":"center center","background-size":"auto","background-attachment":"scroll","background-type":"","background-media":"","overlay-type":"","overlay-color":"","overlay-opacity":"","overlay-gradient":""}},"ast-content-background-meta":{"desktop":{"background-color":"var(--ast-global-color-5)","background-image":"","background-repeat":"repeat","background-position":"center center","background-size":"auto","background-attachment":"scroll","background-type":"","background-media":"","overlay-type":"","overlay-color":"","overlay-opacity":"","overlay-gradient":""},"tablet":{"background-color":"var(--ast-global-color-5)","background-image":"","background-repeat":"repeat","background-position":"center center","background-size":"auto","background-attachment":"scroll","background-type":"","background-media":"","overlay-type":"","overlay-color":"","overlay-opacity":"","overlay-gradient":""},"mobile":{"background-color":"var(--ast-global-color-5)","background-image":"","background-repeat":"repeat","background-position":"center center","background-size":"auto","background-attachment":"scroll","background-type":"","background-media":"","overlay-type":"","overlay-color":"","overlay-opacity":"","overlay-gradient":""}},"footnotes":""},"categories":[1,29],"tags":[],"class_list":["post-3015","post","type-post","status-publish","format-standard","hentry","category-general","category-portada"],"post_mailing_queue_ids":[],"_links":{"self":[{"href":"https:\/\/agora.xtec.cat\/iesjoanamigo\/wp-json\/wp\/v2\/posts\/3015","targetHints":{"allow":["GET"]}}],"collection":[{"href":"https:\/\/agora.xtec.cat\/iesjoanamigo\/wp-json\/wp\/v2\/posts"}],"about":[{"href":"https:\/\/agora.xtec.cat\/iesjoanamigo\/wp-json\/wp\/v2\/types\/post"}],"author":[{"embeddable":true,"href":"https:\/\/agora.xtec.cat\/iesjoanamigo\/wp-json\/wp\/v2\/users\/1"}],"replies":[{"embeddable":true,"href":"https:\/\/agora.xtec.cat\/iesjoanamigo\/wp-json\/wp\/v2\/comments?post=3015"}],"version-history":[{"count":2,"href":"https:\/\/agora.xtec.cat\/iesjoanamigo\/wp-json\/wp\/v2\/posts\/3015\/revisions"}],"predecessor-version":[{"id":3017,"href":"https:\/\/agora.xtec.cat\/iesjoanamigo\/wp-json\/wp\/v2\/posts\/3015\/revisions\/3017"}],"wp:attachment":[{"href":"https:\/\/agora.xtec.cat\/iesjoanamigo\/wp-json\/wp\/v2\/media?parent=3015"}],"wp:term":[{"taxonomy":"category","embeddable":true,"href":"https:\/\/agora.xtec.cat\/iesjoanamigo\/wp-json\/wp\/v2\/categories?post=3015"},{"taxonomy":"post_tag","embeddable":true,"href":"https:\/\/agora.xtec.cat\/iesjoanamigo\/wp-json\/wp\/v2\/tags?post=3015"}],"curies":[{"name":"wp","href":"https:\/\/api.w.org\/{rel}","templated":true}]}}