{"id":2996,"date":"2020-05-24T16:47:19","date_gmt":"2020-05-24T14:47:19","guid":{"rendered":"http:\/\/agora.xtec.cat\/iesjoanamigo\/?p=2996"},"modified":"2020-06-12T09:08:55","modified_gmt":"2020-06-12T07:08:55","slug":"portes-obertes-smx-virtuals","status":"publish","type":"post","link":"https:\/\/agora.xtec.cat\/iesjoanamigo\/general\/portes-obertes-smx-virtuals\/","title":{"rendered":"Portes obertes SMX virtuals"},"content":{"rendered":"<p><a href=\"https:\/\/agora.xtec.cat\/iesjoanamigo\/wp-content\/uploads\/usu506\/2020\/05\/Cartell.png\"><img loading=\"lazy\" decoding=\"async\" class=\"size-medium wp-image-3005 alignleft\" src=\"https:\/\/agora.xtec.cat\/iesjoanamigo\/wp-content\/uploads\/usu506\/2020\/05\/Cartell-223x300.png\" alt=\"\" width=\"223\" height=\"300\" srcset=\"https:\/\/agora.xtec.cat\/iesjoanamigo\/wp-content\/uploads\/usu506\/2020\/05\/Cartell-223x300.png 223w, https:\/\/agora.xtec.cat\/iesjoanamigo\/wp-content\/uploads\/usu506\/2020\/05\/Cartell-768x1031.png 768w, https:\/\/agora.xtec.cat\/iesjoanamigo\/wp-content\/uploads\/usu506\/2020\/05\/Cartell-763x1024.png 763w, https:\/\/agora.xtec.cat\/iesjoanamigo\/wp-content\/uploads\/usu506\/2020\/05\/Cartell.png 794w\" sizes=\"auto, (max-width: 223px) 100vw, 223px\" \/><\/a>Degut a la situaci\u00f3 actual no podem oferir les portes obertes presencials al nostre centre com era tradicional.<\/p>\n<p>Si esteu interessats a participar a les jornades de portes obertes virtuals del Cicle formatiu de Sistemes Microinform\u00e0tica i Xarxes, les realitzarem el <strong>divendres 29 de maig a les 19 hores<\/strong>. Tamb\u00e9 podeu consultar la informaci\u00f3 del cicle al <a href=\"https:\/\/drive.google.com\/file\/d\/1XVLCfh27j9LwdL-mRjjUCWPZuFHblcbj\/view?usp=sharing\">tr\u00edptic<\/a> o a la <a href=\"http:\/\/agora.xtec.cat\/iesjoanamigo\/oferta-formativa\/cfgm-sistemes-microinformatics-i-xarxes\/\">secci\u00f3 del web<\/a>.<\/p>\n<p>L&#8217;enlla\u00e7 per a la seva realitzaci\u00f3 ser\u00e0: <a href=\"https:\/\/meet.google.com\/pyp-yjoy-htc\">https:\/\/meet.google.com\/pyp-yjoy-htc<\/a>.<\/p>\n<p>A m\u00e9s, si voleu informaci\u00f3 personalitzada, no dubteu a enviar un correu a <a href=\"mailto:eugeni.cabre@insjoanamigo.cat\">eugeni.cabre@insjoanamigo.cat<\/a> us atendrem com si el centre estigu\u00e9s obert.<\/p>\n<p>Us esperem a tots!!!<\/p>\n<p>&nbsp;<\/p>\n","protected":false},"excerpt":{"rendered":"<p>Degut a la situaci\u00f3 actual no podem oferir les portes obertes presencials al nostre centre com era tradicional. Si esteu interessats a participar a les jornades de portes obertes virtuals del Cicle formatiu de Sistemes Microinform\u00e0tica i Xarxes, les realitzarem el divendres 29 de maig a les 19 hores. Tamb\u00e9 podeu consultar la informaci\u00f3 del [&hellip;]<\/p>\n","protected":false},"author":1,"featured_media":0,"comment_status":"open","ping_status":"closed","sticky":false,"template":"","format":"standard","meta":{"_bbp_topic_count":0,"_bbp_reply_count":0,"_bbp_total_topic_count":0,"_bbp_total_reply_count":0,"_bbp_voice_count":0,"_bbp_anonymous_reply_count":0,"_bbp_topic_count_hidden":0,"_bbp_reply_count_hidden":0,"_bbp_forum_subforum_count":0,"site-sidebar-layout":"default","site-content-layout":"","ast-site-content-layout":"","site-content-style":"default","site-sidebar-style":"default","ast-global-header-display":"","ast-banner-title-visibility":"","ast-main-header-display":"","ast-hfb-above-header-display":"","ast-hfb-below-header-display":"","ast-hfb-mobile-header-display":"","site-post-title":"","ast-breadcrumbs-content":"","ast-featured-img":"","footer-sml-layout":"","theme-transparent-header-meta":"","adv-header-id-meta":"","stick-header-meta":"","header-above-stick-meta":"","header-main-stick-meta":"","header-below-stick-meta":"","astra-migrate-meta-layouts":"default","ast-page-background-enabled":"default","ast-page-background-meta":{"desktop":{"background-color":"var(--ast-global-color-4)","background-image":"","background-repeat":"repeat","background-position":"center center","background-size":"auto","background-attachment":"scroll","background-type":"","background-media":"","overlay-type":"","overlay-color":"","overlay-opacity":"","overlay-gradient":""},"tablet":{"background-color":"","background-image":"","background-repeat":"repeat","background-position":"center center","background-size":"auto","background-attachment":"scroll","background-type":"","background-media":"","overlay-type":"","overlay-color":"","overlay-opacity":"","overlay-gradient":""},"mobile":{"background-color":"","background-image":"","background-repeat":"repeat","background-position":"center center","background-size":"auto","background-attachment":"scroll","background-type":"","background-media":"","overlay-type":"","overlay-color":"","overlay-opacity":"","overlay-gradient":""}},"ast-content-background-meta":{"desktop":{"background-color":"var(--ast-global-color-5)","background-image":"","background-repeat":"repeat","background-position":"center center","background-size":"auto","background-attachment":"scroll","background-type":"","background-media":"","overlay-type":"","overlay-color":"","overlay-opacity":"","overlay-gradient":""},"tablet":{"background-color":"var(--ast-global-color-5)","background-image":"","background-repeat":"repeat","background-position":"center center","background-size":"auto","background-attachment":"scroll","background-type":"","background-media":"","overlay-type":"","overlay-color":"","overlay-opacity":"","overlay-gradient":""},"mobile":{"background-color":"var(--ast-global-color-5)","background-image":"","background-repeat":"repeat","background-position":"center center","background-size":"auto","background-attachment":"scroll","background-type":"","background-media":"","overlay-type":"","overlay-color":"","overlay-opacity":"","overlay-gradient":""}},"footnotes":""},"categories":[1,29],"tags":[],"class_list":["post-2996","post","type-post","status-publish","format-standard","hentry","category-general","category-portada"],"post_mailing_queue_ids":[],"_links":{"self":[{"href":"https:\/\/agora.xtec.cat\/iesjoanamigo\/wp-json\/wp\/v2\/posts\/2996","targetHints":{"allow":["GET"]}}],"collection":[{"href":"https:\/\/agora.xtec.cat\/iesjoanamigo\/wp-json\/wp\/v2\/posts"}],"about":[{"href":"https:\/\/agora.xtec.cat\/iesjoanamigo\/wp-json\/wp\/v2\/types\/post"}],"author":[{"embeddable":true,"href":"https:\/\/agora.xtec.cat\/iesjoanamigo\/wp-json\/wp\/v2\/users\/1"}],"replies":[{"embeddable":true,"href":"https:\/\/agora.xtec.cat\/iesjoanamigo\/wp-json\/wp\/v2\/comments?post=2996"}],"version-history":[{"count":3,"href":"https:\/\/agora.xtec.cat\/iesjoanamigo\/wp-json\/wp\/v2\/posts\/2996\/revisions"}],"predecessor-version":[{"id":3007,"href":"https:\/\/agora.xtec.cat\/iesjoanamigo\/wp-json\/wp\/v2\/posts\/2996\/revisions\/3007"}],"wp:attachment":[{"href":"https:\/\/agora.xtec.cat\/iesjoanamigo\/wp-json\/wp\/v2\/media?parent=2996"}],"wp:term":[{"taxonomy":"category","embeddable":true,"href":"https:\/\/agora.xtec.cat\/iesjoanamigo\/wp-json\/wp\/v2\/categories?post=2996"},{"taxonomy":"post_tag","embeddable":true,"href":"https:\/\/agora.xtec.cat\/iesjoanamigo\/wp-json\/wp\/v2\/tags?post=2996"}],"curies":[{"name":"wp","href":"https:\/\/api.w.org\/{rel}","templated":true}]}}