{"id":2965,"date":"2020-05-17T12:25:25","date_gmt":"2020-05-17T10:25:25","guid":{"rendered":"http:\/\/agora.xtec.cat\/iesjoanamigo\/?p=2965"},"modified":"2020-05-17T12:26:08","modified_gmt":"2020-05-17T10:26:08","slug":"english-day-at-home","status":"publish","type":"post","link":"https:\/\/agora.xtec.cat\/iesjoanamigo\/general\/english-day-at-home\/","title":{"rendered":"English Day at Home"},"content":{"rendered":"<p>El passat 15 de maig hav\u00edem de celebrar el segon English Day Comarcal, un intercanvi ling\u00fc\u00edstic<br \/>\nen angl\u00e8s entre alumnat de 6\u00e8 de prim\u00e0ria i de 1r d\u2019ESO de la Conca de Barber\u00e0.<br \/>\nMalauradament, ateses les circumst\u00e0ncies causades per la pand\u00e8mia de COVID-19, vam haver<br \/>\nde cancel\u00b7lar la jornada i moltes altres activitats.<br \/>\nLes professores de lleng\u00fces estrangeres de l\u2019INS Joan Amig\u00f3 i Callau vam decidir, malgrat la<br \/>\nsituaci\u00f3, celebrar aquesta jornada amb l\u2019alumnat i el professorat del nostre centre. Els dies<br \/>\nprevis a la data assenyalada vam preparar receptes de postres t\u00edpiques angleses substituint<br \/>\nl\u2019English Breakfast tradicional i, el mateix dia 15, l\u2019alumnat va poder participar en un concurs<br \/>\nde preguntes en l\u00ednia sobre cultura anglesa.<br \/>\nTot plegat, va ser un dia diferent, per\u00f2 vam poder gaudir d\u2019una estona entretinguda i, alhora,<br \/>\ncontinuar les nostres tasques d\u2019ensenyament i aprenentatge telem\u00e0ticament.<\/p>\n<p>Les professores de lleng\u00fces estrangeres<\/p>\n<p style=\"padding-left: 40px;\"><a href=\"https:\/\/agora.xtec.cat\/iesjoanamigo\/wp-content\/uploads\/usu506\/2020\/05\/EnglishDay4.jpeg\"><img loading=\"lazy\" decoding=\"async\" class=\"wp-image-2966 alignleft\" src=\"https:\/\/agora.xtec.cat\/iesjoanamigo\/wp-content\/uploads\/usu506\/2020\/05\/EnglishDay4-300x236.jpeg\" alt=\"\" width=\"498\" height=\"391\" srcset=\"https:\/\/agora.xtec.cat\/iesjoanamigo\/wp-content\/uploads\/usu506\/2020\/05\/EnglishDay4-300x236.jpeg 300w, https:\/\/agora.xtec.cat\/iesjoanamigo\/wp-content\/uploads\/usu506\/2020\/05\/EnglishDay4-768x603.jpeg 768w, https:\/\/agora.xtec.cat\/iesjoanamigo\/wp-content\/uploads\/usu506\/2020\/05\/EnglishDay4.jpeg 803w\" sizes=\"auto, (max-width: 498px) 100vw, 498px\" \/><\/a><\/p>\n","protected":false},"excerpt":{"rendered":"<p>El passat 15 de maig hav\u00edem de celebrar el segon English Day Comarcal, un intercanvi ling\u00fc\u00edstic en angl\u00e8s entre alumnat de 6\u00e8 de prim\u00e0ria i de 1r d\u2019ESO de la Conca de Barber\u00e0. Malauradament, ateses les circumst\u00e0ncies causades per la pand\u00e8mia de COVID-19, vam haver de cancel\u00b7lar la jornada i moltes altres activitats. Les professores [&hellip;]<\/p>\n","protected":false},"author":1,"featured_media":2966,"comment_status":"open","ping_status":"closed","sticky":false,"template":"","format":"standard","meta":{"_bbp_topic_count":0,"_bbp_reply_count":0,"_bbp_total_topic_count":0,"_bbp_total_reply_count":0,"_bbp_voice_count":0,"_bbp_anonymous_reply_count":0,"_bbp_topic_count_hidden":0,"_bbp_reply_count_hidden":0,"_bbp_forum_subforum_count":0,"site-sidebar-layout":"default","site-content-layout":"","ast-site-content-layout":"","site-content-style":"default","site-sidebar-style":"default","ast-global-header-display":"","ast-banner-title-visibility":"","ast-main-header-display":"","ast-hfb-above-header-display":"","ast-hfb-below-header-display":"","ast-hfb-mobile-header-display":"","site-post-title":"","ast-breadcrumbs-content":"","ast-featured-img":"","footer-sml-layout":"","theme-transparent-header-meta":"","adv-header-id-meta":"","stick-header-meta":"","header-above-stick-meta":"","header-main-stick-meta":"","header-below-stick-meta":"","astra-migrate-meta-layouts":"default","ast-page-background-enabled":"default","ast-page-background-meta":{"desktop":{"background-color":"var(--ast-global-color-4)","background-image":"","background-repeat":"repeat","background-position":"center center","background-size":"auto","background-attachment":"scroll","background-type":"","background-media":"","overlay-type":"","overlay-color":"","overlay-opacity":"","overlay-gradient":""},"tablet":{"background-color":"","background-image":"","background-repeat":"repeat","background-position":"center center","background-size":"auto","background-attachment":"scroll","background-type":"","background-media":"","overlay-type":"","overlay-color":"","overlay-opacity":"","overlay-gradient":""},"mobile":{"background-color":"","background-image":"","background-repeat":"repeat","background-position":"center center","background-size":"auto","background-attachment":"scroll","background-type":"","background-media":"","overlay-type":"","overlay-color":"","overlay-opacity":"","overlay-gradient":""}},"ast-content-background-meta":{"desktop":{"background-color":"var(--ast-global-color-5)","background-image":"","background-repeat":"repeat","background-position":"center center","background-size":"auto","background-attachment":"scroll","background-type":"","background-media":"","overlay-type":"","overlay-color":"","overlay-opacity":"","overlay-gradient":""},"tablet":{"background-color":"var(--ast-global-color-5)","background-image":"","background-repeat":"repeat","background-position":"center center","background-size":"auto","background-attachment":"scroll","background-type":"","background-media":"","overlay-type":"","overlay-color":"","overlay-opacity":"","overlay-gradient":""},"mobile":{"background-color":"var(--ast-global-color-5)","background-image":"","background-repeat":"repeat","background-position":"center center","background-size":"auto","background-attachment":"scroll","background-type":"","background-media":"","overlay-type":"","overlay-color":"","overlay-opacity":"","overlay-gradient":""}},"footnotes":""},"categories":[1,29],"tags":[130],"class_list":["post-2965","post","type-post","status-publish","format-standard","has-post-thumbnail","hentry","category-general","category-portada","tag-curs-2019-2020"],"post_mailing_queue_ids":[],"_links":{"self":[{"href":"https:\/\/agora.xtec.cat\/iesjoanamigo\/wp-json\/wp\/v2\/posts\/2965","targetHints":{"allow":["GET"]}}],"collection":[{"href":"https:\/\/agora.xtec.cat\/iesjoanamigo\/wp-json\/wp\/v2\/posts"}],"about":[{"href":"https:\/\/agora.xtec.cat\/iesjoanamigo\/wp-json\/wp\/v2\/types\/post"}],"author":[{"embeddable":true,"href":"https:\/\/agora.xtec.cat\/iesjoanamigo\/wp-json\/wp\/v2\/users\/1"}],"replies":[{"embeddable":true,"href":"https:\/\/agora.xtec.cat\/iesjoanamigo\/wp-json\/wp\/v2\/comments?post=2965"}],"version-history":[{"count":3,"href":"https:\/\/agora.xtec.cat\/iesjoanamigo\/wp-json\/wp\/v2\/posts\/2965\/revisions"}],"predecessor-version":[{"id":2972,"href":"https:\/\/agora.xtec.cat\/iesjoanamigo\/wp-json\/wp\/v2\/posts\/2965\/revisions\/2972"}],"wp:featuredmedia":[{"embeddable":true,"href":"https:\/\/agora.xtec.cat\/iesjoanamigo\/wp-json\/wp\/v2\/media\/2966"}],"wp:attachment":[{"href":"https:\/\/agora.xtec.cat\/iesjoanamigo\/wp-json\/wp\/v2\/media?parent=2965"}],"wp:term":[{"taxonomy":"category","embeddable":true,"href":"https:\/\/agora.xtec.cat\/iesjoanamigo\/wp-json\/wp\/v2\/categories?post=2965"},{"taxonomy":"post_tag","embeddable":true,"href":"https:\/\/agora.xtec.cat\/iesjoanamigo\/wp-json\/wp\/v2\/tags?post=2965"}],"curies":[{"name":"wp","href":"https:\/\/api.w.org\/{rel}","templated":true}]}}