{"id":2944,"date":"2020-05-08T18:39:53","date_gmt":"2020-05-08T16:39:53","guid":{"rendered":"http:\/\/agora.xtec.cat\/iesjoanamigo\/?p=2944"},"modified":"2020-05-29T19:01:27","modified_gmt":"2020-05-29T17:01:27","slug":"preinscripcio-eso-2020-2021","status":"publish","type":"post","link":"https:\/\/agora.xtec.cat\/iesjoanamigo\/portada\/preinscripcio-eso-2020-2021\/","title":{"rendered":"Preinscripci\u00f3 ESO 2020-2021"},"content":{"rendered":"<p>Benvolgudes fam\u00edlies,<\/p>\n<p>La preinscripci\u00f3 per al curs 2020-2021, ser\u00e0 del <strong>13 al 22 de maig de 2020<\/strong>.<\/p>\n<p>Per m\u00e9s informaci\u00f3, anar al web de la Preinscripci\u00f3 del curs 2020-2021 a <a href=\"http:\/\/queestudiar.gencat.cat\/ca\/preinscripcio\/estudis\/obligatoris\/\">aqu\u00ed<\/a>. Durant el per\u00edode de preinscripci\u00f3 podreu trucar al tel\u00e8fon del centre (977 87 01 54) o al tel\u00e8fon m\u00f2bil habilitat (717 70 58 96); per una opci\u00f3 o l&#8217;altra, l&#8217;horari d&#8217;informaci\u00f3 seran els dies h\u00e0bils d&#8217;11 a 13 hores i de 17 a 18 hores.<\/p>\n<p>Tenir en compte que alhora d&#8217;omplir la preinscripci\u00f3 us demanar\u00e0 el codi del centre, el nostre \u00e9s el 43006617.<\/p>\n<p>Per fer la presentaci\u00f3 de la sol\u00b7licitud de preinscripci\u00f3 es pot realitzar de dues maneres:<br \/>\n<a id=\"telematica\"><\/a><br \/>\n1- <strong>Telem\u00e0ticament<\/strong>. Del 13 al 22 de maig de 2020.<\/p>\n<p>Per tal de reduir la pres\u00e8ncia de les fam\u00edlies en els centres educatius, es promou l&#8217;\u00fas de la <a href=\"https:\/\/aplicacions.gestioeducativa.gencat.cat\/pls\/apex\/f?p=20160079072543618:5:::NO:RP,5,10,15,20,25::&amp;cs=3jyMo0-qnTKA33ka5LdUZEK1PjA0\">sol\u00b7licitud en suport inform\u00e0tic<\/a>. S&#8217;elimina la necessitat de presentar la sol\u00b7licitud i la documentaci\u00f3 en paper al centre, i queda substitu\u00efda per l&#8217;enviament del resguard de la sol\u00b7licitud i la documentaci\u00f3 necess\u00e0ria, escanejada o fotografiada, mitjan\u00e7ant un correu a la b\u00fastia electr\u00f2nica oficial del centre demanat en primera opci\u00f3.<\/p>\n<p>El correu electr\u00f2nic oficial on enviar la documentaci\u00f3 \u00e9s <a href=\"mailto:preinscripcio@insjoanamigo.cat\" target=\"_blank\" rel=\"noopener noreferrer\">preinscripcio@insjoanamigo.cat<\/a>, fins al 25 de maig de 2020. El centre us respondr\u00e0 al correu, com a justificant de la formalitzaci\u00f3 de la sol\u00b7licitud de preinscripci\u00f3.<br \/>\n<a id=\"presencial\"><\/a><br \/>\n<span style=\"font-family: inherit; font-size: 1em;\">2- <strong>Presencial amb cita pr\u00e8via<\/strong>. Del 19 al 22 de maig de 2020.<\/span><\/p>\n<p>De manera excepcional, per als casos en qu\u00e8 els sol\u00b7licitants no puguin fer la presentaci\u00f3 telem\u00e0tica, es podr\u00e0 fer de manera presencial nom\u00e9s amb cita pr\u00e8via. Us podeu descarregar la <a href=\"https:\/\/agora.xtec.cat\/iesjoanamigo\/wp-content\/uploads\/usu506\/2020\/05\/Sol\u00b7licitud-preinscripci\u00f3.pdf\">sol\u00b7licitud de preinscripci\u00f3<\/a> (nom\u00e9s per a casos excepcionals). Per concertar la cita pr\u00e8via polseu a <a href=\"https:\/\/aplicacions.gestioeducativa.gencat.cat\/pls\/apex\/f?p=CITA_PREVIA:4::::4:P4_TIPUS_CALENDARI,P4_DOMINI:01_Oblig,43006617 \">aquest enlla\u00e7<\/a>.<\/p>\n<p>Orientacions de com es far\u00e0 l&#8217;atenci\u00f3 presencial:<\/p>\n<ul>\n<li>Nom\u00e9s pot anar al centre una persona per preinscripci\u00f3.<\/li>\n<li>Cal portar l&#8217;equip de protecci\u00f3 individual (guants i mascareta de protecci\u00f3).<\/li>\n<li>Es recomana que cadasc\u00fa es porti el seu propi bol\u00edgraf.<\/li>\n<li>Han de portar la documentaci\u00f3 per a poder-la escanejar o fotocopiar i, si pot ser, la sol\u00b7licitud emplenada des de casa.<\/li>\n<li><span style=\"font-family: inherit; font-size: 1em;\">No podran entrar<\/span> al centre les persones vulnerables i menors d&#8217;edat; en aquest cas, poden autoritzar per escrit a una altra persona a portar la sol\u00b7licitud i la documentaci\u00f3.<\/li>\n<\/ul>\n<p>Informaci\u00f3 a adjuntar amb la sol\u00b7licitud de preinscripci\u00f3 (enviada per correu electr\u00f2nic):<\/p>\n<ol>\n<li>El llibre de fam\u00edlia o altres documents relatius a la filiaci\u00f3. Si l&#8217;alumne o alumna est\u00e0 en situaci\u00f3 d&#8217;acolliment, la resoluci\u00f3 d&#8217;acolliment del Departament de Treball, Afers Socials i Fam\u00edlies.<\/li>\n<li>El DNI de la persona sol\u00b7licitant (pare, mare, tutor\/a o guardador\/a de fet) o, si el sol\u00b7licitant \u00e9s estranger, de la targeta de resid\u00e8ncia on consta el NIE o el passaport. Si es tracta d&#8217;estrangers comunitaris, document d&#8217;identitat del pa\u00eds d&#8217;origen.<\/li>\n<li>El DNI de l&#8217;alumne o alumna major de 14 anys o si t\u00e9 DNI tot i ser menor de 14 anys.<\/li>\n<li>Original i fotoc\u00f2pia dels documents acreditatius dels criteris que s&#8217;al\u00b7leguin:\n<ul>\n<li>carnet de fam\u00edlia nombrosa o monoparental.<\/li>\n<li>carnet discapacitat de pare\/mare\/germ\u00e0\/alumne.<\/li>\n<li>certificat de la renda m\u00ednima.<\/li>\n<\/ul>\n<\/li>\n<\/ol>\n","protected":false},"excerpt":{"rendered":"<p>Benvolgudes fam\u00edlies, La preinscripci\u00f3 per al curs 2020-2021, ser\u00e0 del 13 al 22 de maig de 2020. Per m\u00e9s informaci\u00f3, anar al web de la Preinscripci\u00f3 del curs 2020-2021 a aqu\u00ed. Durant el per\u00edode de preinscripci\u00f3 podreu trucar al tel\u00e8fon del centre (977 87 01 54) o al tel\u00e8fon m\u00f2bil habilitat (717 70 58 96); [&hellip;]<\/p>\n","protected":false},"author":1,"featured_media":0,"comment_status":"open","ping_status":"closed","sticky":false,"template":"","format":"standard","meta":{"_bbp_topic_count":0,"_bbp_reply_count":0,"_bbp_total_topic_count":0,"_bbp_total_reply_count":0,"_bbp_voice_count":0,"_bbp_anonymous_reply_count":0,"_bbp_topic_count_hidden":0,"_bbp_reply_count_hidden":0,"_bbp_forum_subforum_count":0,"site-sidebar-layout":"default","site-content-layout":"","ast-site-content-layout":"","site-content-style":"default","site-sidebar-style":"default","ast-global-header-display":"","ast-banner-title-visibility":"","ast-main-header-display":"","ast-hfb-above-header-display":"","ast-hfb-below-header-display":"","ast-hfb-mobile-header-display":"","site-post-title":"","ast-breadcrumbs-content":"","ast-featured-img":"","footer-sml-layout":"","theme-transparent-header-meta":"","adv-header-id-meta":"","stick-header-meta":"","header-above-stick-meta":"","header-main-stick-meta":"","header-below-stick-meta":"","astra-migrate-meta-layouts":"default","ast-page-background-enabled":"default","ast-page-background-meta":{"desktop":{"background-color":"var(--ast-global-color-4)","background-image":"","background-repeat":"repeat","background-position":"center center","background-size":"auto","background-attachment":"scroll","background-type":"","background-media":"","overlay-type":"","overlay-color":"","overlay-opacity":"","overlay-gradient":""},"tablet":{"background-color":"","background-image":"","background-repeat":"repeat","background-position":"center center","background-size":"auto","background-attachment":"scroll","background-type":"","background-media":"","overlay-type":"","overlay-color":"","overlay-opacity":"","overlay-gradient":""},"mobile":{"background-color":"","background-image":"","background-repeat":"repeat","background-position":"center center","background-size":"auto","background-attachment":"scroll","background-type":"","background-media":"","overlay-type":"","overlay-color":"","overlay-opacity":"","overlay-gradient":""}},"ast-content-background-meta":{"desktop":{"background-color":"var(--ast-global-color-5)","background-image":"","background-repeat":"repeat","background-position":"center center","background-size":"auto","background-attachment":"scroll","background-type":"","background-media":"","overlay-type":"","overlay-color":"","overlay-opacity":"","overlay-gradient":""},"tablet":{"background-color":"var(--ast-global-color-5)","background-image":"","background-repeat":"repeat","background-position":"center center","background-size":"auto","background-attachment":"scroll","background-type":"","background-media":"","overlay-type":"","overlay-color":"","overlay-opacity":"","overlay-gradient":""},"mobile":{"background-color":"var(--ast-global-color-5)","background-image":"","background-repeat":"repeat","background-position":"center center","background-size":"auto","background-attachment":"scroll","background-type":"","background-media":"","overlay-type":"","overlay-color":"","overlay-opacity":"","overlay-gradient":""}},"footnotes":""},"categories":[29],"tags":[],"class_list":["post-2944","post","type-post","status-publish","format-standard","hentry","category-portada"],"post_mailing_queue_ids":[],"_links":{"self":[{"href":"https:\/\/agora.xtec.cat\/iesjoanamigo\/wp-json\/wp\/v2\/posts\/2944","targetHints":{"allow":["GET"]}}],"collection":[{"href":"https:\/\/agora.xtec.cat\/iesjoanamigo\/wp-json\/wp\/v2\/posts"}],"about":[{"href":"https:\/\/agora.xtec.cat\/iesjoanamigo\/wp-json\/wp\/v2\/types\/post"}],"author":[{"embeddable":true,"href":"https:\/\/agora.xtec.cat\/iesjoanamigo\/wp-json\/wp\/v2\/users\/1"}],"replies":[{"embeddable":true,"href":"https:\/\/agora.xtec.cat\/iesjoanamigo\/wp-json\/wp\/v2\/comments?post=2944"}],"version-history":[{"count":3,"href":"https:\/\/agora.xtec.cat\/iesjoanamigo\/wp-json\/wp\/v2\/posts\/2944\/revisions"}],"predecessor-version":[{"id":2998,"href":"https:\/\/agora.xtec.cat\/iesjoanamigo\/wp-json\/wp\/v2\/posts\/2944\/revisions\/2998"}],"wp:attachment":[{"href":"https:\/\/agora.xtec.cat\/iesjoanamigo\/wp-json\/wp\/v2\/media?parent=2944"}],"wp:term":[{"taxonomy":"category","embeddable":true,"href":"https:\/\/agora.xtec.cat\/iesjoanamigo\/wp-json\/wp\/v2\/categories?post=2944"},{"taxonomy":"post_tag","embeddable":true,"href":"https:\/\/agora.xtec.cat\/iesjoanamigo\/wp-json\/wp\/v2\/tags?post=2944"}],"curies":[{"name":"wp","href":"https:\/\/api.w.org\/{rel}","templated":true}]}}