{"id":2938,"date":"2020-05-15T09:00:04","date_gmt":"2020-05-15T07:00:04","guid":{"rendered":"http:\/\/agora.xtec.cat\/iesjoanamigo\/?p=2938"},"modified":"2020-05-15T08:07:25","modified_gmt":"2020-05-15T06:07:25","slug":"feines-telematiques-setmana-5-15-de-maig","status":"publish","type":"post","link":"https:\/\/agora.xtec.cat\/iesjoanamigo\/general\/feines-telematiques-setmana-5-15-de-maig\/","title":{"rendered":"Feines telem\u00e0tiques setmana 5 (15 de maig)"},"content":{"rendered":"<p>Les feines telem\u00e0tiques de cada curs, publicats el 8 de maig, s\u00f3n els seg\u00fcents:<\/p>\n<ul>\n<li><a href=\"https:\/\/docs.google.com\/document\/d\/1aI-BLlrJkGfHR5txQHMiZMy7GkGA7iOyqfpEMagRE4c\/edit?usp=sharing\">1r ESO<\/a>.<\/li>\n<li><a href=\"https:\/\/docs.google.com\/document\/d\/1dQ-egKm50CURQ_8D1wMWfgRB017YdRN2ksUtOqTX_t0\/edit?usp=sharing\">2n ESO<\/a>.<\/li>\n<li><a href=\"https:\/\/docs.google.com\/document\/d\/1rAYpvRmCiDHTUjjwsKiY5tUMSMvQp3oR5cFUs2ZgwtU\/edit?usp=sharing\">3r ESO<\/a>.<\/li>\n<li><a href=\"https:\/\/docs.google.com\/document\/d\/1LIgbFShrv9pKf-Ubv9Qe7DRxnIqlM9p66ewGX_dOp5w\/edit?usp=sharing\">4t ESO<\/a>.<\/li>\n<li><a href=\"https:\/\/docs.google.com\/document\/d\/11FoXwewrCucWXn1c8rv7vF3MzJ7zZVSahHvp5s3ibJo\/edit?usp=sharing\">Implica&#8217;t<\/a>.<\/li>\n<li><a href=\"https:\/\/docs.google.com\/document\/d\/1QXRMSJ8PT6gC2b2VrOPXI852B7z9e7qlKs7vR10uaBA\/edit?usp=sharing\">1r SMX<\/a>.<\/li>\n<\/ul>\n<p>Pel que fa a l&#8217;horari de reunions planificat (<a href=\"https:\/\/agora.xtec.cat\/iesjoanamigo\/wp-content\/uploads\/usu506\/2020\/04\/Horari-atenci\u00f3-professorat-x-lalumnat-1.docx\">veure&#8217;l<\/a>) s&#8217;han concretat reunions per confer\u00e8ncia que podreu veure al vostre calendari del correu electr\u00f2nic de l&#8217;institut, sin\u00f3 tamb\u00e9 podeu consultar <a href=\"https:\/\/docs.google.com\/document\/d\/1fEjuT1bZpUWJeWmyGAkWSovDGRyrG1la9rAxFrRQcrM\/edit?usp=sharing\">l&#8217;horari i els enlla\u00e7os<\/a>.<\/p>\n<p>Atentament,<\/p>\n<p>El claustre de professors.<\/p>\n","protected":false},"excerpt":{"rendered":"<p>Les feines telem\u00e0tiques de cada curs, publicats el 8 de maig, s\u00f3n els seg\u00fcents: 1r ESO. 2n ESO. 3r ESO. 4t ESO. Implica&#8217;t. 1r SMX. Pel que fa a l&#8217;horari de reunions planificat (veure&#8217;l) s&#8217;han concretat reunions per confer\u00e8ncia que podreu veure al vostre calendari del correu electr\u00f2nic de l&#8217;institut, sin\u00f3 tamb\u00e9 podeu consultar l&#8217;horari [&hellip;]<\/p>\n","protected":false},"author":1,"featured_media":0,"comment_status":"open","ping_status":"closed","sticky":false,"template":"","format":"standard","meta":{"_bbp_topic_count":0,"_bbp_reply_count":0,"_bbp_total_topic_count":0,"_bbp_total_reply_count":0,"_bbp_voice_count":0,"_bbp_anonymous_reply_count":0,"_bbp_topic_count_hidden":0,"_bbp_reply_count_hidden":0,"_bbp_forum_subforum_count":0,"site-sidebar-layout":"default","site-content-layout":"","ast-site-content-layout":"","site-content-style":"default","site-sidebar-style":"default","ast-global-header-display":"","ast-banner-title-visibility":"","ast-main-header-display":"","ast-hfb-above-header-display":"","ast-hfb-below-header-display":"","ast-hfb-mobile-header-display":"","site-post-title":"","ast-breadcrumbs-content":"","ast-featured-img":"","footer-sml-layout":"","theme-transparent-header-meta":"","adv-header-id-meta":"","stick-header-meta":"","header-above-stick-meta":"","header-main-stick-meta":"","header-below-stick-meta":"","astra-migrate-meta-layouts":"default","ast-page-background-enabled":"default","ast-page-background-meta":{"desktop":{"background-color":"var(--ast-global-color-4)","background-image":"","background-repeat":"repeat","background-position":"center center","background-size":"auto","background-attachment":"scroll","background-type":"","background-media":"","overlay-type":"","overlay-color":"","overlay-opacity":"","overlay-gradient":""},"tablet":{"background-color":"","background-image":"","background-repeat":"repeat","background-position":"center center","background-size":"auto","background-attachment":"scroll","background-type":"","background-media":"","overlay-type":"","overlay-color":"","overlay-opacity":"","overlay-gradient":""},"mobile":{"background-color":"","background-image":"","background-repeat":"repeat","background-position":"center center","background-size":"auto","background-attachment":"scroll","background-type":"","background-media":"","overlay-type":"","overlay-color":"","overlay-opacity":"","overlay-gradient":""}},"ast-content-background-meta":{"desktop":{"background-color":"var(--ast-global-color-5)","background-image":"","background-repeat":"repeat","background-position":"center center","background-size":"auto","background-attachment":"scroll","background-type":"","background-media":"","overlay-type":"","overlay-color":"","overlay-opacity":"","overlay-gradient":""},"tablet":{"background-color":"var(--ast-global-color-5)","background-image":"","background-repeat":"repeat","background-position":"center center","background-size":"auto","background-attachment":"scroll","background-type":"","background-media":"","overlay-type":"","overlay-color":"","overlay-opacity":"","overlay-gradient":""},"mobile":{"background-color":"var(--ast-global-color-5)","background-image":"","background-repeat":"repeat","background-position":"center center","background-size":"auto","background-attachment":"scroll","background-type":"","background-media":"","overlay-type":"","overlay-color":"","overlay-opacity":"","overlay-gradient":""}},"footnotes":""},"categories":[1,29],"tags":[],"class_list":["post-2938","post","type-post","status-publish","format-standard","hentry","category-general","category-portada"],"post_mailing_queue_ids":[],"_links":{"self":[{"href":"https:\/\/agora.xtec.cat\/iesjoanamigo\/wp-json\/wp\/v2\/posts\/2938","targetHints":{"allow":["GET"]}}],"collection":[{"href":"https:\/\/agora.xtec.cat\/iesjoanamigo\/wp-json\/wp\/v2\/posts"}],"about":[{"href":"https:\/\/agora.xtec.cat\/iesjoanamigo\/wp-json\/wp\/v2\/types\/post"}],"author":[{"embeddable":true,"href":"https:\/\/agora.xtec.cat\/iesjoanamigo\/wp-json\/wp\/v2\/users\/1"}],"replies":[{"embeddable":true,"href":"https:\/\/agora.xtec.cat\/iesjoanamigo\/wp-json\/wp\/v2\/comments?post=2938"}],"version-history":[{"count":2,"href":"https:\/\/agora.xtec.cat\/iesjoanamigo\/wp-json\/wp\/v2\/posts\/2938\/revisions"}],"predecessor-version":[{"id":2963,"href":"https:\/\/agora.xtec.cat\/iesjoanamigo\/wp-json\/wp\/v2\/posts\/2938\/revisions\/2963"}],"wp:attachment":[{"href":"https:\/\/agora.xtec.cat\/iesjoanamigo\/wp-json\/wp\/v2\/media?parent=2938"}],"wp:term":[{"taxonomy":"category","embeddable":true,"href":"https:\/\/agora.xtec.cat\/iesjoanamigo\/wp-json\/wp\/v2\/categories?post=2938"},{"taxonomy":"post_tag","embeddable":true,"href":"https:\/\/agora.xtec.cat\/iesjoanamigo\/wp-json\/wp\/v2\/tags?post=2938"}],"curies":[{"name":"wp","href":"https:\/\/api.w.org\/{rel}","templated":true}]}}