{"id":2907,"date":"2020-04-14T13:35:08","date_gmt":"2020-04-14T11:35:08","guid":{"rendered":"http:\/\/agora.xtec.cat\/iesjoanamigo\/?p=2907"},"modified":"2020-04-14T13:42:46","modified_gmt":"2020-04-14T11:42:46","slug":"organitzacio-3a-avaluacio","status":"publish","type":"post","link":"https:\/\/agora.xtec.cat\/iesjoanamigo\/portada\/organitzacio-3a-avaluacio\/","title":{"rendered":"Organitzaci\u00f3 3a avaluaci\u00f3"},"content":{"rendered":"<p>Benvolgudes fam\u00edlies,<\/p>\n<p>A partir del dimecres 15 d\u2019abril, iniciem, d&#8217;acord amb les instruccions rebudes per part del Departament d&#8217;Educaci\u00f3, la 3a avaluaci\u00f3. Aquesta ser\u00e0 avaluable i qualificable.<\/p>\n<p>Degut a la situaci\u00f3 en que ens trobem, hem considerat convenient organitzar-nos de la seg\u00fcent manera: cada divendres, a partir de les 9 del mat\u00ed, podreu consultar la p\u00e0gina web del centre, on trobareu un document, organitzat per cursos, amb les tasques de cada mat\u00e8ria que l&#8217;alumnat haur\u00e0 de realitzar i entregar al llarg de la setmana.<\/p>\n<p>Per poder consultar dubtes de cada mat\u00e8ria, trobareu un <a href=\"https:\/\/agora.xtec.cat\/iesjoanamigo\/wp-content\/uploads\/usu506\/2020\/04\/Horari-atenci\u00f3-professorat-x-lalumnat-1.docx\">horari d&#8217;atenci\u00f3 del professorat per l&#8217;alumnat<\/a>, amb qui podreu contactar via Meet un dia i hora concret de la setmana.<\/p>\n<p>Tamb\u00e9 creiem que \u00e9s molt important continuar amb l&#8217;atenci\u00f3 individualitzada per part dels vostres tutors\/es. Aix\u00ed doncs, trobareu tamb\u00e9 un horari d&#8217;atenci\u00f3 per poder-vos connectar amb els vostres tutors\/es individuals (l&#8217;horari est\u00e0 al mateix fitxer de l&#8217;atenci\u00f3 del professorat a l&#8217;alumnat).<\/p>\n<p>Aix\u00ed doncs, a partir d&#8217;aquest divendres 17 d\u2019abril ja podeu consultar la web del centre, on tindreu detallades les tasques que heu de realitzar, com les heu d\u2019entregar i com se us avaluar\u00e0. El mateix divendres cada tutor\/a individual ja estar\u00e0 disponible de 12 a 13h per resoldre dubtes i inquietuds.<\/p>\n<p>Per qualsevol dubte relacionat amb l&#8217;organitzaci\u00f3 de la 3a avaluaci\u00f3 contacteu amb el tutor\/a individual.<\/p>\n<p>Atentament,<\/p>\n<p>La direcci\u00f3.<\/p>\n","protected":false},"excerpt":{"rendered":"<p>Benvolgudes fam\u00edlies, A partir del dimecres 15 d\u2019abril, iniciem, d&#8217;acord amb les instruccions rebudes per part del Departament d&#8217;Educaci\u00f3, la 3a avaluaci\u00f3. Aquesta ser\u00e0 avaluable i qualificable. Degut a la situaci\u00f3 en que ens trobem, hem considerat convenient organitzar-nos de la seg\u00fcent manera: cada divendres, a partir de les 9 del mat\u00ed, podreu consultar la [&hellip;]<\/p>\n","protected":false},"author":1,"featured_media":0,"comment_status":"open","ping_status":"closed","sticky":false,"template":"","format":"standard","meta":{"_bbp_topic_count":0,"_bbp_reply_count":0,"_bbp_total_topic_count":0,"_bbp_total_reply_count":0,"_bbp_voice_count":0,"_bbp_anonymous_reply_count":0,"_bbp_topic_count_hidden":0,"_bbp_reply_count_hidden":0,"_bbp_forum_subforum_count":0,"site-sidebar-layout":"default","site-content-layout":"","ast-site-content-layout":"","site-content-style":"default","site-sidebar-style":"default","ast-global-header-display":"","ast-banner-title-visibility":"","ast-main-header-display":"","ast-hfb-above-header-display":"","ast-hfb-below-header-display":"","ast-hfb-mobile-header-display":"","site-post-title":"","ast-breadcrumbs-content":"","ast-featured-img":"","footer-sml-layout":"","theme-transparent-header-meta":"","adv-header-id-meta":"","stick-header-meta":"","header-above-stick-meta":"","header-main-stick-meta":"","header-below-stick-meta":"","astra-migrate-meta-layouts":"default","ast-page-background-enabled":"default","ast-page-background-meta":{"desktop":{"background-color":"var(--ast-global-color-4)","background-image":"","background-repeat":"repeat","background-position":"center center","background-size":"auto","background-attachment":"scroll","background-type":"","background-media":"","overlay-type":"","overlay-color":"","overlay-opacity":"","overlay-gradient":""},"tablet":{"background-color":"","background-image":"","background-repeat":"repeat","background-position":"center center","background-size":"auto","background-attachment":"scroll","background-type":"","background-media":"","overlay-type":"","overlay-color":"","overlay-opacity":"","overlay-gradient":""},"mobile":{"background-color":"","background-image":"","background-repeat":"repeat","background-position":"center center","background-size":"auto","background-attachment":"scroll","background-type":"","background-media":"","overlay-type":"","overlay-color":"","overlay-opacity":"","overlay-gradient":""}},"ast-content-background-meta":{"desktop":{"background-color":"var(--ast-global-color-5)","background-image":"","background-repeat":"repeat","background-position":"center center","background-size":"auto","background-attachment":"scroll","background-type":"","background-media":"","overlay-type":"","overlay-color":"","overlay-opacity":"","overlay-gradient":""},"tablet":{"background-color":"var(--ast-global-color-5)","background-image":"","background-repeat":"repeat","background-position":"center center","background-size":"auto","background-attachment":"scroll","background-type":"","background-media":"","overlay-type":"","overlay-color":"","overlay-opacity":"","overlay-gradient":""},"mobile":{"background-color":"var(--ast-global-color-5)","background-image":"","background-repeat":"repeat","background-position":"center center","background-size":"auto","background-attachment":"scroll","background-type":"","background-media":"","overlay-type":"","overlay-color":"","overlay-opacity":"","overlay-gradient":""}},"footnotes":""},"categories":[29],"tags":[132,130],"class_list":["post-2907","post","type-post","status-publish","format-standard","hentry","category-portada","tag-covid-19","tag-curs-2019-2020"],"post_mailing_queue_ids":[],"_links":{"self":[{"href":"https:\/\/agora.xtec.cat\/iesjoanamigo\/wp-json\/wp\/v2\/posts\/2907","targetHints":{"allow":["GET"]}}],"collection":[{"href":"https:\/\/agora.xtec.cat\/iesjoanamigo\/wp-json\/wp\/v2\/posts"}],"about":[{"href":"https:\/\/agora.xtec.cat\/iesjoanamigo\/wp-json\/wp\/v2\/types\/post"}],"author":[{"embeddable":true,"href":"https:\/\/agora.xtec.cat\/iesjoanamigo\/wp-json\/wp\/v2\/users\/1"}],"replies":[{"embeddable":true,"href":"https:\/\/agora.xtec.cat\/iesjoanamigo\/wp-json\/wp\/v2\/comments?post=2907"}],"version-history":[{"count":3,"href":"https:\/\/agora.xtec.cat\/iesjoanamigo\/wp-json\/wp\/v2\/posts\/2907\/revisions"}],"predecessor-version":[{"id":2912,"href":"https:\/\/agora.xtec.cat\/iesjoanamigo\/wp-json\/wp\/v2\/posts\/2907\/revisions\/2912"}],"wp:attachment":[{"href":"https:\/\/agora.xtec.cat\/iesjoanamigo\/wp-json\/wp\/v2\/media?parent=2907"}],"wp:term":[{"taxonomy":"category","embeddable":true,"href":"https:\/\/agora.xtec.cat\/iesjoanamigo\/wp-json\/wp\/v2\/categories?post=2907"},{"taxonomy":"post_tag","embeddable":true,"href":"https:\/\/agora.xtec.cat\/iesjoanamigo\/wp-json\/wp\/v2\/tags?post=2907"}],"curies":[{"name":"wp","href":"https:\/\/api.w.org\/{rel}","templated":true}]}}