{"id":2852,"date":"2020-03-12T12:44:53","date_gmt":"2020-03-12T11:44:53","guid":{"rendered":"http:\/\/agora.xtec.cat\/iesjoanamigo\/?p=2852"},"modified":"2020-03-13T11:49:53","modified_gmt":"2020-03-13T10:49:53","slug":"comunicat-del-coronavirus","status":"publish","type":"post","link":"https:\/\/agora.xtec.cat\/iesjoanamigo\/general\/comunicat-del-coronavirus\/","title":{"rendered":"Comunicat del coronavirus"},"content":{"rendered":"<p>Benvolgudes fam\u00edlies,<\/p>\n<p>Donat que el Departament d&#8217;Educaci\u00f3 ens ha fet arribar mesures de prevenci\u00f3 en relaci\u00f3 al Coronavirus (<a href=\"http:\/\/ensenyament.gencat.cat\/ca\/inici\/nota-premsa\/?id=383825\">http:\/\/ensenyament.gencat.cat\/ca\/inici\/nota-premsa\/?id=383825<\/a>), us informem que se suspenen les activitats no lectives fora del centre que impliqui professorat o personal no docent o alumnat de diversos centres simult\u00e0niament.<\/p>\n<p>Aix\u00f2 inclou: de moment no realitzeu el segon pagament dels Treball de S\u00edntesi de 1r, 2n i 3r d&#8217;ESO fins a nous comunicats, queda susp\u00e8s el Servei Comunitari de 3r d&#8217;ESO i la sortida a l&#8217;Espai de l&#8217;Estudiant de 4rt d&#8217;ESO (12\/03). Tamb\u00e9 queden suspeses les activitats del Certamen de Lectura en Veu Alta i el Fem Matem\u00e0tiques. Pel que fa refer\u00e8ncia al viatge de final de curs de 4rt, seguim en contacte amb l&#8217;ag\u00e8ncia i quedem a l&#8217;espera de nous avisos.<\/p>\n<p>A dia d&#8217;avui mantenim les portes obertes previstes pel dia 18 de mar\u00e7.<\/p>\n<p>Quan disposem de m\u00e9s informaci\u00f3 us la farem arribar.<\/p>\n<p>La direcci\u00f3<\/p>\n<p>Per a m\u00e9s informaci\u00f3 sobre aquest virus us recordem l&#8217;enlla\u00e7 seg\u00fcent del Departament de Salut: <a href=\"http:\/\/canalsalut.gencat.cat\/coronavirus\">http:\/\/canalsalut.gencat.cat\/coronavirus<\/a><\/p>\n","protected":false},"excerpt":{"rendered":"<p>Benvolgudes fam\u00edlies, Donat que el Departament d&#8217;Educaci\u00f3 ens ha fet arribar mesures de prevenci\u00f3 en relaci\u00f3 al Coronavirus (http:\/\/ensenyament.gencat.cat\/ca\/inici\/nota-premsa\/?id=383825), us informem que se suspenen les activitats no lectives fora del centre que impliqui professorat o personal no docent o alumnat de diversos centres simult\u00e0niament. Aix\u00f2 inclou: de moment no realitzeu el segon pagament dels Treball [&hellip;]<\/p>\n","protected":false},"author":1,"featured_media":0,"comment_status":"open","ping_status":"closed","sticky":false,"template":"","format":"standard","meta":{"_bbp_topic_count":0,"_bbp_reply_count":0,"_bbp_total_topic_count":0,"_bbp_total_reply_count":0,"_bbp_voice_count":0,"_bbp_anonymous_reply_count":0,"_bbp_topic_count_hidden":0,"_bbp_reply_count_hidden":0,"_bbp_forum_subforum_count":0,"site-sidebar-layout":"default","site-content-layout":"","ast-site-content-layout":"","site-content-style":"default","site-sidebar-style":"default","ast-global-header-display":"","ast-banner-title-visibility":"","ast-main-header-display":"","ast-hfb-above-header-display":"","ast-hfb-below-header-display":"","ast-hfb-mobile-header-display":"","site-post-title":"","ast-breadcrumbs-content":"","ast-featured-img":"","footer-sml-layout":"","theme-transparent-header-meta":"","adv-header-id-meta":"","stick-header-meta":"","header-above-stick-meta":"","header-main-stick-meta":"","header-below-stick-meta":"","astra-migrate-meta-layouts":"default","ast-page-background-enabled":"default","ast-page-background-meta":{"desktop":{"background-color":"var(--ast-global-color-4)","background-image":"","background-repeat":"repeat","background-position":"center center","background-size":"auto","background-attachment":"scroll","background-type":"","background-media":"","overlay-type":"","overlay-color":"","overlay-opacity":"","overlay-gradient":""},"tablet":{"background-color":"","background-image":"","background-repeat":"repeat","background-position":"center center","background-size":"auto","background-attachment":"scroll","background-type":"","background-media":"","overlay-type":"","overlay-color":"","overlay-opacity":"","overlay-gradient":""},"mobile":{"background-color":"","background-image":"","background-repeat":"repeat","background-position":"center center","background-size":"auto","background-attachment":"scroll","background-type":"","background-media":"","overlay-type":"","overlay-color":"","overlay-opacity":"","overlay-gradient":""}},"ast-content-background-meta":{"desktop":{"background-color":"var(--ast-global-color-5)","background-image":"","background-repeat":"repeat","background-position":"center center","background-size":"auto","background-attachment":"scroll","background-type":"","background-media":"","overlay-type":"","overlay-color":"","overlay-opacity":"","overlay-gradient":""},"tablet":{"background-color":"var(--ast-global-color-5)","background-image":"","background-repeat":"repeat","background-position":"center center","background-size":"auto","background-attachment":"scroll","background-type":"","background-media":"","overlay-type":"","overlay-color":"","overlay-opacity":"","overlay-gradient":""},"mobile":{"background-color":"var(--ast-global-color-5)","background-image":"","background-repeat":"repeat","background-position":"center center","background-size":"auto","background-attachment":"scroll","background-type":"","background-media":"","overlay-type":"","overlay-color":"","overlay-opacity":"","overlay-gradient":""}},"footnotes":""},"categories":[1,29],"tags":[132,130],"class_list":["post-2852","post","type-post","status-publish","format-standard","hentry","category-general","category-portada","tag-covid-19","tag-curs-2019-2020"],"post_mailing_queue_ids":[],"_links":{"self":[{"href":"https:\/\/agora.xtec.cat\/iesjoanamigo\/wp-json\/wp\/v2\/posts\/2852","targetHints":{"allow":["GET"]}}],"collection":[{"href":"https:\/\/agora.xtec.cat\/iesjoanamigo\/wp-json\/wp\/v2\/posts"}],"about":[{"href":"https:\/\/agora.xtec.cat\/iesjoanamigo\/wp-json\/wp\/v2\/types\/post"}],"author":[{"embeddable":true,"href":"https:\/\/agora.xtec.cat\/iesjoanamigo\/wp-json\/wp\/v2\/users\/1"}],"replies":[{"embeddable":true,"href":"https:\/\/agora.xtec.cat\/iesjoanamigo\/wp-json\/wp\/v2\/comments?post=2852"}],"version-history":[{"count":1,"href":"https:\/\/agora.xtec.cat\/iesjoanamigo\/wp-json\/wp\/v2\/posts\/2852\/revisions"}],"predecessor-version":[{"id":2853,"href":"https:\/\/agora.xtec.cat\/iesjoanamigo\/wp-json\/wp\/v2\/posts\/2852\/revisions\/2853"}],"wp:attachment":[{"href":"https:\/\/agora.xtec.cat\/iesjoanamigo\/wp-json\/wp\/v2\/media?parent=2852"}],"wp:term":[{"taxonomy":"category","embeddable":true,"href":"https:\/\/agora.xtec.cat\/iesjoanamigo\/wp-json\/wp\/v2\/categories?post=2852"},{"taxonomy":"post_tag","embeddable":true,"href":"https:\/\/agora.xtec.cat\/iesjoanamigo\/wp-json\/wp\/v2\/tags?post=2852"}],"curies":[{"name":"wp","href":"https:\/\/api.w.org\/{rel}","templated":true}]}}