{"id":2803,"date":"2020-02-04T12:36:58","date_gmt":"2020-02-04T11:36:58","guid":{"rendered":"http:\/\/agora.xtec.cat\/iesjoanamigo\/?p=2803"},"modified":"2020-02-04T12:36:58","modified_gmt":"2020-02-04T11:36:58","slug":"participacio-de-linstitut-al-concurs-picalletres","status":"publish","type":"post","link":"https:\/\/agora.xtec.cat\/iesjoanamigo\/general\/participacio-de-linstitut-al-concurs-picalletres\/","title":{"rendered":"Participaci\u00f3 de l&#8217;Institut al concurs Picalletres"},"content":{"rendered":"<p><a href=\"https:\/\/agora.xtec.cat\/iesjoanamigo\/wp-content\/uploads\/usu506\/2020\/02\/picalletres.jpeg\"><img loading=\"lazy\" decoding=\"async\" class=\" wp-image-2802 aligncenter\" src=\"https:\/\/agora.xtec.cat\/iesjoanamigo\/wp-content\/uploads\/usu506\/2020\/02\/picalletres-300x225.jpeg\" alt=\"\" width=\"481\" height=\"362\" srcset=\"https:\/\/agora.xtec.cat\/iesjoanamigo\/wp-content\/uploads\/usu506\/2020\/02\/picalletres-300x225.jpeg 300w, https:\/\/agora.xtec.cat\/iesjoanamigo\/wp-content\/uploads\/usu506\/2020\/02\/picalletres-768x576.jpeg 768w, https:\/\/agora.xtec.cat\/iesjoanamigo\/wp-content\/uploads\/usu506\/2020\/02\/picalletres-1024x768.jpeg 1024w, https:\/\/agora.xtec.cat\/iesjoanamigo\/wp-content\/uploads\/usu506\/2020\/02\/picalletres-200x150.jpeg 200w\" sizes=\"auto, (max-width: 481px) 100vw, 481px\" \/><\/a><\/p>\n<p class=\"Cos\"><span lang=\"CA\" style=\"font-size: 12.0pt; font-family: 'Arial',sans-serif; background: white;\">La setmana passada, l&#8217;alumnat de 3r d&#8217;ESO va participar al concurs\u00a0<span class=\"il\">Pica<\/span>\u00a0<span class=\"il\">Lletres<\/span>, que emet per televisi\u00f3 la Xarxa de Comunicaci\u00f3 Local de Catalunya. Hi vam participar amb dos equips, formats pel Joel, la J\u00falia i l&#8217;Arnau i el Dani, l&#8217;\u00d2scar i el Mart\u00ed, que van ser les persones escollides entre totes aquelles que es van voler presentar a la preselecci\u00f3 a l&#8217;institut. La resta vam anar-hi de p\u00fablic i els vam animar tant com vam poder. Va ser una bona experi\u00e8ncia en tots els sentits: ens va servir per fer pinya (aix\u00f2 de competir sempre ajuda), vam estar tots pendents de l&#8217;ortografia per uns minuts, cosa que no passa cada dia, i vam tenir moments de calma i de molts nervis. Tot plegat, dies (i paraules) que recordarem! Quan s&#8217;emeti per televisi\u00f3 ja us ho farem saber i podreu descobrir quin va ser el resultat!<\/span><\/p>\n","protected":false},"excerpt":{"rendered":"<p>La setmana passada, l&#8217;alumnat de 3r d&#8217;ESO va participar al concurs\u00a0Pica\u00a0Lletres, que emet per televisi\u00f3 la Xarxa de Comunicaci\u00f3 Local de Catalunya. Hi vam participar amb dos equips, formats pel Joel, la J\u00falia i l&#8217;Arnau i el Dani, l&#8217;\u00d2scar i el Mart\u00ed, que van ser les persones escollides entre totes aquelles que es van voler [&hellip;]<\/p>\n","protected":false},"author":1,"featured_media":2802,"comment_status":"open","ping_status":"closed","sticky":false,"template":"","format":"standard","meta":{"_bbp_topic_count":0,"_bbp_reply_count":0,"_bbp_total_topic_count":0,"_bbp_total_reply_count":0,"_bbp_voice_count":0,"_bbp_anonymous_reply_count":0,"_bbp_topic_count_hidden":0,"_bbp_reply_count_hidden":0,"_bbp_forum_subforum_count":0,"site-sidebar-layout":"default","site-content-layout":"","ast-site-content-layout":"","site-content-style":"default","site-sidebar-style":"default","ast-global-header-display":"","ast-banner-title-visibility":"","ast-main-header-display":"","ast-hfb-above-header-display":"","ast-hfb-below-header-display":"","ast-hfb-mobile-header-display":"","site-post-title":"","ast-breadcrumbs-content":"","ast-featured-img":"","footer-sml-layout":"","theme-transparent-header-meta":"","adv-header-id-meta":"","stick-header-meta":"","header-above-stick-meta":"","header-main-stick-meta":"","header-below-stick-meta":"","astra-migrate-meta-layouts":"default","ast-page-background-enabled":"default","ast-page-background-meta":{"desktop":{"background-color":"var(--ast-global-color-4)","background-image":"","background-repeat":"repeat","background-position":"center center","background-size":"auto","background-attachment":"scroll","background-type":"","background-media":"","overlay-type":"","overlay-color":"","overlay-opacity":"","overlay-gradient":""},"tablet":{"background-color":"","background-image":"","background-repeat":"repeat","background-position":"center center","background-size":"auto","background-attachment":"scroll","background-type":"","background-media":"","overlay-type":"","overlay-color":"","overlay-opacity":"","overlay-gradient":""},"mobile":{"background-color":"","background-image":"","background-repeat":"repeat","background-position":"center center","background-size":"auto","background-attachment":"scroll","background-type":"","background-media":"","overlay-type":"","overlay-color":"","overlay-opacity":"","overlay-gradient":""}},"ast-content-background-meta":{"desktop":{"background-color":"var(--ast-global-color-5)","background-image":"","background-repeat":"repeat","background-position":"center center","background-size":"auto","background-attachment":"scroll","background-type":"","background-media":"","overlay-type":"","overlay-color":"","overlay-opacity":"","overlay-gradient":""},"tablet":{"background-color":"var(--ast-global-color-5)","background-image":"","background-repeat":"repeat","background-position":"center center","background-size":"auto","background-attachment":"scroll","background-type":"","background-media":"","overlay-type":"","overlay-color":"","overlay-opacity":"","overlay-gradient":""},"mobile":{"background-color":"var(--ast-global-color-5)","background-image":"","background-repeat":"repeat","background-position":"center center","background-size":"auto","background-attachment":"scroll","background-type":"","background-media":"","overlay-type":"","overlay-color":"","overlay-opacity":"","overlay-gradient":""}},"footnotes":""},"categories":[1,29],"tags":[130],"class_list":["post-2803","post","type-post","status-publish","format-standard","has-post-thumbnail","hentry","category-general","category-portada","tag-curs-2019-2020"],"post_mailing_queue_ids":[],"_links":{"self":[{"href":"https:\/\/agora.xtec.cat\/iesjoanamigo\/wp-json\/wp\/v2\/posts\/2803","targetHints":{"allow":["GET"]}}],"collection":[{"href":"https:\/\/agora.xtec.cat\/iesjoanamigo\/wp-json\/wp\/v2\/posts"}],"about":[{"href":"https:\/\/agora.xtec.cat\/iesjoanamigo\/wp-json\/wp\/v2\/types\/post"}],"author":[{"embeddable":true,"href":"https:\/\/agora.xtec.cat\/iesjoanamigo\/wp-json\/wp\/v2\/users\/1"}],"replies":[{"embeddable":true,"href":"https:\/\/agora.xtec.cat\/iesjoanamigo\/wp-json\/wp\/v2\/comments?post=2803"}],"version-history":[{"count":1,"href":"https:\/\/agora.xtec.cat\/iesjoanamigo\/wp-json\/wp\/v2\/posts\/2803\/revisions"}],"predecessor-version":[{"id":2804,"href":"https:\/\/agora.xtec.cat\/iesjoanamigo\/wp-json\/wp\/v2\/posts\/2803\/revisions\/2804"}],"wp:featuredmedia":[{"embeddable":true,"href":"https:\/\/agora.xtec.cat\/iesjoanamigo\/wp-json\/wp\/v2\/media\/2802"}],"wp:attachment":[{"href":"https:\/\/agora.xtec.cat\/iesjoanamigo\/wp-json\/wp\/v2\/media?parent=2803"}],"wp:term":[{"taxonomy":"category","embeddable":true,"href":"https:\/\/agora.xtec.cat\/iesjoanamigo\/wp-json\/wp\/v2\/categories?post=2803"},{"taxonomy":"post_tag","embeddable":true,"href":"https:\/\/agora.xtec.cat\/iesjoanamigo\/wp-json\/wp\/v2\/tags?post=2803"}],"curies":[{"name":"wp","href":"https:\/\/api.w.org\/{rel}","templated":true}]}}