{"id":2760,"date":"2019-12-11T11:15:59","date_gmt":"2019-12-11T10:15:59","guid":{"rendered":"http:\/\/agora.xtec.cat\/iesjoanamigo\/?p=2760"},"modified":"2019-12-11T11:15:59","modified_gmt":"2019-12-11T10:15:59","slug":"brigadistes-internacionals","status":"publish","type":"post","link":"https:\/\/agora.xtec.cat\/iesjoanamigo\/general\/brigadistes-internacionals\/","title":{"rendered":"Brigadistes internacionals"},"content":{"rendered":"<p>L\u2019alumnat de 4rt A de l\u2019institut Joan Amig\u00f3 ha tingut l\u2019oportunitat de con\u00e8ixer el paper dels brigadistes en la Guerra Civil aprofitant el seu pas per la vila, donat que el dia 25 d\u2019octubre del 1938, els brigadistes integrants de l\u2019ex\u00e8rcit de l\u2019Ebre, es van acomiadar a l\u2019indret aleshores conegut com \u201cVilla Engr\u00e0cia\u201d (l\u2019actual alberg Jaume I), procedents de l\u2019estaci\u00f3 de Mar\u00e7\u00e0. Uns 35.000 brigadistes procedents de 50 pa\u00efsos diferents van integrar aquest gruix de voluntaris, la majoria comunistes, als quals cal sumar uns 2.000 voluntaris relacionats amb les mil\u00edcies anarquistes i poumistes i amb el personal sanitari.<\/p>\n<p>Gr\u00e0cies al taller proposat pel Camp d\u2019aprenentatge Els Monestirs del C\u00edster, l\u2019alumnat ha pogut apropar-se a la hist\u00f2ria de primera m\u00e0. El taller ha tingut dues parts: primer una petita introducci\u00f3 a la Guerra Civil, material de guerra i composici\u00f3 del b\u00e0ndol republic\u00e0. I despr\u00e9s al pati del Camp d\u2019Aprenentatge l\u2019escenificaci\u00f3 i sessi\u00f3 fotogr\u00e0fica amb ajuda de documents del 25 d\u2019octubre del 1938.<\/p>\n<p>L\u2019experi\u00e8ncia ha estat molt enriquidora i ens ha ajudat a completar el nostre temari in situ. \u00c9s\u00a0 important con\u00e8ixer la hist\u00f2ria i les diferents ideologies en un espai de recreaci\u00f3 que permet aprendre aspectes concrets d\u2019un per\u00edode no massa lluny\u00e0 i on el nostre entorn hi va tenir un paper rellevant.<\/p>\n<p><a href=\"https:\/\/agora.xtec.cat\/iesjoanamigo\/wp-content\/uploads\/usu506\/2019\/12\/brigades.jpg\"><img loading=\"lazy\" decoding=\"async\" class=\"alignnone size-medium wp-image-2761\" src=\"https:\/\/agora.xtec.cat\/iesjoanamigo\/wp-content\/uploads\/usu506\/2019\/12\/brigades-300x225.jpg\" alt=\"\" width=\"300\" height=\"225\" srcset=\"https:\/\/agora.xtec.cat\/iesjoanamigo\/wp-content\/uploads\/usu506\/2019\/12\/brigades-300x225.jpg 300w, https:\/\/agora.xtec.cat\/iesjoanamigo\/wp-content\/uploads\/usu506\/2019\/12\/brigades-768x576.jpg 768w, https:\/\/agora.xtec.cat\/iesjoanamigo\/wp-content\/uploads\/usu506\/2019\/12\/brigades-1024x768.jpg 1024w, https:\/\/agora.xtec.cat\/iesjoanamigo\/wp-content\/uploads\/usu506\/2019\/12\/brigades-200x150.jpg 200w\" sizes=\"auto, (max-width: 300px) 100vw, 300px\" \/><\/a><\/p>\n","protected":false},"excerpt":{"rendered":"<p>L\u2019alumnat de 4rt A de l\u2019institut Joan Amig\u00f3 ha tingut l\u2019oportunitat de con\u00e8ixer el paper dels brigadistes en la Guerra Civil aprofitant el seu pas per la vila, donat que el dia 25 d\u2019octubre del 1938, els brigadistes integrants de l\u2019ex\u00e8rcit de l\u2019Ebre, es van acomiadar a l\u2019indret aleshores conegut com \u201cVilla Engr\u00e0cia\u201d (l\u2019actual alberg [&hellip;]<\/p>\n","protected":false},"author":1,"featured_media":2761,"comment_status":"open","ping_status":"closed","sticky":false,"template":"","format":"standard","meta":{"_bbp_topic_count":0,"_bbp_reply_count":0,"_bbp_total_topic_count":0,"_bbp_total_reply_count":0,"_bbp_voice_count":0,"_bbp_anonymous_reply_count":0,"_bbp_topic_count_hidden":0,"_bbp_reply_count_hidden":0,"_bbp_forum_subforum_count":0,"site-sidebar-layout":"default","site-content-layout":"","ast-site-content-layout":"","site-content-style":"default","site-sidebar-style":"default","ast-global-header-display":"","ast-banner-title-visibility":"","ast-main-header-display":"","ast-hfb-above-header-display":"","ast-hfb-below-header-display":"","ast-hfb-mobile-header-display":"","site-post-title":"","ast-breadcrumbs-content":"","ast-featured-img":"","footer-sml-layout":"","theme-transparent-header-meta":"","adv-header-id-meta":"","stick-header-meta":"","header-above-stick-meta":"","header-main-stick-meta":"","header-below-stick-meta":"","astra-migrate-meta-layouts":"default","ast-page-background-enabled":"default","ast-page-background-meta":{"desktop":{"background-color":"var(--ast-global-color-4)","background-image":"","background-repeat":"repeat","background-position":"center center","background-size":"auto","background-attachment":"scroll","background-type":"","background-media":"","overlay-type":"","overlay-color":"","overlay-opacity":"","overlay-gradient":""},"tablet":{"background-color":"","background-image":"","background-repeat":"repeat","background-position":"center center","background-size":"auto","background-attachment":"scroll","background-type":"","background-media":"","overlay-type":"","overlay-color":"","overlay-opacity":"","overlay-gradient":""},"mobile":{"background-color":"","background-image":"","background-repeat":"repeat","background-position":"center center","background-size":"auto","background-attachment":"scroll","background-type":"","background-media":"","overlay-type":"","overlay-color":"","overlay-opacity":"","overlay-gradient":""}},"ast-content-background-meta":{"desktop":{"background-color":"var(--ast-global-color-5)","background-image":"","background-repeat":"repeat","background-position":"center center","background-size":"auto","background-attachment":"scroll","background-type":"","background-media":"","overlay-type":"","overlay-color":"","overlay-opacity":"","overlay-gradient":""},"tablet":{"background-color":"var(--ast-global-color-5)","background-image":"","background-repeat":"repeat","background-position":"center center","background-size":"auto","background-attachment":"scroll","background-type":"","background-media":"","overlay-type":"","overlay-color":"","overlay-opacity":"","overlay-gradient":""},"mobile":{"background-color":"var(--ast-global-color-5)","background-image":"","background-repeat":"repeat","background-position":"center center","background-size":"auto","background-attachment":"scroll","background-type":"","background-media":"","overlay-type":"","overlay-color":"","overlay-opacity":"","overlay-gradient":""}},"footnotes":""},"categories":[1,29],"tags":[130],"class_list":["post-2760","post","type-post","status-publish","format-standard","has-post-thumbnail","hentry","category-general","category-portada","tag-curs-2019-2020"],"post_mailing_queue_ids":[],"_links":{"self":[{"href":"https:\/\/agora.xtec.cat\/iesjoanamigo\/wp-json\/wp\/v2\/posts\/2760","targetHints":{"allow":["GET"]}}],"collection":[{"href":"https:\/\/agora.xtec.cat\/iesjoanamigo\/wp-json\/wp\/v2\/posts"}],"about":[{"href":"https:\/\/agora.xtec.cat\/iesjoanamigo\/wp-json\/wp\/v2\/types\/post"}],"author":[{"embeddable":true,"href":"https:\/\/agora.xtec.cat\/iesjoanamigo\/wp-json\/wp\/v2\/users\/1"}],"replies":[{"embeddable":true,"href":"https:\/\/agora.xtec.cat\/iesjoanamigo\/wp-json\/wp\/v2\/comments?post=2760"}],"version-history":[{"count":1,"href":"https:\/\/agora.xtec.cat\/iesjoanamigo\/wp-json\/wp\/v2\/posts\/2760\/revisions"}],"predecessor-version":[{"id":2762,"href":"https:\/\/agora.xtec.cat\/iesjoanamigo\/wp-json\/wp\/v2\/posts\/2760\/revisions\/2762"}],"wp:featuredmedia":[{"embeddable":true,"href":"https:\/\/agora.xtec.cat\/iesjoanamigo\/wp-json\/wp\/v2\/media\/2761"}],"wp:attachment":[{"href":"https:\/\/agora.xtec.cat\/iesjoanamigo\/wp-json\/wp\/v2\/media?parent=2760"}],"wp:term":[{"taxonomy":"category","embeddable":true,"href":"https:\/\/agora.xtec.cat\/iesjoanamigo\/wp-json\/wp\/v2\/categories?post=2760"},{"taxonomy":"post_tag","embeddable":true,"href":"https:\/\/agora.xtec.cat\/iesjoanamigo\/wp-json\/wp\/v2\/tags?post=2760"}],"curies":[{"name":"wp","href":"https:\/\/api.w.org\/{rel}","templated":true}]}}