{"id":2740,"date":"2019-11-25T11:35:06","date_gmt":"2019-11-25T10:35:06","guid":{"rendered":"http:\/\/agora.xtec.cat\/iesjoanamigo\/?p=2740"},"modified":"2019-11-25T11:35:06","modified_gmt":"2019-11-25T10:35:06","slug":"migracions-forcades-coneixem-el-qui-i-el-per-que","status":"publish","type":"post","link":"https:\/\/agora.xtec.cat\/iesjoanamigo\/general\/migracions-forcades-coneixem-el-qui-i-el-per-que\/","title":{"rendered":"MIGRACIONS FOR\u00c7ADES: CONEIXEM EL QUI I EL PER QU\u00c8"},"content":{"rendered":"<p style=\"text-align: center;\"><a href=\"https:\/\/agora.xtec.cat\/iesjoanamigo\/wp-content\/uploads\/usu506\/2019\/11\/CONEIXEM-EL-QUI-I-EL-PER-QU\u00c8-DE-LES-MIGRACIONS-FOR\u00c7ADES.jpg\"><img loading=\"lazy\" decoding=\"async\" class=\"alignnone  wp-image-2741\" src=\"https:\/\/agora.xtec.cat\/iesjoanamigo\/wp-content\/uploads\/usu506\/2019\/11\/CONEIXEM-EL-QUI-I-EL-PER-QU\u00c8-DE-LES-MIGRACIONS-FOR\u00c7ADES-300x225.jpg\" alt=\"\" width=\"484\" height=\"363\" srcset=\"https:\/\/agora.xtec.cat\/iesjoanamigo\/wp-content\/uploads\/usu506\/2019\/11\/CONEIXEM-EL-QUI-I-EL-PER-QU\u00c8-DE-LES-MIGRACIONS-FOR\u00c7ADES-300x225.jpg 300w, https:\/\/agora.xtec.cat\/iesjoanamigo\/wp-content\/uploads\/usu506\/2019\/11\/CONEIXEM-EL-QUI-I-EL-PER-QU\u00c8-DE-LES-MIGRACIONS-FOR\u00c7ADES-768x576.jpg 768w, https:\/\/agora.xtec.cat\/iesjoanamigo\/wp-content\/uploads\/usu506\/2019\/11\/CONEIXEM-EL-QUI-I-EL-PER-QU\u00c8-DE-LES-MIGRACIONS-FOR\u00c7ADES-1024x768.jpg 1024w, https:\/\/agora.xtec.cat\/iesjoanamigo\/wp-content\/uploads\/usu506\/2019\/11\/CONEIXEM-EL-QUI-I-EL-PER-QU\u00c8-DE-LES-MIGRACIONS-FOR\u00c7ADES-200x150.jpg 200w\" sizes=\"auto, (max-width: 484px) 100vw, 484px\" \/><\/a><\/p>\n<p style=\"line-height: 150%; background: white;\"><span lang=\"CA\" style=\"color: #222222;\">La Creu Roja de Tarragona ha impartit a l\u2019Institut Joan Amig\u00f3, un taller de sensibilitzaci\u00f3 sobre les migracions for\u00e7ades a l\u2019alumnat de segon d\u2019ESO com a activitat pr\u00e8via a un debat organitzat en la mat\u00e8ria de CIVE.<\/span><\/p>\n<p style=\"line-height: 150%; background: white;\"><span lang=\"CA\" style=\"color: #222222;\">De manera l\u00fadica i col\u00b7laborativa, l\u2019alumnat pren consci\u00e8ncia de la realitat que viuen les persones que han de marxar del seu lloc d\u2019origen i de les causes que els empenyen a fer-ho. Aquest \u00e9s el primer pas per a prevenir actitud xen\u00f2fobes i racistes fent un exercici d\u2019empatia englobat en les explicacions te\u00f2riques, l\u2019an\u00e0lisi i la interpretaci\u00f3 de les dades que s\u2019obtenen.<\/span><\/p>\n<p style=\"line-height: 150%; background: white;\"><span lang=\"CA\" style=\"color: #222222;\">Con\u00e8ixer les causes de les migracions i distingir entre migrats i refugiats \u00e9s el primer pas abans de recon\u00e8ixer els problemes i dificultats que trobaran en el seu cam\u00ed les persones que han de deixar-ho tot enrere per salvar la seva vida. Fer un an\u00e0lisi de l\u2019actitud de les persones que podem ser acollidores provoca una reflexi\u00f3 sobre el prejudicis que, sense informaci\u00f3, podem tenir. <\/span><\/p>\n<p style=\"line-height: 150%; background: white;\"><span lang=\"CA\" style=\"color: #222222;\">El taller consta de diferents din\u00e0miques que el fan cooperatiu i utilitza metodologia activa i participativa. La col\u00b7laboraci\u00f3 de l\u2019alumnat va ser total i van extreure conclusions molt significatives d\u2019aquesta formaci\u00f3 que en classes posteriors van debatre. <\/span><\/p>\n","protected":false},"excerpt":{"rendered":"<p>La Creu Roja de Tarragona ha impartit a l\u2019Institut Joan Amig\u00f3, un taller de sensibilitzaci\u00f3 sobre les migracions for\u00e7ades a l\u2019alumnat de segon d\u2019ESO com a activitat pr\u00e8via a un debat organitzat en la mat\u00e8ria de CIVE. De manera l\u00fadica i col\u00b7laborativa, l\u2019alumnat pren consci\u00e8ncia de la realitat que viuen les persones que han de [&hellip;]<\/p>\n","protected":false},"author":1,"featured_media":2741,"comment_status":"open","ping_status":"closed","sticky":false,"template":"","format":"standard","meta":{"_bbp_topic_count":0,"_bbp_reply_count":0,"_bbp_total_topic_count":0,"_bbp_total_reply_count":0,"_bbp_voice_count":0,"_bbp_anonymous_reply_count":0,"_bbp_topic_count_hidden":0,"_bbp_reply_count_hidden":0,"_bbp_forum_subforum_count":0,"site-sidebar-layout":"default","site-content-layout":"","ast-site-content-layout":"","site-content-style":"default","site-sidebar-style":"default","ast-global-header-display":"","ast-banner-title-visibility":"","ast-main-header-display":"","ast-hfb-above-header-display":"","ast-hfb-below-header-display":"","ast-hfb-mobile-header-display":"","site-post-title":"","ast-breadcrumbs-content":"","ast-featured-img":"","footer-sml-layout":"","theme-transparent-header-meta":"","adv-header-id-meta":"","stick-header-meta":"","header-above-stick-meta":"","header-main-stick-meta":"","header-below-stick-meta":"","astra-migrate-meta-layouts":"default","ast-page-background-enabled":"default","ast-page-background-meta":{"desktop":{"background-color":"var(--ast-global-color-4)","background-image":"","background-repeat":"repeat","background-position":"center center","background-size":"auto","background-attachment":"scroll","background-type":"","background-media":"","overlay-type":"","overlay-color":"","overlay-opacity":"","overlay-gradient":""},"tablet":{"background-color":"","background-image":"","background-repeat":"repeat","background-position":"center center","background-size":"auto","background-attachment":"scroll","background-type":"","background-media":"","overlay-type":"","overlay-color":"","overlay-opacity":"","overlay-gradient":""},"mobile":{"background-color":"","background-image":"","background-repeat":"repeat","background-position":"center center","background-size":"auto","background-attachment":"scroll","background-type":"","background-media":"","overlay-type":"","overlay-color":"","overlay-opacity":"","overlay-gradient":""}},"ast-content-background-meta":{"desktop":{"background-color":"var(--ast-global-color-5)","background-image":"","background-repeat":"repeat","background-position":"center center","background-size":"auto","background-attachment":"scroll","background-type":"","background-media":"","overlay-type":"","overlay-color":"","overlay-opacity":"","overlay-gradient":""},"tablet":{"background-color":"var(--ast-global-color-5)","background-image":"","background-repeat":"repeat","background-position":"center center","background-size":"auto","background-attachment":"scroll","background-type":"","background-media":"","overlay-type":"","overlay-color":"","overlay-opacity":"","overlay-gradient":""},"mobile":{"background-color":"var(--ast-global-color-5)","background-image":"","background-repeat":"repeat","background-position":"center center","background-size":"auto","background-attachment":"scroll","background-type":"","background-media":"","overlay-type":"","overlay-color":"","overlay-opacity":"","overlay-gradient":""}},"footnotes":""},"categories":[1,29],"tags":[130],"class_list":["post-2740","post","type-post","status-publish","format-standard","has-post-thumbnail","hentry","category-general","category-portada","tag-curs-2019-2020"],"post_mailing_queue_ids":[],"_links":{"self":[{"href":"https:\/\/agora.xtec.cat\/iesjoanamigo\/wp-json\/wp\/v2\/posts\/2740","targetHints":{"allow":["GET"]}}],"collection":[{"href":"https:\/\/agora.xtec.cat\/iesjoanamigo\/wp-json\/wp\/v2\/posts"}],"about":[{"href":"https:\/\/agora.xtec.cat\/iesjoanamigo\/wp-json\/wp\/v2\/types\/post"}],"author":[{"embeddable":true,"href":"https:\/\/agora.xtec.cat\/iesjoanamigo\/wp-json\/wp\/v2\/users\/1"}],"replies":[{"embeddable":true,"href":"https:\/\/agora.xtec.cat\/iesjoanamigo\/wp-json\/wp\/v2\/comments?post=2740"}],"version-history":[{"count":1,"href":"https:\/\/agora.xtec.cat\/iesjoanamigo\/wp-json\/wp\/v2\/posts\/2740\/revisions"}],"predecessor-version":[{"id":2742,"href":"https:\/\/agora.xtec.cat\/iesjoanamigo\/wp-json\/wp\/v2\/posts\/2740\/revisions\/2742"}],"wp:featuredmedia":[{"embeddable":true,"href":"https:\/\/agora.xtec.cat\/iesjoanamigo\/wp-json\/wp\/v2\/media\/2741"}],"wp:attachment":[{"href":"https:\/\/agora.xtec.cat\/iesjoanamigo\/wp-json\/wp\/v2\/media?parent=2740"}],"wp:term":[{"taxonomy":"category","embeddable":true,"href":"https:\/\/agora.xtec.cat\/iesjoanamigo\/wp-json\/wp\/v2\/categories?post=2740"},{"taxonomy":"post_tag","embeddable":true,"href":"https:\/\/agora.xtec.cat\/iesjoanamigo\/wp-json\/wp\/v2\/tags?post=2740"}],"curies":[{"name":"wp","href":"https:\/\/api.w.org\/{rel}","templated":true}]}}