{"id":2719,"date":"2019-11-04T13:28:50","date_gmt":"2019-11-04T12:28:50","guid":{"rendered":"http:\/\/agora.xtec.cat\/iesjoanamigo\/?p=2719"},"modified":"2019-11-04T13:29:39","modified_gmt":"2019-11-04T12:29:39","slug":"taller-de-moviment-expressiu","status":"publish","type":"post","link":"https:\/\/agora.xtec.cat\/iesjoanamigo\/general\/taller-de-moviment-expressiu\/","title":{"rendered":"TALLER DE MOVIMENT EXPRESSIU"},"content":{"rendered":"<p><a href=\"https:\/\/agora.xtec.cat\/iesjoanamigo\/wp-content\/uploads\/usu506\/2019\/11\/moviment_expressiu.jpg\"><img loading=\"lazy\" decoding=\"async\" class=\"wp-image-2720 aligncenter\" src=\"https:\/\/agora.xtec.cat\/iesjoanamigo\/wp-content\/uploads\/usu506\/2019\/11\/moviment_expressiu-300x138.jpg\" alt=\"\" width=\"515\" height=\"237\" srcset=\"https:\/\/agora.xtec.cat\/iesjoanamigo\/wp-content\/uploads\/usu506\/2019\/11\/moviment_expressiu-300x138.jpg 300w, https:\/\/agora.xtec.cat\/iesjoanamigo\/wp-content\/uploads\/usu506\/2019\/11\/moviment_expressiu-768x354.jpg 768w, https:\/\/agora.xtec.cat\/iesjoanamigo\/wp-content\/uploads\/usu506\/2019\/11\/moviment_expressiu-1024x473.jpg 1024w, https:\/\/agora.xtec.cat\/iesjoanamigo\/wp-content\/uploads\/usu506\/2019\/11\/moviment_expressiu.jpg 1521w\" sizes=\"auto, (max-width: 515px) 100vw, 515px\" \/><\/a>Durant la darrera setmana d\u2019octubre es va realitzar al gimn\u00e0s del centre i en el marc horari de les classes d\u2019educaci\u00f3 f\u00edsica un taller d\u2019expressi\u00f3 corporal i moviment. La persona encarregada de dur-lo a terme fou la Gabriela S\u00e1nchez, professional de la dansa en diferents disciplines com la contempor\u00e0nia i titulada com a terapeuta psico-corporal. El seu projecte personal, anomenat <em>Expressa\u2019t<\/em>, t\u00e9 el prop\u00f2sit d\u2019acompanyar als adolescents a expressar-se lliurement com a individus, en relaci\u00f3 amb els altres, i per ajudar-los a con\u00e8ixer-se a ells mateixos i a potenciar la seva personalitat.<\/p>\n<p>El centre de totes les seves propostes \u00e9s el cos en moviment, fonamentalment la dansa i l\u2019expressi\u00f3 corporal, per b\u00e9 que tamb\u00e9 utilitza d\u2019altres recursos creatius que permeten transformar a nivell psico-social i emocional com el joc, la representaci\u00f3 esc\u00e8nica o la veu. La m\u00fasica fou un element important del taller que d\u2019alguna manera acompany\u00e0 la majoria de les activitats.<\/p>\n<p>Les diferents sessions, dirigides, a la totalitat dels alumnes d\u2019ESO del centre, comen\u00e7aven amb un treball fonamentat amb la imitaci\u00f3, en la que la Gabriela els reptava a realitzar moviments i escenificacions molt diverses, sempre adaptades a les seves caracter\u00edstiques perqu\u00e8 tothom es sent\u00eds implicat i c\u00f2mode. Despr\u00e9s d\u2019aquesta activitat inicial, donava pas a d\u2019altres propostes perqu\u00e8 els alumnes poguessin seguir desenvolupant la seva creativitat, sempre al ritme de diferents estils musicals. Al final de la sessi\u00f3 s\u2019obria la possibilitat de que els alumnes poguessin compartir l\u2019experi\u00e8ncia viscuda amb el grup.<\/p>\n<p>La Gabriela, amb els seus coneixements i simpatia, va aconseguir engrescar els alumnes, i introduir-los en una din\u00e0mica de treball molt suggerent i interessant, pel fet que no nom\u00e9s pretenia fer-los ballar, sin\u00f3 tamb\u00e9 que exploressin dintre seu a nivell creatiu i sensitiu.<\/p>\n<p>L\u2019activitat en conjunt va ser gratificant per tothom i va aconseguir l\u2019objectiu que es pretenia dintre de la mat\u00e8ria d\u2019educaci\u00f3 f\u00edsica de mostrar i experimentar amb el cos d\u2019una manera diferent a l\u2019habitual, essent d\u2019alguna manera atrevida, agradable i capa\u00e7 de generar emocions molt diverses.<\/p>\n","protected":false},"excerpt":{"rendered":"<p>Durant la darrera setmana d\u2019octubre es va realitzar al gimn\u00e0s del centre i en el marc horari de les classes d\u2019educaci\u00f3 f\u00edsica un taller d\u2019expressi\u00f3 corporal i moviment. La persona encarregada de dur-lo a terme fou la Gabriela S\u00e1nchez, professional de la dansa en diferents disciplines com la contempor\u00e0nia i titulada com a terapeuta psico-corporal. [&hellip;]<\/p>\n","protected":false},"author":1,"featured_media":2720,"comment_status":"open","ping_status":"closed","sticky":false,"template":"","format":"standard","meta":{"_bbp_topic_count":0,"_bbp_reply_count":0,"_bbp_total_topic_count":0,"_bbp_total_reply_count":0,"_bbp_voice_count":0,"_bbp_anonymous_reply_count":0,"_bbp_topic_count_hidden":0,"_bbp_reply_count_hidden":0,"_bbp_forum_subforum_count":0,"site-sidebar-layout":"default","site-content-layout":"","ast-site-content-layout":"","site-content-style":"default","site-sidebar-style":"default","ast-global-header-display":"","ast-banner-title-visibility":"","ast-main-header-display":"","ast-hfb-above-header-display":"","ast-hfb-below-header-display":"","ast-hfb-mobile-header-display":"","site-post-title":"","ast-breadcrumbs-content":"","ast-featured-img":"","footer-sml-layout":"","theme-transparent-header-meta":"","adv-header-id-meta":"","stick-header-meta":"","header-above-stick-meta":"","header-main-stick-meta":"","header-below-stick-meta":"","astra-migrate-meta-layouts":"default","ast-page-background-enabled":"default","ast-page-background-meta":{"desktop":{"background-color":"var(--ast-global-color-4)","background-image":"","background-repeat":"repeat","background-position":"center center","background-size":"auto","background-attachment":"scroll","background-type":"","background-media":"","overlay-type":"","overlay-color":"","overlay-opacity":"","overlay-gradient":""},"tablet":{"background-color":"","background-image":"","background-repeat":"repeat","background-position":"center center","background-size":"auto","background-attachment":"scroll","background-type":"","background-media":"","overlay-type":"","overlay-color":"","overlay-opacity":"","overlay-gradient":""},"mobile":{"background-color":"","background-image":"","background-repeat":"repeat","background-position":"center center","background-size":"auto","background-attachment":"scroll","background-type":"","background-media":"","overlay-type":"","overlay-color":"","overlay-opacity":"","overlay-gradient":""}},"ast-content-background-meta":{"desktop":{"background-color":"var(--ast-global-color-5)","background-image":"","background-repeat":"repeat","background-position":"center center","background-size":"auto","background-attachment":"scroll","background-type":"","background-media":"","overlay-type":"","overlay-color":"","overlay-opacity":"","overlay-gradient":""},"tablet":{"background-color":"var(--ast-global-color-5)","background-image":"","background-repeat":"repeat","background-position":"center center","background-size":"auto","background-attachment":"scroll","background-type":"","background-media":"","overlay-type":"","overlay-color":"","overlay-opacity":"","overlay-gradient":""},"mobile":{"background-color":"var(--ast-global-color-5)","background-image":"","background-repeat":"repeat","background-position":"center center","background-size":"auto","background-attachment":"scroll","background-type":"","background-media":"","overlay-type":"","overlay-color":"","overlay-opacity":"","overlay-gradient":""}},"footnotes":""},"categories":[1,29],"tags":[130],"class_list":["post-2719","post","type-post","status-publish","format-standard","has-post-thumbnail","hentry","category-general","category-portada","tag-curs-2019-2020"],"post_mailing_queue_ids":[],"_links":{"self":[{"href":"https:\/\/agora.xtec.cat\/iesjoanamigo\/wp-json\/wp\/v2\/posts\/2719","targetHints":{"allow":["GET"]}}],"collection":[{"href":"https:\/\/agora.xtec.cat\/iesjoanamigo\/wp-json\/wp\/v2\/posts"}],"about":[{"href":"https:\/\/agora.xtec.cat\/iesjoanamigo\/wp-json\/wp\/v2\/types\/post"}],"author":[{"embeddable":true,"href":"https:\/\/agora.xtec.cat\/iesjoanamigo\/wp-json\/wp\/v2\/users\/1"}],"replies":[{"embeddable":true,"href":"https:\/\/agora.xtec.cat\/iesjoanamigo\/wp-json\/wp\/v2\/comments?post=2719"}],"version-history":[{"count":2,"href":"https:\/\/agora.xtec.cat\/iesjoanamigo\/wp-json\/wp\/v2\/posts\/2719\/revisions"}],"predecessor-version":[{"id":2722,"href":"https:\/\/agora.xtec.cat\/iesjoanamigo\/wp-json\/wp\/v2\/posts\/2719\/revisions\/2722"}],"wp:featuredmedia":[{"embeddable":true,"href":"https:\/\/agora.xtec.cat\/iesjoanamigo\/wp-json\/wp\/v2\/media\/2720"}],"wp:attachment":[{"href":"https:\/\/agora.xtec.cat\/iesjoanamigo\/wp-json\/wp\/v2\/media?parent=2719"}],"wp:term":[{"taxonomy":"category","embeddable":true,"href":"https:\/\/agora.xtec.cat\/iesjoanamigo\/wp-json\/wp\/v2\/categories?post=2719"},{"taxonomy":"post_tag","embeddable":true,"href":"https:\/\/agora.xtec.cat\/iesjoanamigo\/wp-json\/wp\/v2\/tags?post=2719"}],"curies":[{"name":"wp","href":"https:\/\/api.w.org\/{rel}","templated":true}]}}