{"id":2711,"date":"2019-11-04T11:48:03","date_gmt":"2019-11-04T10:48:03","guid":{"rendered":"http:\/\/agora.xtec.cat\/iesjoanamigo\/?p=2711"},"modified":"2019-11-04T11:48:55","modified_gmt":"2019-11-04T10:48:55","slug":"taller-de-biomassa","status":"publish","type":"post","link":"https:\/\/agora.xtec.cat\/iesjoanamigo\/general\/taller-de-biomassa\/","title":{"rendered":"TALLER DE BIOMASSA"},"content":{"rendered":"<p><a href=\"https:\/\/agora.xtec.cat\/iesjoanamigo\/wp-content\/uploads\/usu506\/2019\/11\/biomassa.jpg\"><img loading=\"lazy\" decoding=\"async\" class=\" wp-image-2712 aligncenter\" src=\"https:\/\/agora.xtec.cat\/iesjoanamigo\/wp-content\/uploads\/usu506\/2019\/11\/biomassa-300x169.jpg\" alt=\"\" width=\"497\" height=\"279\" srcset=\"https:\/\/agora.xtec.cat\/iesjoanamigo\/wp-content\/uploads\/usu506\/2019\/11\/biomassa-300x169.jpg 300w, https:\/\/agora.xtec.cat\/iesjoanamigo\/wp-content\/uploads\/usu506\/2019\/11\/biomassa-768x433.jpg 768w, https:\/\/agora.xtec.cat\/iesjoanamigo\/wp-content\/uploads\/usu506\/2019\/11\/biomassa-1024x577.jpg 1024w\" sizes=\"auto, (max-width: 497px) 100vw, 497px\" \/><\/a><\/p>\n<p>El passat dimarts 29 d\u2019octubre els alumnes de 4t d\u2019ESO que realitzen optatives de l\u2019\u00e0mbit cient\u00edfic-tecnol\u00f2gic van realitzar el taller \u201cEnergia, Biomassa forestal i Canvi clim\u00e0tic\u201d, promogut per la Diputaci\u00f3 de Tarragona en el marc del projecte \u201cXarxa de Calor de Proximitat.<\/p>\n<p>Aquest projecte permetr\u00e0 escalfar edificis municipals a partir de la biomassa dels boscos i est\u00e0 cofinan\u00e7at pel FEDER (Fons Europeu de Desenvolupament Regional) de la UE.<\/p>\n<p>Els alumnes van rebre unes primeres indicacions te\u00f2riques amb l\u2019objectiu de sensibilitzar-los sobre el canvi clim\u00e0tic, els incendis, les energies renovables i la import\u00e0ncia de la gesti\u00f3 forestal sostenible. A continuaci\u00f3 van realitzar diferents experi\u00e8ncies al laboratori i al pati de l\u2019institut. Tot seguit van tancar el taller amb una sessi\u00f3 de realitat virtual.<\/p>\n<p>&nbsp;<\/p>\n<p>Rosalia Angl\u00e8s<\/p>\n<p>Professora de ci\u00e8ncies<\/p>\n","protected":false},"excerpt":{"rendered":"<p>El passat dimarts 29 d\u2019octubre els alumnes de 4t d\u2019ESO que realitzen optatives de l\u2019\u00e0mbit cient\u00edfic-tecnol\u00f2gic van realitzar el taller \u201cEnergia, Biomassa forestal i Canvi clim\u00e0tic\u201d, promogut per la Diputaci\u00f3 de Tarragona en el marc del projecte \u201cXarxa de Calor de Proximitat. Aquest projecte permetr\u00e0 escalfar edificis municipals a partir de la biomassa dels boscos [&hellip;]<\/p>\n","protected":false},"author":1,"featured_media":2712,"comment_status":"open","ping_status":"closed","sticky":false,"template":"","format":"standard","meta":{"_bbp_topic_count":0,"_bbp_reply_count":0,"_bbp_total_topic_count":0,"_bbp_total_reply_count":0,"_bbp_voice_count":0,"_bbp_anonymous_reply_count":0,"_bbp_topic_count_hidden":0,"_bbp_reply_count_hidden":0,"_bbp_forum_subforum_count":0,"site-sidebar-layout":"default","site-content-layout":"","ast-site-content-layout":"","site-content-style":"default","site-sidebar-style":"default","ast-global-header-display":"","ast-banner-title-visibility":"","ast-main-header-display":"","ast-hfb-above-header-display":"","ast-hfb-below-header-display":"","ast-hfb-mobile-header-display":"","site-post-title":"","ast-breadcrumbs-content":"","ast-featured-img":"","footer-sml-layout":"","theme-transparent-header-meta":"","adv-header-id-meta":"","stick-header-meta":"","header-above-stick-meta":"","header-main-stick-meta":"","header-below-stick-meta":"","astra-migrate-meta-layouts":"default","ast-page-background-enabled":"default","ast-page-background-meta":{"desktop":{"background-color":"var(--ast-global-color-4)","background-image":"","background-repeat":"repeat","background-position":"center center","background-size":"auto","background-attachment":"scroll","background-type":"","background-media":"","overlay-type":"","overlay-color":"","overlay-opacity":"","overlay-gradient":""},"tablet":{"background-color":"","background-image":"","background-repeat":"repeat","background-position":"center center","background-size":"auto","background-attachment":"scroll","background-type":"","background-media":"","overlay-type":"","overlay-color":"","overlay-opacity":"","overlay-gradient":""},"mobile":{"background-color":"","background-image":"","background-repeat":"repeat","background-position":"center center","background-size":"auto","background-attachment":"scroll","background-type":"","background-media":"","overlay-type":"","overlay-color":"","overlay-opacity":"","overlay-gradient":""}},"ast-content-background-meta":{"desktop":{"background-color":"var(--ast-global-color-5)","background-image":"","background-repeat":"repeat","background-position":"center center","background-size":"auto","background-attachment":"scroll","background-type":"","background-media":"","overlay-type":"","overlay-color":"","overlay-opacity":"","overlay-gradient":""},"tablet":{"background-color":"var(--ast-global-color-5)","background-image":"","background-repeat":"repeat","background-position":"center center","background-size":"auto","background-attachment":"scroll","background-type":"","background-media":"","overlay-type":"","overlay-color":"","overlay-opacity":"","overlay-gradient":""},"mobile":{"background-color":"var(--ast-global-color-5)","background-image":"","background-repeat":"repeat","background-position":"center center","background-size":"auto","background-attachment":"scroll","background-type":"","background-media":"","overlay-type":"","overlay-color":"","overlay-opacity":"","overlay-gradient":""}},"footnotes":""},"categories":[1,29],"tags":[130],"class_list":["post-2711","post","type-post","status-publish","format-standard","has-post-thumbnail","hentry","category-general","category-portada","tag-curs-2019-2020"],"post_mailing_queue_ids":[],"_links":{"self":[{"href":"https:\/\/agora.xtec.cat\/iesjoanamigo\/wp-json\/wp\/v2\/posts\/2711","targetHints":{"allow":["GET"]}}],"collection":[{"href":"https:\/\/agora.xtec.cat\/iesjoanamigo\/wp-json\/wp\/v2\/posts"}],"about":[{"href":"https:\/\/agora.xtec.cat\/iesjoanamigo\/wp-json\/wp\/v2\/types\/post"}],"author":[{"embeddable":true,"href":"https:\/\/agora.xtec.cat\/iesjoanamigo\/wp-json\/wp\/v2\/users\/1"}],"replies":[{"embeddable":true,"href":"https:\/\/agora.xtec.cat\/iesjoanamigo\/wp-json\/wp\/v2\/comments?post=2711"}],"version-history":[{"count":3,"href":"https:\/\/agora.xtec.cat\/iesjoanamigo\/wp-json\/wp\/v2\/posts\/2711\/revisions"}],"predecessor-version":[{"id":2715,"href":"https:\/\/agora.xtec.cat\/iesjoanamigo\/wp-json\/wp\/v2\/posts\/2711\/revisions\/2715"}],"wp:featuredmedia":[{"embeddable":true,"href":"https:\/\/agora.xtec.cat\/iesjoanamigo\/wp-json\/wp\/v2\/media\/2712"}],"wp:attachment":[{"href":"https:\/\/agora.xtec.cat\/iesjoanamigo\/wp-json\/wp\/v2\/media?parent=2711"}],"wp:term":[{"taxonomy":"category","embeddable":true,"href":"https:\/\/agora.xtec.cat\/iesjoanamigo\/wp-json\/wp\/v2\/categories?post=2711"},{"taxonomy":"post_tag","embeddable":true,"href":"https:\/\/agora.xtec.cat\/iesjoanamigo\/wp-json\/wp\/v2\/tags?post=2711"}],"curies":[{"name":"wp","href":"https:\/\/api.w.org\/{rel}","templated":true}]}}