{"id":2700,"date":"2019-10-28T12:16:36","date_gmt":"2019-10-28T11:16:36","guid":{"rendered":"http:\/\/agora.xtec.cat\/iesjoanamigo\/?p=2700"},"modified":"2019-10-28T12:16:52","modified_gmt":"2019-10-28T11:16:52","slug":"el-joan-amigo-visita-la-cooperativa","status":"publish","type":"post","link":"https:\/\/agora.xtec.cat\/iesjoanamigo\/general\/el-joan-amigo-visita-la-cooperativa\/","title":{"rendered":"El Joan Amig\u00f3 visita la Cooperativa"},"content":{"rendered":"<p><a href=\"https:\/\/agora.xtec.cat\/iesjoanamigo\/wp-content\/uploads\/usu506\/2019\/10\/cooperativa.jpg\"><img loading=\"lazy\" decoding=\"async\" class=\"wp-image-2701 aligncenter\" src=\"https:\/\/agora.xtec.cat\/iesjoanamigo\/wp-content\/uploads\/usu506\/2019\/10\/cooperativa-300x225.jpg\" alt=\"\" width=\"414\" height=\"310\" srcset=\"https:\/\/agora.xtec.cat\/iesjoanamigo\/wp-content\/uploads\/usu506\/2019\/10\/cooperativa-300x225.jpg 300w, https:\/\/agora.xtec.cat\/iesjoanamigo\/wp-content\/uploads\/usu506\/2019\/10\/cooperativa-768x576.jpg 768w, https:\/\/agora.xtec.cat\/iesjoanamigo\/wp-content\/uploads\/usu506\/2019\/10\/cooperativa-1024x768.jpg 1024w, https:\/\/agora.xtec.cat\/iesjoanamigo\/wp-content\/uploads\/usu506\/2019\/10\/cooperativa-200x150.jpg 200w\" sizes=\"auto, (max-width: 414px) 100vw, 414px\" \/><\/a><\/p>\n<p>4t d\u2019ESO suposa el final d\u2019una etapa i el comen\u00e7ament d\u2019una de nova, \u00e9s el moment en que els joves han de prendre decisions sobre el seu futur, han de pensar a qu\u00e8 es volen dedicar, qu\u00e8 han d\u2019estudiar per aconseguir-ho&#8230; Qualsevol informaci\u00f3, relacionada amb el m\u00f3n laboral, esdev\u00e9, doncs, important.<\/p>\n<p>Els alumnes de 4t \u00a0de l\u2019institut Joan Amig\u00f3 i Callau, han realitzat una activitat destinada a con\u00e8ixer qu\u00e8 \u00e9s una cooperativa i com s\u2019organitza. A trav\u00e9s d\u2019una xerrada-taller els joves han apr\u00e8s els valors que regeixen les cooperatives i els avantatges que suposen.<\/p>\n<p>L\u2019activitat ha acabat amb una visita al Celler de l\u2019Espluga de Francol\u00ed que ha perm\u00e8s als alumnes con\u00e8ixer les instal\u00b7lacions i veure com s\u2019elabora l\u2019oli. Tamb\u00e9 han tingut l\u2019oportunitat de degustar alguns productes espluguins.<\/p>\n<p>Tutores de 4t ESO<\/p>\n","protected":false},"excerpt":{"rendered":"<p>4t d\u2019ESO suposa el final d\u2019una etapa i el comen\u00e7ament d\u2019una de nova, \u00e9s el moment en que els joves han de prendre decisions sobre el seu futur, han de pensar a qu\u00e8 es volen dedicar, qu\u00e8 han d\u2019estudiar per aconseguir-ho&#8230; Qualsevol informaci\u00f3, relacionada amb el m\u00f3n laboral, esdev\u00e9, doncs, important. Els alumnes de 4t [&hellip;]<\/p>\n","protected":false},"author":1,"featured_media":2701,"comment_status":"open","ping_status":"closed","sticky":false,"template":"","format":"standard","meta":{"_bbp_topic_count":0,"_bbp_reply_count":0,"_bbp_total_topic_count":0,"_bbp_total_reply_count":0,"_bbp_voice_count":0,"_bbp_anonymous_reply_count":0,"_bbp_topic_count_hidden":0,"_bbp_reply_count_hidden":0,"_bbp_forum_subforum_count":0,"site-sidebar-layout":"default","site-content-layout":"","ast-site-content-layout":"","site-content-style":"default","site-sidebar-style":"default","ast-global-header-display":"","ast-banner-title-visibility":"","ast-main-header-display":"","ast-hfb-above-header-display":"","ast-hfb-below-header-display":"","ast-hfb-mobile-header-display":"","site-post-title":"","ast-breadcrumbs-content":"","ast-featured-img":"","footer-sml-layout":"","theme-transparent-header-meta":"","adv-header-id-meta":"","stick-header-meta":"","header-above-stick-meta":"","header-main-stick-meta":"","header-below-stick-meta":"","astra-migrate-meta-layouts":"default","ast-page-background-enabled":"default","ast-page-background-meta":{"desktop":{"background-color":"var(--ast-global-color-4)","background-image":"","background-repeat":"repeat","background-position":"center center","background-size":"auto","background-attachment":"scroll","background-type":"","background-media":"","overlay-type":"","overlay-color":"","overlay-opacity":"","overlay-gradient":""},"tablet":{"background-color":"","background-image":"","background-repeat":"repeat","background-position":"center center","background-size":"auto","background-attachment":"scroll","background-type":"","background-media":"","overlay-type":"","overlay-color":"","overlay-opacity":"","overlay-gradient":""},"mobile":{"background-color":"","background-image":"","background-repeat":"repeat","background-position":"center center","background-size":"auto","background-attachment":"scroll","background-type":"","background-media":"","overlay-type":"","overlay-color":"","overlay-opacity":"","overlay-gradient":""}},"ast-content-background-meta":{"desktop":{"background-color":"var(--ast-global-color-5)","background-image":"","background-repeat":"repeat","background-position":"center center","background-size":"auto","background-attachment":"scroll","background-type":"","background-media":"","overlay-type":"","overlay-color":"","overlay-opacity":"","overlay-gradient":""},"tablet":{"background-color":"var(--ast-global-color-5)","background-image":"","background-repeat":"repeat","background-position":"center center","background-size":"auto","background-attachment":"scroll","background-type":"","background-media":"","overlay-type":"","overlay-color":"","overlay-opacity":"","overlay-gradient":""},"mobile":{"background-color":"var(--ast-global-color-5)","background-image":"","background-repeat":"repeat","background-position":"center center","background-size":"auto","background-attachment":"scroll","background-type":"","background-media":"","overlay-type":"","overlay-color":"","overlay-opacity":"","overlay-gradient":""}},"footnotes":""},"categories":[1,29],"tags":[130],"class_list":["post-2700","post","type-post","status-publish","format-standard","has-post-thumbnail","hentry","category-general","category-portada","tag-curs-2019-2020"],"post_mailing_queue_ids":[],"_links":{"self":[{"href":"https:\/\/agora.xtec.cat\/iesjoanamigo\/wp-json\/wp\/v2\/posts\/2700","targetHints":{"allow":["GET"]}}],"collection":[{"href":"https:\/\/agora.xtec.cat\/iesjoanamigo\/wp-json\/wp\/v2\/posts"}],"about":[{"href":"https:\/\/agora.xtec.cat\/iesjoanamigo\/wp-json\/wp\/v2\/types\/post"}],"author":[{"embeddable":true,"href":"https:\/\/agora.xtec.cat\/iesjoanamigo\/wp-json\/wp\/v2\/users\/1"}],"replies":[{"embeddable":true,"href":"https:\/\/agora.xtec.cat\/iesjoanamigo\/wp-json\/wp\/v2\/comments?post=2700"}],"version-history":[{"count":2,"href":"https:\/\/agora.xtec.cat\/iesjoanamigo\/wp-json\/wp\/v2\/posts\/2700\/revisions"}],"predecessor-version":[{"id":2703,"href":"https:\/\/agora.xtec.cat\/iesjoanamigo\/wp-json\/wp\/v2\/posts\/2700\/revisions\/2703"}],"wp:featuredmedia":[{"embeddable":true,"href":"https:\/\/agora.xtec.cat\/iesjoanamigo\/wp-json\/wp\/v2\/media\/2701"}],"wp:attachment":[{"href":"https:\/\/agora.xtec.cat\/iesjoanamigo\/wp-json\/wp\/v2\/media?parent=2700"}],"wp:term":[{"taxonomy":"category","embeddable":true,"href":"https:\/\/agora.xtec.cat\/iesjoanamigo\/wp-json\/wp\/v2\/categories?post=2700"},{"taxonomy":"post_tag","embeddable":true,"href":"https:\/\/agora.xtec.cat\/iesjoanamigo\/wp-json\/wp\/v2\/tags?post=2700"}],"curies":[{"name":"wp","href":"https:\/\/api.w.org\/{rel}","templated":true}]}}