{"id":2690,"date":"2019-10-28T11:33:03","date_gmt":"2019-10-28T10:33:03","guid":{"rendered":"http:\/\/agora.xtec.cat\/iesjoanamigo\/?p=2690"},"modified":"2019-10-28T11:33:55","modified_gmt":"2019-10-28T10:33:55","slug":"visita-al-museu-de-matematiques-de-catalunya","status":"publish","type":"post","link":"https:\/\/agora.xtec.cat\/iesjoanamigo\/general\/visita-al-museu-de-matematiques-de-catalunya\/","title":{"rendered":"Visita al Museu de Matem\u00e0tiques de Catalunya"},"content":{"rendered":"<p><a href=\"https:\/\/agora.xtec.cat\/iesjoanamigo\/wp-content\/uploads\/usu506\/2019\/10\/MMCA.jpg\"><img loading=\"lazy\" decoding=\"async\" class=\" wp-image-2691\" src=\"https:\/\/agora.xtec.cat\/iesjoanamigo\/wp-content\/uploads\/usu506\/2019\/10\/MMCA-300x169.jpg\" alt=\"\" width=\"541\" height=\"305\" srcset=\"https:\/\/agora.xtec.cat\/iesjoanamigo\/wp-content\/uploads\/usu506\/2019\/10\/MMCA-300x169.jpg 300w, https:\/\/agora.xtec.cat\/iesjoanamigo\/wp-content\/uploads\/usu506\/2019\/10\/MMCA-768x433.jpg 768w, https:\/\/agora.xtec.cat\/iesjoanamigo\/wp-content\/uploads\/usu506\/2019\/10\/MMCA-1024x577.jpg 1024w\" sizes=\"auto, (max-width: 541px) 100vw, 541px\" \/><\/a><\/p>\n<p>L\u2019alumnat de 3r d\u2019ESO de l\u2019Institut Joan Amig\u00f3 i Callau va realitzar una sortida a Barcelona, organitzada pels Departaments de Ci\u00e8ncies i Matem\u00e0tiques.<\/p>\n<p>Durant el mat\u00ed van visitar el Museu de Matem\u00e0tiques de Catalunya (MMACA), que es troba a Cornell\u00e0 i t\u00e9 com a lema \u201cProhibit no tocar\u201d. Els alumnes van descobrir conceptes matem\u00e0tics mitjan\u00e7ant l\u2019observaci\u00f3 i la manipulaci\u00f3, resolent diferents reptes que els proposava el guia.<\/p>\n<p>Per a tarda van visitar l\u2019exposici\u00f3 \u201cHuman Bodies\u201d, formada per diverses parts del cos hum\u00e0 aix\u00ed com cossos sencers disseccionats, que han estat sotmesos a un proc\u00e9s de plastificaci\u00f3. Ajudats per audioguies, els alumnes van poder observar com estem constitu\u00efts per dins, i entendre la complexa estructura i funcionament del cos hum\u00e0.<\/p>\n","protected":false},"excerpt":{"rendered":"<p>L\u2019alumnat de 3r d\u2019ESO de l\u2019Institut Joan Amig\u00f3 i Callau va realitzar una sortida a Barcelona, organitzada pels Departaments de Ci\u00e8ncies i Matem\u00e0tiques. Durant el mat\u00ed van visitar el Museu de Matem\u00e0tiques de Catalunya (MMACA), que es troba a Cornell\u00e0 i t\u00e9 com a lema \u201cProhibit no tocar\u201d. Els alumnes van descobrir conceptes matem\u00e0tics mitjan\u00e7ant [&hellip;]<\/p>\n","protected":false},"author":1,"featured_media":2691,"comment_status":"open","ping_status":"closed","sticky":false,"template":"","format":"standard","meta":{"_bbp_topic_count":0,"_bbp_reply_count":0,"_bbp_total_topic_count":0,"_bbp_total_reply_count":0,"_bbp_voice_count":0,"_bbp_anonymous_reply_count":0,"_bbp_topic_count_hidden":0,"_bbp_reply_count_hidden":0,"_bbp_forum_subforum_count":0,"site-sidebar-layout":"default","site-content-layout":"","ast-site-content-layout":"","site-content-style":"default","site-sidebar-style":"default","ast-global-header-display":"","ast-banner-title-visibility":"","ast-main-header-display":"","ast-hfb-above-header-display":"","ast-hfb-below-header-display":"","ast-hfb-mobile-header-display":"","site-post-title":"","ast-breadcrumbs-content":"","ast-featured-img":"","footer-sml-layout":"","theme-transparent-header-meta":"","adv-header-id-meta":"","stick-header-meta":"","header-above-stick-meta":"","header-main-stick-meta":"","header-below-stick-meta":"","astra-migrate-meta-layouts":"default","ast-page-background-enabled":"default","ast-page-background-meta":{"desktop":{"background-color":"var(--ast-global-color-4)","background-image":"","background-repeat":"repeat","background-position":"center center","background-size":"auto","background-attachment":"scroll","background-type":"","background-media":"","overlay-type":"","overlay-color":"","overlay-opacity":"","overlay-gradient":""},"tablet":{"background-color":"","background-image":"","background-repeat":"repeat","background-position":"center center","background-size":"auto","background-attachment":"scroll","background-type":"","background-media":"","overlay-type":"","overlay-color":"","overlay-opacity":"","overlay-gradient":""},"mobile":{"background-color":"","background-image":"","background-repeat":"repeat","background-position":"center center","background-size":"auto","background-attachment":"scroll","background-type":"","background-media":"","overlay-type":"","overlay-color":"","overlay-opacity":"","overlay-gradient":""}},"ast-content-background-meta":{"desktop":{"background-color":"var(--ast-global-color-5)","background-image":"","background-repeat":"repeat","background-position":"center center","background-size":"auto","background-attachment":"scroll","background-type":"","background-media":"","overlay-type":"","overlay-color":"","overlay-opacity":"","overlay-gradient":""},"tablet":{"background-color":"var(--ast-global-color-5)","background-image":"","background-repeat":"repeat","background-position":"center center","background-size":"auto","background-attachment":"scroll","background-type":"","background-media":"","overlay-type":"","overlay-color":"","overlay-opacity":"","overlay-gradient":""},"mobile":{"background-color":"var(--ast-global-color-5)","background-image":"","background-repeat":"repeat","background-position":"center center","background-size":"auto","background-attachment":"scroll","background-type":"","background-media":"","overlay-type":"","overlay-color":"","overlay-opacity":"","overlay-gradient":""}},"footnotes":""},"categories":[1,29],"tags":[130],"class_list":["post-2690","post","type-post","status-publish","format-standard","has-post-thumbnail","hentry","category-general","category-portada","tag-curs-2019-2020"],"post_mailing_queue_ids":[],"_links":{"self":[{"href":"https:\/\/agora.xtec.cat\/iesjoanamigo\/wp-json\/wp\/v2\/posts\/2690","targetHints":{"allow":["GET"]}}],"collection":[{"href":"https:\/\/agora.xtec.cat\/iesjoanamigo\/wp-json\/wp\/v2\/posts"}],"about":[{"href":"https:\/\/agora.xtec.cat\/iesjoanamigo\/wp-json\/wp\/v2\/types\/post"}],"author":[{"embeddable":true,"href":"https:\/\/agora.xtec.cat\/iesjoanamigo\/wp-json\/wp\/v2\/users\/1"}],"replies":[{"embeddable":true,"href":"https:\/\/agora.xtec.cat\/iesjoanamigo\/wp-json\/wp\/v2\/comments?post=2690"}],"version-history":[{"count":1,"href":"https:\/\/agora.xtec.cat\/iesjoanamigo\/wp-json\/wp\/v2\/posts\/2690\/revisions"}],"predecessor-version":[{"id":2692,"href":"https:\/\/agora.xtec.cat\/iesjoanamigo\/wp-json\/wp\/v2\/posts\/2690\/revisions\/2692"}],"wp:featuredmedia":[{"embeddable":true,"href":"https:\/\/agora.xtec.cat\/iesjoanamigo\/wp-json\/wp\/v2\/media\/2691"}],"wp:attachment":[{"href":"https:\/\/agora.xtec.cat\/iesjoanamigo\/wp-json\/wp\/v2\/media?parent=2690"}],"wp:term":[{"taxonomy":"category","embeddable":true,"href":"https:\/\/agora.xtec.cat\/iesjoanamigo\/wp-json\/wp\/v2\/categories?post=2690"},{"taxonomy":"post_tag","embeddable":true,"href":"https:\/\/agora.xtec.cat\/iesjoanamigo\/wp-json\/wp\/v2\/tags?post=2690"}],"curies":[{"name":"wp","href":"https:\/\/api.w.org\/{rel}","templated":true}]}}