{"id":2685,"date":"2019-10-28T11:26:27","date_gmt":"2019-10-28T10:26:27","guid":{"rendered":"http:\/\/agora.xtec.cat\/iesjoanamigo\/?p=2685"},"modified":"2019-10-28T11:28:07","modified_gmt":"2019-10-28T10:28:07","slug":"tutories-entre-iguals-a-linstitut","status":"publish","type":"post","link":"https:\/\/agora.xtec.cat\/iesjoanamigo\/general\/tutories-entre-iguals-a-linstitut\/","title":{"rendered":"Tutories entre iguals a l&#8217;institut"},"content":{"rendered":"<p><a href=\"https:\/\/agora.xtec.cat\/iesjoanamigo\/wp-content\/uploads\/usu506\/2019\/10\/Activitats-coordinades.jpg\"><img loading=\"lazy\" decoding=\"async\" class=\" wp-image-2688 aligncenter\" src=\"https:\/\/agora.xtec.cat\/iesjoanamigo\/wp-content\/uploads\/usu506\/2019\/10\/Activitats-coordinades-300x225.jpg\" alt=\"\" width=\"452\" height=\"339\" srcset=\"https:\/\/agora.xtec.cat\/iesjoanamigo\/wp-content\/uploads\/usu506\/2019\/10\/Activitats-coordinades-300x225.jpg 300w, https:\/\/agora.xtec.cat\/iesjoanamigo\/wp-content\/uploads\/usu506\/2019\/10\/Activitats-coordinades-768x576.jpg 768w, https:\/\/agora.xtec.cat\/iesjoanamigo\/wp-content\/uploads\/usu506\/2019\/10\/Activitats-coordinades-1024x768.jpg 1024w, https:\/\/agora.xtec.cat\/iesjoanamigo\/wp-content\/uploads\/usu506\/2019\/10\/Activitats-coordinades-200x150.jpg 200w, https:\/\/agora.xtec.cat\/iesjoanamigo\/wp-content\/uploads\/usu506\/2019\/10\/Activitats-coordinades.jpg 1844w\" sizes=\"auto, (max-width: 452px) 100vw, 452px\" \/><\/a><\/p>\n<p><strong>UNA RECEPTA EDUCATIVA FARCIDA DE VALORS, DE PREVENCI\u00d3 DE CONFLICTES I\u00a0 DE BONA CONVIV\u00c8NCIA <\/strong><\/p>\n<p>Dins el Programa de Mediaci\u00f3 escolar de l\u2019INS Jan Amig\u00f3, es contempla el desenvolupament d\u2019un projecte que s\u2019imparteix dins la mat\u00e8ria de <strong>Cultura i Valors \u00c8tics i de Mediaci\u00f3 escolar entre iguals. <\/strong>Aquest projecte t\u00e9 com a Objectiu principal dotar a l\u2019alumnat d\u2019eines per poder resoldre els seus conflictes sense l\u2019\u00fas de la viol\u00e8ncia, eines per poder comprendre la necessitat de relacionar-se de forma pac\u00edfica, eines per entendre que guanyar no \u00e9s\u00a0 el mateix que fer sempre el que un vol, eines per afavorir un di\u00e0leg, en definitiva:<\/p>\n<p><strong>EINES PER A CONVIURE JUNTS I ENTENDRE LA DIFER\u00c8NCIA COM A POSITIVA I ENRIQUIDORA.<\/strong><\/p>\n<p>\u00c9s a trav\u00e9s de <strong>la interacci\u00f3 amb altres<\/strong> que se\u2019ns obren conflictes cognitius que ens fan aprendre. Per\u00f2 a m\u00e9s, sabem que en determinades circumst\u00e0ncies els mateixos alumnes poden fer de mediadors i ajudar-se uns als altres. Tots hem apr\u00e8s de companys de l\u2019escola, o del treball.\u00a0El que en diem, aprenentatge entre iguals.<\/p>\n<p>Tanmateix, aquest \u00e9s el segon curs escolar on el vertader protagonista tornar\u00e0 a ser l\u2019alumnat i el contingut que prevaldr\u00e0 ser\u00e0 el de la cohesi\u00f3 social del petit grup i l\u2019orientaci\u00f3 i seguiment en la resoluci\u00f3 dels conflictes. Tot aix\u00f2, a trav\u00e9s de la mediaci\u00f3 entre ells i el seguiment tutorial.<\/p>\n<p>La primera trobada d\u2019aquest curs entre els Mediadors-Tutors de 4t ESO (Mediadors JAC\u2019s) i els seus tutorats (l\u2019alumnat de 1r ESO), ha estat el passat dimecres dia 9 d\u2019octubre. Els Mediadors JAC\u2019s\u00a0 tutoritzaran i acompanyaran a l\u2019alumnat de 1r ESO durant tot el curs escolar. Cada parella de \u00a0tutors JAC\u2019S t\u00e9 al seu c\u00e0rrec 5-6 alumnes de 1r i les sessions de tutoritzaci\u00f3 es desenvolupen durant l\u2019 hora de tutoria grupal o a l\u2019hora del pati.<\/p>\n<p><strong>L\u2019alumnat mediador JAC\u2019s de 4t t\u00e9 com a objectius principals:<\/strong><\/p>\n<ul>\n<li>Ubicar l\u2019alumne de 1r al centre i al funcionament del mateix. Aclarir dubtes, refor\u00e7ar <span style=\"font-family: inherit; font-size: 1em;\">les funcions del tutor de grup i del personal.<\/span><\/li>\n<li>Crear cohesi\u00f3 de grup a trav\u00e9s de din\u00e0miques de grup per al\u00a0 coneixement i acceptaci\u00f3 de la diversitat del petit grup. Tractar la difer\u00e8ncia com a enriquiment.<\/li>\n<li>Ajudar l\u2019alumnat tutorat de 1r a trav\u00e9s del di\u00e0leg, creant cohesi\u00f3 de grup, estimulant la pertinen\u00e7a a un grupet i desenvolupant diferents estrat\u00e8gies comunicatives i d\u2019interrelaci\u00f3.<\/li>\n<\/ul>\n<p>Tanmateix, treballaran tots junts entenent que no nom\u00e9s l\u2019alumne tutorat apr\u00e8n \u2013pel suport tutorial personalitzada que rep del seu company tutor-, sin\u00f3 que el tutor JAC\u2019S se\u2019n beneficia i molt, perqu\u00e8 <strong>ensenyar \u00e9s la millor manera d\u2019aprendre.<\/strong><\/p>\n<p><strong>Gemma Palau. Servei de Mediaci\u00f3 <\/strong><\/p>\n","protected":false},"excerpt":{"rendered":"<p>UNA RECEPTA EDUCATIVA FARCIDA DE VALORS, DE PREVENCI\u00d3 DE CONFLICTES I\u00a0 DE BONA CONVIV\u00c8NCIA Dins el Programa de Mediaci\u00f3 escolar de l\u2019INS Jan Amig\u00f3, es contempla el desenvolupament d\u2019un projecte que s\u2019imparteix dins la mat\u00e8ria de Cultura i Valors \u00c8tics i de Mediaci\u00f3 escolar entre iguals. Aquest projecte t\u00e9 com a Objectiu principal dotar a [&hellip;]<\/p>\n","protected":false},"author":1,"featured_media":2688,"comment_status":"open","ping_status":"closed","sticky":false,"template":"","format":"standard","meta":{"_bbp_topic_count":0,"_bbp_reply_count":0,"_bbp_total_topic_count":0,"_bbp_total_reply_count":0,"_bbp_voice_count":0,"_bbp_anonymous_reply_count":0,"_bbp_topic_count_hidden":0,"_bbp_reply_count_hidden":0,"_bbp_forum_subforum_count":0,"site-sidebar-layout":"default","site-content-layout":"","ast-site-content-layout":"","site-content-style":"default","site-sidebar-style":"default","ast-global-header-display":"","ast-banner-title-visibility":"","ast-main-header-display":"","ast-hfb-above-header-display":"","ast-hfb-below-header-display":"","ast-hfb-mobile-header-display":"","site-post-title":"","ast-breadcrumbs-content":"","ast-featured-img":"","footer-sml-layout":"","theme-transparent-header-meta":"","adv-header-id-meta":"","stick-header-meta":"","header-above-stick-meta":"","header-main-stick-meta":"","header-below-stick-meta":"","astra-migrate-meta-layouts":"default","ast-page-background-enabled":"default","ast-page-background-meta":{"desktop":{"background-color":"var(--ast-global-color-4)","background-image":"","background-repeat":"repeat","background-position":"center center","background-size":"auto","background-attachment":"scroll","background-type":"","background-media":"","overlay-type":"","overlay-color":"","overlay-opacity":"","overlay-gradient":""},"tablet":{"background-color":"","background-image":"","background-repeat":"repeat","background-position":"center center","background-size":"auto","background-attachment":"scroll","background-type":"","background-media":"","overlay-type":"","overlay-color":"","overlay-opacity":"","overlay-gradient":""},"mobile":{"background-color":"","background-image":"","background-repeat":"repeat","background-position":"center center","background-size":"auto","background-attachment":"scroll","background-type":"","background-media":"","overlay-type":"","overlay-color":"","overlay-opacity":"","overlay-gradient":""}},"ast-content-background-meta":{"desktop":{"background-color":"var(--ast-global-color-5)","background-image":"","background-repeat":"repeat","background-position":"center center","background-size":"auto","background-attachment":"scroll","background-type":"","background-media":"","overlay-type":"","overlay-color":"","overlay-opacity":"","overlay-gradient":""},"tablet":{"background-color":"var(--ast-global-color-5)","background-image":"","background-repeat":"repeat","background-position":"center center","background-size":"auto","background-attachment":"scroll","background-type":"","background-media":"","overlay-type":"","overlay-color":"","overlay-opacity":"","overlay-gradient":""},"mobile":{"background-color":"var(--ast-global-color-5)","background-image":"","background-repeat":"repeat","background-position":"center center","background-size":"auto","background-attachment":"scroll","background-type":"","background-media":"","overlay-type":"","overlay-color":"","overlay-opacity":"","overlay-gradient":""}},"footnotes":""},"categories":[1,29],"tags":[130],"class_list":["post-2685","post","type-post","status-publish","format-standard","has-post-thumbnail","hentry","category-general","category-portada","tag-curs-2019-2020"],"post_mailing_queue_ids":[],"_links":{"self":[{"href":"https:\/\/agora.xtec.cat\/iesjoanamigo\/wp-json\/wp\/v2\/posts\/2685","targetHints":{"allow":["GET"]}}],"collection":[{"href":"https:\/\/agora.xtec.cat\/iesjoanamigo\/wp-json\/wp\/v2\/posts"}],"about":[{"href":"https:\/\/agora.xtec.cat\/iesjoanamigo\/wp-json\/wp\/v2\/types\/post"}],"author":[{"embeddable":true,"href":"https:\/\/agora.xtec.cat\/iesjoanamigo\/wp-json\/wp\/v2\/users\/1"}],"replies":[{"embeddable":true,"href":"https:\/\/agora.xtec.cat\/iesjoanamigo\/wp-json\/wp\/v2\/comments?post=2685"}],"version-history":[{"count":2,"href":"https:\/\/agora.xtec.cat\/iesjoanamigo\/wp-json\/wp\/v2\/posts\/2685\/revisions"}],"predecessor-version":[{"id":2689,"href":"https:\/\/agora.xtec.cat\/iesjoanamigo\/wp-json\/wp\/v2\/posts\/2685\/revisions\/2689"}],"wp:featuredmedia":[{"embeddable":true,"href":"https:\/\/agora.xtec.cat\/iesjoanamigo\/wp-json\/wp\/v2\/media\/2688"}],"wp:attachment":[{"href":"https:\/\/agora.xtec.cat\/iesjoanamigo\/wp-json\/wp\/v2\/media?parent=2685"}],"wp:term":[{"taxonomy":"category","embeddable":true,"href":"https:\/\/agora.xtec.cat\/iesjoanamigo\/wp-json\/wp\/v2\/categories?post=2685"},{"taxonomy":"post_tag","embeddable":true,"href":"https:\/\/agora.xtec.cat\/iesjoanamigo\/wp-json\/wp\/v2\/tags?post=2685"}],"curies":[{"name":"wp","href":"https:\/\/api.w.org\/{rel}","templated":true}]}}