{"id":2631,"date":"2019-10-02T10:47:48","date_gmt":"2019-10-02T08:47:48","guid":{"rendered":"http:\/\/agora.xtec.cat\/iesjoanamigo\/?p=2631"},"modified":"2019-10-02T11:27:56","modified_gmt":"2019-10-02T09:27:56","slug":"lins-joan-amigo-participa-a-les-olimpiades-cientifiques","status":"publish","type":"post","link":"https:\/\/agora.xtec.cat\/iesjoanamigo\/general\/lins-joan-amigo-participa-a-les-olimpiades-cientifiques\/","title":{"rendered":"L\u2019INS Joan Amig\u00f3 participa a les Olimp\u00edades Cient\u00edfiques"},"content":{"rendered":"<p>&nbsp;<\/p>\n<p><a href=\"https:\/\/agora.xtec.cat\/iesjoanamigo\/wp-content\/uploads\/usu506\/2019\/10\/IMG_20190927_164451.jpg\"><img loading=\"lazy\" decoding=\"async\" class=\" wp-image-2632\" src=\"https:\/\/agora.xtec.cat\/iesjoanamigo\/wp-content\/uploads\/usu506\/2019\/10\/IMG_20190927_164451-1024x577.jpg\" alt=\"\" width=\"664\" height=\"374\" srcset=\"https:\/\/agora.xtec.cat\/iesjoanamigo\/wp-content\/uploads\/usu506\/2019\/10\/IMG_20190927_164451-1024x577.jpg 1024w, https:\/\/agora.xtec.cat\/iesjoanamigo\/wp-content\/uploads\/usu506\/2019\/10\/IMG_20190927_164451-300x169.jpg 300w, https:\/\/agora.xtec.cat\/iesjoanamigo\/wp-content\/uploads\/usu506\/2019\/10\/IMG_20190927_164451-768x433.jpg 768w\" sizes=\"auto, (max-width: 664px) 100vw, 664px\" \/><\/a><\/p>\n<p>Una representaci\u00f3 de 9 alumnes de l\u2019INS Joan Amig\u00f3 van participar aquest passat divendres 27<br \/>\nde setembre a la Fase Auton\u00f2mica de les primeres Olimp\u00edades Cient\u00edfiques Juvenils,<br \/>\norganitzades per l\u2019organitzaci\u00f3 QuinteScience. Les proves van tenir lloc a la Facultat de F\u00edsica i<br \/>\nQu\u00edmica de la Universitat de Barcelona, on els alumnes van haver des respondre un total de 45<br \/>\npreguntes relacionades amb continguts de biologia, f\u00edsica i qu\u00edmica o tecnologia.<br \/>\nDurant la presentaci\u00f3 de l\u2019acte, els alumnes van ser obsequiats amb unes ulleres de difracci\u00f3,<br \/>\namb les quals van poder gaudir observant l\u2019espectre de llum.<br \/>\nAra ens toca esperar els resultats. L\u2019equip guanyador de la Fase Auton\u00f2mica es podr\u00e0<br \/>\npresentar a la fase estatal que tindr\u00e0 lloc a Gal\u00edcia, amb l\u2019opci\u00f3 d\u2019anar a la Fase Munidal que<br \/>\ntindr\u00e0 lloc a Qatar. Us mantindrem informats.<\/p>\n<p>Rosalia Angl\u00e8s i Virg\u00ednia Carmona<\/p>\n","protected":false},"excerpt":{"rendered":"<p>&nbsp; Una representaci\u00f3 de 9 alumnes de l\u2019INS Joan Amig\u00f3 van participar aquest passat divendres 27 de setembre a la Fase Auton\u00f2mica de les primeres Olimp\u00edades Cient\u00edfiques Juvenils, organitzades per l\u2019organitzaci\u00f3 QuinteScience. Les proves van tenir lloc a la Facultat de F\u00edsica i Qu\u00edmica de la Universitat de Barcelona, on els alumnes van haver des [&hellip;]<\/p>\n","protected":false},"author":1,"featured_media":2632,"comment_status":"open","ping_status":"closed","sticky":false,"template":"","format":"standard","meta":{"_bbp_topic_count":0,"_bbp_reply_count":0,"_bbp_total_topic_count":0,"_bbp_total_reply_count":0,"_bbp_voice_count":0,"_bbp_anonymous_reply_count":0,"_bbp_topic_count_hidden":0,"_bbp_reply_count_hidden":0,"_bbp_forum_subforum_count":0,"site-sidebar-layout":"default","site-content-layout":"","ast-site-content-layout":"","site-content-style":"default","site-sidebar-style":"default","ast-global-header-display":"","ast-banner-title-visibility":"","ast-main-header-display":"","ast-hfb-above-header-display":"","ast-hfb-below-header-display":"","ast-hfb-mobile-header-display":"","site-post-title":"","ast-breadcrumbs-content":"","ast-featured-img":"","footer-sml-layout":"","theme-transparent-header-meta":"","adv-header-id-meta":"","stick-header-meta":"","header-above-stick-meta":"","header-main-stick-meta":"","header-below-stick-meta":"","astra-migrate-meta-layouts":"default","ast-page-background-enabled":"default","ast-page-background-meta":{"desktop":{"background-color":"var(--ast-global-color-4)","background-image":"","background-repeat":"repeat","background-position":"center center","background-size":"auto","background-attachment":"scroll","background-type":"","background-media":"","overlay-type":"","overlay-color":"","overlay-opacity":"","overlay-gradient":""},"tablet":{"background-color":"","background-image":"","background-repeat":"repeat","background-position":"center center","background-size":"auto","background-attachment":"scroll","background-type":"","background-media":"","overlay-type":"","overlay-color":"","overlay-opacity":"","overlay-gradient":""},"mobile":{"background-color":"","background-image":"","background-repeat":"repeat","background-position":"center center","background-size":"auto","background-attachment":"scroll","background-type":"","background-media":"","overlay-type":"","overlay-color":"","overlay-opacity":"","overlay-gradient":""}},"ast-content-background-meta":{"desktop":{"background-color":"var(--ast-global-color-5)","background-image":"","background-repeat":"repeat","background-position":"center center","background-size":"auto","background-attachment":"scroll","background-type":"","background-media":"","overlay-type":"","overlay-color":"","overlay-opacity":"","overlay-gradient":""},"tablet":{"background-color":"var(--ast-global-color-5)","background-image":"","background-repeat":"repeat","background-position":"center center","background-size":"auto","background-attachment":"scroll","background-type":"","background-media":"","overlay-type":"","overlay-color":"","overlay-opacity":"","overlay-gradient":""},"mobile":{"background-color":"var(--ast-global-color-5)","background-image":"","background-repeat":"repeat","background-position":"center center","background-size":"auto","background-attachment":"scroll","background-type":"","background-media":"","overlay-type":"","overlay-color":"","overlay-opacity":"","overlay-gradient":""}},"footnotes":""},"categories":[1,29],"tags":[130],"class_list":["post-2631","post","type-post","status-publish","format-standard","has-post-thumbnail","hentry","category-general","category-portada","tag-curs-2019-2020"],"post_mailing_queue_ids":[],"_links":{"self":[{"href":"https:\/\/agora.xtec.cat\/iesjoanamigo\/wp-json\/wp\/v2\/posts\/2631","targetHints":{"allow":["GET"]}}],"collection":[{"href":"https:\/\/agora.xtec.cat\/iesjoanamigo\/wp-json\/wp\/v2\/posts"}],"about":[{"href":"https:\/\/agora.xtec.cat\/iesjoanamigo\/wp-json\/wp\/v2\/types\/post"}],"author":[{"embeddable":true,"href":"https:\/\/agora.xtec.cat\/iesjoanamigo\/wp-json\/wp\/v2\/users\/1"}],"replies":[{"embeddable":true,"href":"https:\/\/agora.xtec.cat\/iesjoanamigo\/wp-json\/wp\/v2\/comments?post=2631"}],"version-history":[{"count":3,"href":"https:\/\/agora.xtec.cat\/iesjoanamigo\/wp-json\/wp\/v2\/posts\/2631\/revisions"}],"predecessor-version":[{"id":2652,"href":"https:\/\/agora.xtec.cat\/iesjoanamigo\/wp-json\/wp\/v2\/posts\/2631\/revisions\/2652"}],"wp:featuredmedia":[{"embeddable":true,"href":"https:\/\/agora.xtec.cat\/iesjoanamigo\/wp-json\/wp\/v2\/media\/2632"}],"wp:attachment":[{"href":"https:\/\/agora.xtec.cat\/iesjoanamigo\/wp-json\/wp\/v2\/media?parent=2631"}],"wp:term":[{"taxonomy":"category","embeddable":true,"href":"https:\/\/agora.xtec.cat\/iesjoanamigo\/wp-json\/wp\/v2\/categories?post=2631"},{"taxonomy":"post_tag","embeddable":true,"href":"https:\/\/agora.xtec.cat\/iesjoanamigo\/wp-json\/wp\/v2\/tags?post=2631"}],"curies":[{"name":"wp","href":"https:\/\/api.w.org\/{rel}","templated":true}]}}